{"id":227852,"date":"2024-06-27T10:26:00","date_gmt":"2024-06-27T08:26:00","guid":{"rendered":"https:\/\/www.tucomarca.com\/wordpress\/segunda\/?p=227852"},"modified":"2024-06-27T21:52:24","modified_gmt":"2024-06-27T19:52:24","slug":"el-gal-rurable-hace-entrega-de-las-ayudas-a-los-beneficiarios-de-las-ayudas-del-programa-leader-2014-20","status":"publish","type":"post","link":"https:\/\/www.tucomarca.com\/wordpress\/segunda\/el-gal-rurable-hace-entrega-de-las-ayudas-a-los-beneficiarios-de-las-ayudas-del-programa-leader-2014-20\/","title":{"rendered":"El GAL Rurable hace entrega de las ayudas a los beneficiarios de las ayudas del Programa Leader 2014-20"},"content":{"rendered":"\n<p>Ayer en la Iglesia de San Nicol\u00e1s de Requena se celebr\u00f3 el acto de entrega de las placas a los beneficiarios de la ayuda LEADER del per\u00edodo 2014-2020 que el grupo de acci\u00f3n local RURABLE ha concedido durante estos \u00faltimos a\u00f1os.<\/p>\n\n\n\n<p>Durante la jornada, con m\u00e1s de cien personas entre familiares, amigos y los propios beneficiarios, tuvimos el placer de pasar una bonita tarde en la que celebramos la fuerza con la que nuestros emprendedores y empresarios luchan por mantener viva la comarca a trav\u00e9s de sus negocios rurales.<\/p>\n\n\n\n<p>El objetivo de este evento y de la entrega de placas no es m\u00e1s que dar visibilidad a la ayuda LEADER, para que futuros emprendedores y empresarios vean que es posible mantener un negocio en el mundo rural y que pueden encontrar respaldo econ\u00f3mico para su impulso en estas ayudas gestionadas por el GAL RURABLE.<\/p>\n\n\n\n<p>Durante este periodo han sido m\u00e1s de 80 beneficiados, que han podido crear o mejorar sus negocios gracias a las ayudas gestionadas por el GAL RURABLE. Desde casas rurales, hasta cl\u00ednicas de salud, un circuito, una plataforma educativa, asesor\u00edas de diferentes tipolog\u00edas, \u2026 \u00a1tenemos una gran diversidad de tejido empresarial!<\/p>\n\n\n\n<p>\u00abEn los pr\u00f3ximos meses tendremos noticias sobre c\u00f3mo ser\u00e1n las ayudas para el pr\u00f3ximo periodo LEADER 2023-2027, por lo que os animamos a todos aquellos que est\u00e9is interesados en emprender o en realizar alguna mejora en vuestra empresa que contact\u00e9is con nosotras. Recordad que nuestra zona de actuaci\u00f3n son la Hoya Bu\u00f1ol-Chiva (Bu\u00f1ol no incluido), La Plana Utiel-Requena y el Valle de Ayora-Cofrentes. Pod\u00e9is encontrarnos en info@rurable.com o en el tel\u00e9fono 624.076.011 (t\u00e9cnica) o 657.672.356 (gerencia)\u00bb, han manifestado desde el GAL.<\/p>\n\n\n\n<p>Desde el GAL Rurable han querido dar las gracias a la Diputaci\u00f3n de Valencia, ya que han financiado el acto y la realizaci\u00f3n de las placas y al Ayuntamiento de Requena por ceder un espacio tan especial.<\/p>\n","protected":false},"excerpt":{"rendered":"<div class=\"mh-excerpt\">Ayer en la Iglesia de San Nicol\u00e1s de Requena se celebr\u00f3 el acto de entrega de las placas a los beneficiarios de la ayuda LEADER del per\u00edodo 2014-2020 que el grupo de acci\u00f3n local RURABLE <a class=\"mh-excerpt-more\" href=\"https:\/\/www.tucomarca.com\/wordpress\/segunda\/el-gal-rurable-hace-entrega-de-las-ayudas-a-los-beneficiarios-de-las-ayudas-del-programa-leader-2014-20\/\" title=\"El GAL Rurable hace entrega de las ayudas a los beneficiarios de las ayudas del Programa Leader 2014-20\">[+] <\/a><\/div>\n","protected":false},"author":1,"featured_media":227869,"comment_status":"open","ping_status":"open","sticky":false,"template":"","format":"standard","meta":{"footnotes":""},"categories":[38,128,8,10,142,28,27,3],"tags":[6174,20906,5952,10387],"class_list":{"0":"post-227852","1":"post","2":"type-post","3":"status-publish","4":"format-standard","5":"has-post-thumbnail","7":"category-ayora-cofrentes","8":"category-infraestructuras","9":"category-la-comarca","10":"category-la-hoya","11":"category-politica-la-comarca","12":"category-requena","13":"category-requena-utiel","14":"category-seccion","15":"tag-ayora-cofrentes-2","16":"tag-gal-rurable","17":"tag-la-hoya-de-bunol-chiva","18":"tag-requena-utiel"},"_links":{"self":[{"href":"https:\/\/www.tucomarca.com\/wordpress\/segunda\/wp-json\/wp\/v2\/posts\/227852","targetHints":{"allow":["GET"]}}],"collection":[{"href":"https:\/\/www.tucomarca.com\/wordpress\/segunda\/wp-json\/wp\/v2\/posts"}],"about":[{"href":"https:\/\/www.tucomarca.com\/wordpress\/segunda\/wp-json\/wp\/v2\/types\/post"}],"author":[{"embeddable":true,"href":"https:\/\/www.tucomarca.com\/wordpress\/segunda\/wp-json\/wp\/v2\/users\/1"}],"replies":[{"embeddable":true,"href":"https:\/\/www.tucomarca.com\/wordpress\/segunda\/wp-json\/wp\/v2\/comments?post=227852"}],"version-history":[{"count":0,"href":"https:\/\/www.tucomarca.com\/wordpress\/segunda\/wp-json\/wp\/v2\/posts\/227852\/revisions"}],"wp:featuredmedia":[{"embeddable":true,"href":"https:\/\/www.tucomarca.com\/wordpress\/segunda\/wp-json\/wp\/v2\/media\/227869"}],"wp:attachment":[{"href":"https:\/\/www.tucomarca.com\/wordpress\/segunda\/wp-json\/wp\/v2\/media?parent=227852"}],"wp:term":[{"taxonomy":"category","embeddable":true,"href":"https:\/\/www.tucomarca.com\/wordpress\/segunda\/wp-json\/wp\/v2\/categories?post=227852"},{"taxonomy":"post_tag","embeddable":true,"href":"https:\/\/www.tucomarca.com\/wordpress\/segunda\/wp-json\/wp\/v2\/tags?post=227852"}],"curies":[{"name":"wp","href":"https:\/\/api.w.org\/{rel}","templated":true}]}}