{"id":228325,"date":"2024-07-01T11:56:00","date_gmt":"2024-07-01T09:56:00","guid":{"rendered":"https:\/\/www.tucomarca.com\/wordpress\/segunda\/?p=228325"},"modified":"2024-07-02T19:12:27","modified_gmt":"2024-07-02T17:12:27","slug":"el-concierto-mano-a-mano-de-bunol-cumple-50-anos","status":"publish","type":"post","link":"https:\/\/www.tucomarca.com\/wordpress\/segunda\/el-concierto-mano-a-mano-de-bunol-cumple-50-anos\/","title":{"rendered":"El concierto &#8216;Mano a Mano&#8217; de Bu\u00f1ol cumple 50 a\u00f1os"},"content":{"rendered":"\n<h3 class=\"wp-block-heading\">Ryan Kelly, de la Universidad de Indiana, ser\u00e1 el presidente de honor y Mart\u00edn Llade, la voz del concierto de A\u00f1o Nuevo, el presentador. Obras basadas en los textos de Tolkien y del evangelio de San Juan ser\u00e1n protagonistas.<\/h3>\n\n\n\n<p>Este lunes 1 de julio de 2024 se ha presentado en Bu\u00f1ol el tradicional concierto entre las dos bandas de m\u00fasica locales La Arm\u00f3nica y La Art\u00edstica. Este concierto celebrar\u00e1 este a\u00f1o su 50 edici\u00f3n y una d\u00e9cada desde que fue catalogado Fiesta de Inter\u00e9s Tur\u00edstico Auton\u00f3mico y que se celebrar\u00e1 en la localidad valenciana el pr\u00f3ximo 17 de agosto.<\/p>\n\n\n\n<p>Con la presencia de presidentes y directores de ambas sociedades musicales, la presentaci\u00f3n sirvi\u00f3 no solo para que la alcaldesa de Bu\u00f1ol, Virginia Sanz Ferr\u00fas, felicitara a las dos bandas locales, premiadas internacionalmente por la efem\u00e9ride, sino tambi\u00e9n para presentar al presidente de honor y al presentador de esta edici\u00f3n tan especial que contar\u00e1 con m\u00e1s de 150 m\u00fasicos en el escenario. Adem\u00e1s, el diputado de bandas de M\u00fasica de la Diputaci\u00f3n de Valencia, Ricardo Gabald\u00f3n, tambi\u00e9n estuvo presente junto a Ricardo Sales, Vicepresidente de la Federaci\u00f3n Sociedades Musicales de la Comunidad Valencia.<\/p>\n\n\n\n<p>Por parte de La Art\u00edstica, Jos\u00e9 Francisco Blasco Abril y su director Mario Ortu\u00f1o Gerardo y por La Arm\u00f3nica, su presidenta Rosario Pardo Garc\u00eda y su director Sa\u00fcl G\u00f3mez Soler dieron la bienvenida a Ryan Kelly, decano de relaci\u00f3n con alumnos y profesor de m\u00fasica en la Escuela Jacobs de M\u00fasica de la Universidad de Indiana. \u00c9l ser\u00e1 quien dirija a las dos bandas el d\u00eda del concierto.<\/p>\n\n\n\n<p>Para la alcaldesa es \u201cun evento que deja a\u00f1o tras a\u00f1o una huella imborrable. Como pueblo hemos sido capaces de cumplir 50 a\u00f1os de un evento que a\u00fana tradici\u00f3n, dedicaci\u00f3n y cultura\u201d. Destac\u00f3 tambi\u00e9n Sanz que hace 141 a\u00f1os que hay una banda organizada de m\u00fasica en Bu\u00f1ol, siendo una de las localidades de m\u00e1s tradici\u00f3n.<\/p>\n\n\n\n<p>Asimismo, Sanz destac\u00f3 la elecci\u00f3n de Ryan Kelly como presidente de honor del concierto. El m\u00fasico americano, actualmente es decano de asuntos estudiantiles y profesor de la Facultad Jacobs de M\u00fasica en la Universidad de Indiana. \u201cSu presencia es s\u00edntoma del car\u00e1cter innovador e internacional que tiene este concierto. Es un honor recibir a profesionales de este nivel en el Mano a Mano\u201d.<\/p>\n\n\n\n<p>Por su parte, Rosario Pardo, Presidenta de la Arm\u00f3nica quiso destacar \u201cel enorme esfuerzo que toda la organizaci\u00f3n hace para poder ofrecer un concierto \u00fanico en el que compartiremos escenario con el Coro de Valencia y las voces ser\u00e1n \u201d.<\/p>\n\n\n\n<p>Adem\u00e1s, Francisco Blasco, presidente de La Art\u00edstica coment\u00f3 \u201clo importante que es este concierto para las dos sociedades, el pueblo y los m\u00fasicos. Gracias a este concierto las dos bandas locales son lo que son\u201d. Concluy\u00f3 afirmando que \u201ccada banda trata de superarse en el enfrentamiento con con la otra desde la hermandad, y eso solo ha provocado que mejoremos respectivamente\u201d.<\/p>\n\n\n\n<p>El repertorio que interpretar\u00e1 La. Arm\u00f3nica girar\u00e1 en torno a la obra \u201cretorno a la tierra media\u201d, de Johan de Meij, basada en los textos de J.R.R. Tolkien, que asistir\u00e1 al concierto. El que interpretar\u00e1 La Art\u00edstica la cuarta sinfon\u00eda de David Maslanka, que con un car\u00e1cter espiritual qued\u00f3 marcada en sus obras, bas\u00e1ndose en las palabras de San Juan y algunas partituras de John Williams.<\/p>\n\n\n\n<p>Concluy\u00f3 el acto el diputado de Bandas de M\u00fasicas de la Diputaci\u00f3n de Valencia, Ricardo Gabald\u00f3n, que se mostr\u00f3 entusiasmado por este concierto y los repertorios. \u201cBu\u00f1ol es un espejo de gesti\u00f3n musical y todas las localidades aspiran a mirarse en \u00e9l. Es una poblaci\u00f3n que ha forjado m\u00fasicos incre\u00edbles y eso nos hace sentir orgullosos como valencianos. Ese privilegio le corresponde a Bu\u00f1ol\u201d.<\/p>\n\n\n\n<figure class=\"wp-block-gallery has-nested-images columns-2 is-cropped wp-block-gallery-1 is-layout-flex wp-block-gallery-is-layout-flex\">\n<figure class=\"wp-block-image size-large\"><img loading=\"lazy\" decoding=\"async\" width=\"945\" height=\"630\" data-id=\"228342\" src=\"https:\/\/www.tucomarca.com\/wordpress\/segunda\/wp-content\/uploads\/2024\/07\/Presentacion_MaM2024_02.jpg\" alt=\"\" class=\"wp-image-228342\" srcset=\"https:\/\/www.tucomarca.com\/wordpress\/segunda\/wp-content\/uploads\/2024\/07\/Presentacion_MaM2024_02.jpg 945w, https:\/\/www.tucomarca.com\/wordpress\/segunda\/wp-content\/uploads\/2024\/07\/Presentacion_MaM2024_02-300x200.jpg 300w, https:\/\/www.tucomarca.com\/wordpress\/segunda\/wp-content\/uploads\/2024\/07\/Presentacion_MaM2024_02-768x512.jpg 768w\" sizes=\"auto, (max-width: 945px) 100vw, 945px\" \/><\/figure>\n\n\n\n<figure class=\"wp-block-image size-large\"><img loading=\"lazy\" decoding=\"async\" width=\"945\" height=\"630\" data-id=\"228344\" src=\"https:\/\/www.tucomarca.com\/wordpress\/segunda\/wp-content\/uploads\/2024\/07\/Presentacion_MaM2024_03.jpg\" alt=\"\" class=\"wp-image-228344\" srcset=\"https:\/\/www.tucomarca.com\/wordpress\/segunda\/wp-content\/uploads\/2024\/07\/Presentacion_MaM2024_03.jpg 945w, https:\/\/www.tucomarca.com\/wordpress\/segunda\/wp-content\/uploads\/2024\/07\/Presentacion_MaM2024_03-300x200.jpg 300w, https:\/\/www.tucomarca.com\/wordpress\/segunda\/wp-content\/uploads\/2024\/07\/Presentacion_MaM2024_03-768x512.jpg 768w\" sizes=\"auto, (max-width: 945px) 100vw, 945px\" \/><\/figure>\n\n\n\n<figure class=\"wp-block-image size-large\"><img loading=\"lazy\" decoding=\"async\" width=\"945\" height=\"630\" data-id=\"228346\" src=\"https:\/\/www.tucomarca.com\/wordpress\/segunda\/wp-content\/uploads\/2024\/07\/Presentacion_MaM2024_04.jpg\" alt=\"\" class=\"wp-image-228346\" srcset=\"https:\/\/www.tucomarca.com\/wordpress\/segunda\/wp-content\/uploads\/2024\/07\/Presentacion_MaM2024_04.jpg 945w, https:\/\/www.tucomarca.com\/wordpress\/segunda\/wp-content\/uploads\/2024\/07\/Presentacion_MaM2024_04-300x200.jpg 300w, https:\/\/www.tucomarca.com\/wordpress\/segunda\/wp-content\/uploads\/2024\/07\/Presentacion_MaM2024_04-768x512.jpg 768w\" sizes=\"auto, (max-width: 945px) 100vw, 945px\" \/><\/figure>\n<\/figure>\n","protected":false},"excerpt":{"rendered":"<div class=\"mh-excerpt\">Ryan Kelly, de la Universidad de Indiana, ser\u00e1 el presidente de honor y Mart\u00edn Llade, la voz del concierto de A\u00f1o Nuevo, el presentador. Obras basadas en los textos de Tolkien y del evangelio de <a class=\"mh-excerpt-more\" href=\"https:\/\/www.tucomarca.com\/wordpress\/segunda\/el-concierto-mano-a-mano-de-bunol-cumple-50-anos\/\" title=\"El concierto &#8216;Mano a Mano&#8217; de Bu\u00f1ol cumple 50 a\u00f1os\">[+] <\/a><\/div>\n","protected":false},"author":12,"featured_media":228349,"comment_status":"open","ping_status":"open","sticky":false,"template":"","format":"standard","meta":{"footnotes":""},"categories":[18,66,8,10,7,3,45],"tags":[10385,5952,20924],"class_list":{"0":"post-228325","1":"post","2":"type-post","3":"status-publish","4":"format-standard","5":"has-post-thumbnail","7":"category-bunol","8":"category-musica","9":"category-la-comarca","10":"category-la-hoya","11":"category-ocio-y-cultura","12":"category-seccion","13":"category-ventana","14":"tag-bunol","15":"tag-la-hoya-de-bunol-chiva","16":"tag-mano-a-mano-2024"},"_links":{"self":[{"href":"https:\/\/www.tucomarca.com\/wordpress\/segunda\/wp-json\/wp\/v2\/posts\/228325","targetHints":{"allow":["GET"]}}],"collection":[{"href":"https:\/\/www.tucomarca.com\/wordpress\/segunda\/wp-json\/wp\/v2\/posts"}],"about":[{"href":"https:\/\/www.tucomarca.com\/wordpress\/segunda\/wp-json\/wp\/v2\/types\/post"}],"author":[{"embeddable":true,"href":"https:\/\/www.tucomarca.com\/wordpress\/segunda\/wp-json\/wp\/v2\/users\/12"}],"replies":[{"embeddable":true,"href":"https:\/\/www.tucomarca.com\/wordpress\/segunda\/wp-json\/wp\/v2\/comments?post=228325"}],"version-history":[{"count":0,"href":"https:\/\/www.tucomarca.com\/wordpress\/segunda\/wp-json\/wp\/v2\/posts\/228325\/revisions"}],"wp:featuredmedia":[{"embeddable":true,"href":"https:\/\/www.tucomarca.com\/wordpress\/segunda\/wp-json\/wp\/v2\/media\/228349"}],"wp:attachment":[{"href":"https:\/\/www.tucomarca.com\/wordpress\/segunda\/wp-json\/wp\/v2\/media?parent=228325"}],"wp:term":[{"taxonomy":"category","embeddable":true,"href":"https:\/\/www.tucomarca.com\/wordpress\/segunda\/wp-json\/wp\/v2\/categories?post=228325"},{"taxonomy":"post_tag","embeddable":true,"href":"https:\/\/www.tucomarca.com\/wordpress\/segunda\/wp-json\/wp\/v2\/tags?post=228325"}],"curies":[{"name":"wp","href":"https:\/\/api.w.org\/{rel}","templated":true}]}}