{"id":228388,"date":"2024-07-03T08:55:00","date_gmt":"2024-07-03T06:55:00","guid":{"rendered":"https:\/\/www.tucomarca.com\/wordpress\/segunda\/?p=228388"},"modified":"2024-07-03T13:56:30","modified_gmt":"2024-07-03T11:56:30","slug":"la-asociacion-cultural-dolcaina-y-tabal-de-chiva-actua-con-el-grupo-de-danzas-de-cheste-y-con-la-asociacion-cantando-albaes","status":"publish","type":"post","link":"https:\/\/www.tucomarca.com\/wordpress\/segunda\/la-asociacion-cultural-dolcaina-y-tabal-de-chiva-actua-con-el-grupo-de-danzas-de-cheste-y-con-la-asociacion-cantando-albaes\/","title":{"rendered":"La asociaci\u00f3n cultural Dol\u00e7aina y Tabal de Chiva act\u00faa con el grupo de Danzas de Cheste y con la asociaci\u00f3n Cantando Albaes"},"content":{"rendered":"<div class=\"wp-block-image\">\n<figure class=\"alignleft size-large is-resized\"><img loading=\"lazy\" decoding=\"async\" width=\"737\" height=\"1024\" src=\"https:\/\/www.tucomarca.com\/wordpress\/segunda\/wp-content\/uploads\/2024\/07\/CartelChivaDolzaina-737x1024.jpg\" alt=\"\" class=\"wp-image-228389\" style=\"width:476px;height:auto\" srcset=\"https:\/\/www.tucomarca.com\/wordpress\/segunda\/wp-content\/uploads\/2024\/07\/CartelChivaDolzaina-737x1024.jpg 737w, https:\/\/www.tucomarca.com\/wordpress\/segunda\/wp-content\/uploads\/2024\/07\/CartelChivaDolzaina-216x300.jpg 216w, https:\/\/www.tucomarca.com\/wordpress\/segunda\/wp-content\/uploads\/2024\/07\/CartelChivaDolzaina-768x1066.jpg 768w, https:\/\/www.tucomarca.com\/wordpress\/segunda\/wp-content\/uploads\/2024\/07\/CartelChivaDolzaina.jpg 1037w\" sizes=\"auto, (max-width: 737px) 100vw, 737px\" \/><\/figure>\n<\/div>\n\n\n<p>Este pr\u00f3ximo s\u00e1bado, d\u00eda 6, a las 7 de la tarde, la asociaci\u00f3n de Dol\u00e7aina y Tabal realizar\u00e1 en el teatro Astoria el intercambio musical con el grupo de Danzas de Cheste, actuando tambi\u00e9n, en este mismo acto, el grupo de canto de la asociaci\u00f3n Cantando Albaes, versadas por Luis Caisa, estrenando la jota Chivana con dol\u00e7aina y tabal bailada por el reci\u00e9n creado grupo de baile.<\/p>\n","protected":false},"excerpt":{"rendered":"<div class=\"mh-excerpt\">Este pr\u00f3ximo s\u00e1bado, d\u00eda 6, a las 7 de la tarde, la asociaci\u00f3n de Dol\u00e7aina y Tabal realizar\u00e1 en el teatro Astoria el intercambio musical con el grupo de Danzas de Cheste, actuando tambi\u00e9n, en <a class=\"mh-excerpt-more\" href=\"https:\/\/www.tucomarca.com\/wordpress\/segunda\/la-asociacion-cultural-dolcaina-y-tabal-de-chiva-actua-con-el-grupo-de-danzas-de-cheste-y-con-la-asociacion-cantando-albaes\/\" title=\"La asociaci\u00f3n cultural Dol\u00e7aina y Tabal de Chiva act\u00faa con el grupo de Danzas de Cheste y con la asociaci\u00f3n Cantando Albaes\">[+] <\/a><\/div>\n","protected":false},"author":1,"featured_media":228389,"comment_status":"open","ping_status":"open","sticky":false,"template":"","format":"standard","meta":{"footnotes":""},"categories":[4,66,17,16,8,10,7,3],"tags":[20932,10384,20933,5952],"class_list":{"0":"post-228388","1":"post","2":"type-post","3":"status-publish","4":"format-standard","5":"has-post-thumbnail","7":"category-agenda","8":"category-musica","9":"category-cheste","10":"category-chiva","11":"category-la-comarca","12":"category-la-hoya","13":"category-ocio-y-cultura","14":"category-seccion","15":"tag-asociacion-cultural-dolcaina-y-tabal-de-chiva","16":"tag-chiva","17":"tag-danzas-de-cheste","18":"tag-la-hoya-de-bunol-chiva"},"_links":{"self":[{"href":"https:\/\/www.tucomarca.com\/wordpress\/segunda\/wp-json\/wp\/v2\/posts\/228388","targetHints":{"allow":["GET"]}}],"collection":[{"href":"https:\/\/www.tucomarca.com\/wordpress\/segunda\/wp-json\/wp\/v2\/posts"}],"about":[{"href":"https:\/\/www.tucomarca.com\/wordpress\/segunda\/wp-json\/wp\/v2\/types\/post"}],"author":[{"embeddable":true,"href":"https:\/\/www.tucomarca.com\/wordpress\/segunda\/wp-json\/wp\/v2\/users\/1"}],"replies":[{"embeddable":true,"href":"https:\/\/www.tucomarca.com\/wordpress\/segunda\/wp-json\/wp\/v2\/comments?post=228388"}],"version-history":[{"count":0,"href":"https:\/\/www.tucomarca.com\/wordpress\/segunda\/wp-json\/wp\/v2\/posts\/228388\/revisions"}],"wp:featuredmedia":[{"embeddable":true,"href":"https:\/\/www.tucomarca.com\/wordpress\/segunda\/wp-json\/wp\/v2\/media\/228389"}],"wp:attachment":[{"href":"https:\/\/www.tucomarca.com\/wordpress\/segunda\/wp-json\/wp\/v2\/media?parent=228388"}],"wp:term":[{"taxonomy":"category","embeddable":true,"href":"https:\/\/www.tucomarca.com\/wordpress\/segunda\/wp-json\/wp\/v2\/categories?post=228388"},{"taxonomy":"post_tag","embeddable":true,"href":"https:\/\/www.tucomarca.com\/wordpress\/segunda\/wp-json\/wp\/v2\/tags?post=228388"}],"curies":[{"name":"wp","href":"https:\/\/api.w.org\/{rel}","templated":true}]}}