{"id":228805,"date":"2024-07-07T12:00:00","date_gmt":"2024-07-07T10:00:00","guid":{"rendered":"https:\/\/www.tucomarca.com\/wordpress\/segunda\/?p=228805"},"modified":"2024-07-08T12:52:37","modified_gmt":"2024-07-08T10:52:37","slug":"riba-roja-reclama-a-la-generalitat-un-reten-de-bomberos-forestales-para-luchar-contra-incendios-control-y-vigilancia-con-drones-y-planes-de-formacion","status":"publish","type":"post","link":"https:\/\/www.tucomarca.com\/wordpress\/segunda\/riba-roja-reclama-a-la-generalitat-un-reten-de-bomberos-forestales-para-luchar-contra-incendios-control-y-vigilancia-con-drones-y-planes-de-formacion\/","title":{"rendered":"Riba-roja reclama a la Generalitat un ret\u00e9n de Bomberos Forestales para luchar contra incendios, control y vigilancia con drones y planes de formaci\u00f3n"},"content":{"rendered":"\n<h3 class=\"wp-block-heading\">El pleno del ayuntamiento da luz verde al nuevo plan que contiene medidas de prevenci\u00f3n contra los incendios y la reducci\u00f3n del impacto de cat\u00e1strofes.<\/h3>\n\n\n\n<p>El pleno del Ayuntamiento de Riba-roja de T\u00faria ha aprobado el nuevo Plan Centinela en el que se propone una seria de medidas de lucha contra los incendios y defiende el uso de nuevas tecnolog\u00edas, la mejora de las infraestructuras, la formaci\u00f3n de la ciudadan\u00eda ante este tipo de sucesos y, por \u00faltimo, reclama una correcta gesti\u00f3n forestal y la cooperaci\u00f3n entre las diversas instituciones implicadas.<\/p>\n\n\n\n<p>El Plan Centinela ha salido adelante con los votos a favor del equipo de gobierno del PSPV como impulsor del proyecto y el apoyo de Vox, Comprom\u00eds, Podemos Esquerra Unida y la abstenci\u00f3n del Partido Popular. El programa contempla, adem\u00e1s, las fases de prevenci\u00f3n, respuesta y recuperaci\u00f3n en la propagaci\u00f3n de los incendios y una serie de mejoras ante este tipo de sucesos y cat\u00e1strofes.<\/p>\n\n\n\n<p>Los cerca de 60 incendios que ha sufrido el parque natural del T\u00faria en la \u00faltima d\u00e9cada, en uno de los pulmones verdes de la localidad y del \u00e1rea metropolitana de Val\u00e8ncia, constituyen una de las principales razones para poner en marcha este plan que se ha redactado y elaborado a lo largo de los \u00faltimos meses ante un de las lacras m\u00e1s peligrosas producidas, en su gran mayor\u00eda, por la acci\u00f3n humana. <br><br>El Plan Centinela de Riba-roja de T\u00faria propone incrementar la protecci\u00f3n a la poblaci\u00f3n y al medio ambiente mediante un conjunto de medidas que abarcan, principalmente, la introducci\u00f3n de las nuevas tecnolog\u00edas, la mejora de infraestructuras, la formaci\u00f3n ciudadana, la gesti\u00f3n de la masa forestal y una mayor cooperaci\u00f3n entre las administraciones p\u00fablicas en su lucha conjunta contra todo tipo de cat\u00e1strofes y situaciones. <br><br>Reducir el riesgo de incendios forestales en el municipio, mejorar la capacidad de detecci\u00f3n temprana de incendios, fortalecer la respuesta eficaz a los incendios que se produzcan, minimizar el impacto de los incendios en la poblaci\u00f3n y el medio ambiente y promover una cultura de prevenci\u00f3n y responsabilidad en la ciudadan\u00eda son algunas de los objetivos que centran el n\u00facleo principal del plan municipal. Para su elaboraci\u00f3n, se ha realizado un proceso de consulta con expertos en incendios forestales, gesti\u00f3n forestal, seguridad p\u00fablica y una consulta con los representantes de la comunidad local.<\/p>\n\n\n\n<p>El Plan Centinela de Riba-roja de T\u00faria clasifica las acciones, medidas y propuestas en tres categor\u00edas en funci\u00f3n de la finalidad de cada una de ellas, con la prevenci\u00f3n, la respuesta ante este tipo de situaciones y la recuperaci\u00f3n del impacto y su restauraci\u00f3n como principales ejes que se llevar\u00e1n a cabo. Las medidas para evitar que se inicien los incendios y su propagaci\u00f3n, las acciones de ayudas en las labores de extinci\u00f3n y la evaluaci\u00f3n de los da\u00f1os y las necesidades futuras son algunos de los objetivos principales. <br><br>Entre las medidas preventivas destacan la solicitud a la Generalitat Valenciana de un ret\u00e9n de bomberos forestales con destino en el edificio del Quint de titularidad municipal, m\u00e1s c\u00e1maras de vigilancia en zonas cr\u00edticas para controlar los ca\u00f1ones del Guardian, implantaci\u00f3n de c\u00e1maras estrat\u00e9gicas para la detecci\u00f3n precoz de incendios y posibles actividades sospechosas, m\u00e1s c\u00e1maras t\u00e9rmicas, mejoras en el sistema Guardian o la badenes inundables que permiten la circulaci\u00f3n r\u00e1pida de veh\u00edculos de emergencia en el Parc del T\u00faria. <br><br>El Plan Centinela aboga por la eliminaci\u00f3n de la ca\u00f1a invasora y el mantenimiento del paraje natural competencia de la Confederaci\u00f3n Hidrogr\u00e1fica del X\u00faquer y de la Generalitat, m\u00e1s campa\u00f1as de controles con drones, intensificaci\u00f3n de controles en determinadas zonas del parque y actuaci\u00f3n en propiedades de riesgo en terrenos privados para su notificaci\u00f3n y posterior actuaci\u00f3n forzosa en caso de no obtener respuesta. Adem\u00e1s, se proponen simulacros de cat\u00e1strofes, planes de formaci\u00f3n en personal municipal, colaboradores y entidades vecinales, campa\u00f1as de concienciaci\u00f3n y fomento del voluntariado.  <br><br>Las respuestas ante este tipo de situaciones se centran en potenciar y ampliar el programa Guardian, pionero en Europa y el segundo en el mundo en eficacia, con una segunda edici\u00f3n, un plan de emergencias de tipo general y planes de evacuaci\u00f3n y autoprotecci\u00f3n, adem\u00e1s de estudio de nuevas bocas de incendios, sistemas de alerta visual y sonora en urbanizaciones y sistemas de alerta en m\u00f3viles. <br><br>La recuperaci\u00f3n de las zonas afectadas por los incendios se afrontar\u00e1 con una aceleraci\u00f3n en la puesta en marcha del denominado Plan G\u00e9nesis T\u00faria, con una regeneraci\u00f3n de la flora con especies aut\u00f3ctonas para mantener hidratado el parque y la reducci\u00f3n de las especies invasoras, adem\u00e1s de preparar un dispositivo de atenci\u00f3n a la ciudadan\u00eda en caso de da\u00f1os a la poblaci\u00f3n con atenci\u00f3n legal, psicol\u00f3gica y social. <br><br>El alcalde de Riba-roja de T\u00faria, Robert Raga, ha subrayado \u201cel car\u00e1cter innovador y ambicioso de este plan en nuestro municipio con el \u00fanico objetivo de afrontar con mayores garant\u00edas las situaciones en caso de incendio, adem\u00e1s de proponer numerosas de medidas de prevenci\u00f3n para que no ocurran, con una respuesta r\u00e1pida y eficaz en la que todos los estamentos de la sociedad est\u00e9n involucrados y concienciados\u201d. <\/p>\n","protected":false},"excerpt":{"rendered":"<div class=\"mh-excerpt\">El pleno del ayuntamiento da luz verde al nuevo plan que contiene medidas de prevenci\u00f3n contra los incendios y la reducci\u00f3n del impacto de cat\u00e1strofes. El pleno del Ayuntamiento de Riba-roja de T\u00faria ha aprobado <a class=\"mh-excerpt-more\" href=\"https:\/\/www.tucomarca.com\/wordpress\/segunda\/riba-roja-reclama-a-la-generalitat-un-reten-de-bomberos-forestales-para-luchar-contra-incendios-control-y-vigilancia-con-drones-y-planes-de-formacion\/\" title=\"Riba-roja reclama a la Generalitat un ret\u00e9n de Bomberos Forestales para luchar contra incendios, control y vigilancia con drones y planes de formaci\u00f3n\">[+] <\/a><\/div>\n","protected":false},"author":12,"featured_media":228807,"comment_status":"open","ping_status":"open","sticky":false,"template":"","format":"standard","meta":{"footnotes":""},"categories":[46,128,8,142,182,3],"tags":[10395,20951,15023],"class_list":{"0":"post-228805","1":"post","2":"type-post","3":"status-publish","4":"format-standard","5":"has-post-thumbnail","7":"category-camp-de-turia","8":"category-infraestructuras","9":"category-la-comarca","10":"category-politica-la-comarca","11":"category-riba-roja","12":"category-seccion","13":"tag-camp-de-turia","14":"tag-plan-centinela","15":"tag-riba-roja-de-turia"},"_links":{"self":[{"href":"https:\/\/www.tucomarca.com\/wordpress\/segunda\/wp-json\/wp\/v2\/posts\/228805","targetHints":{"allow":["GET"]}}],"collection":[{"href":"https:\/\/www.tucomarca.com\/wordpress\/segunda\/wp-json\/wp\/v2\/posts"}],"about":[{"href":"https:\/\/www.tucomarca.com\/wordpress\/segunda\/wp-json\/wp\/v2\/types\/post"}],"author":[{"embeddable":true,"href":"https:\/\/www.tucomarca.com\/wordpress\/segunda\/wp-json\/wp\/v2\/users\/12"}],"replies":[{"embeddable":true,"href":"https:\/\/www.tucomarca.com\/wordpress\/segunda\/wp-json\/wp\/v2\/comments?post=228805"}],"version-history":[{"count":0,"href":"https:\/\/www.tucomarca.com\/wordpress\/segunda\/wp-json\/wp\/v2\/posts\/228805\/revisions"}],"wp:featuredmedia":[{"embeddable":true,"href":"https:\/\/www.tucomarca.com\/wordpress\/segunda\/wp-json\/wp\/v2\/media\/228807"}],"wp:attachment":[{"href":"https:\/\/www.tucomarca.com\/wordpress\/segunda\/wp-json\/wp\/v2\/media?parent=228805"}],"wp:term":[{"taxonomy":"category","embeddable":true,"href":"https:\/\/www.tucomarca.com\/wordpress\/segunda\/wp-json\/wp\/v2\/categories?post=228805"},{"taxonomy":"post_tag","embeddable":true,"href":"https:\/\/www.tucomarca.com\/wordpress\/segunda\/wp-json\/wp\/v2\/tags?post=228805"}],"curies":[{"name":"wp","href":"https:\/\/api.w.org\/{rel}","templated":true}]}}