{"id":22896,"date":"2014-02-10T10:30:02","date_gmt":"2014-02-10T07:30:02","guid":{"rendered":"http:\/\/www.tucomarca.com\/wordpress\/segunda\/?p=22896"},"modified":"2014-02-10T20:46:19","modified_gmt":"2014-02-10T17:46:19","slug":"la-atleta-sara-alemany-del-triesport-roquette-de-benifaio-primera-infantil-en-el-duatlon-cross-de-manises","status":"publish","type":"post","link":"https:\/\/www.tucomarca.com\/wordpress\/segunda\/la-atleta-sara-alemany-del-triesport-roquette-de-benifaio-primera-infantil-en-el-duatlon-cross-de-manises\/","title":{"rendered":"La atleta Sara Alemany, del Triesport  Roquette de Benifai\u00f3, primera infantil en el duatl\u00f3n cross de Manises"},"content":{"rendered":"<figure id=\"attachment_22897\" aria-describedby=\"caption-attachment-22897\" style=\"width: 164px\" class=\"wp-caption alignleft\"><a href=\"https:\/\/www.tucomarca.com\/wordpress\/segunda\/wp-content\/uploads\/2014\/02\/SaraAlemany.jpg\"><img loading=\"lazy\" decoding=\"async\" class=\"size-medium wp-image-22897\" title=\"SaraAlemany\" src=\"https:\/\/www.tucomarca.com\/wordpress\/segunda\/wp-content\/uploads\/2014\/02\/SaraAlemany-164x300.jpg\" alt=\"La atleta Sara Alemany en el podio.\" width=\"164\" height=\"300\" srcset=\"https:\/\/www.tucomarca.com\/wordpress\/segunda\/wp-content\/uploads\/2014\/02\/SaraAlemany-164x300.jpg 164w, https:\/\/www.tucomarca.com\/wordpress\/segunda\/wp-content\/uploads\/2014\/02\/SaraAlemany.jpg 185w\" sizes=\"auto, (max-width: 164px) 100vw, 164px\" \/><\/a><figcaption id=\"caption-attachment-22897\" class=\"wp-caption-text\">La atleta Sara Alemany en el podio.<\/figcaption><\/figure>\n<p>La atleta del Club Triesport Roquete Benifai\u00f3 Sara Alemany Seguer ha logrado de nuevo subir al podium de ganadores en el Duatl\u00f3n Cross que se celebr\u00f3 el pasado domingo 9 de febrero en Manises.<\/p>\n<p>Sara compet\u00eda en su categor\u00eda de f\u00e9minas infantil y con un tiempo de 05:47 lograba la primera posici\u00f3n en l\u00ednea de meta.<\/p>\n<p>A este \u00e9xito deportivo de Sara Alemany se une al conseguido el pasado 25 de enero en su localidad tras lograr tambi\u00e9n en el Duatl\u00f3n de Benifai\u00f3 la primera posici\u00f3n en infantiles.<\/p>\n<p>Adem\u00e1s de Sara otros atletas del Triesport han conseguido un merecido puesto en el Duatl\u00f3n Cross de Manises como es el caso de Cesar Ferrandis (6\u00ba infantil) o Josep Picazo (5\u00ba alev\u00edn).<\/p>\n","protected":false},"excerpt":{"rendered":"<div class=\"mh-excerpt\">La atleta del Club Triesport Roquete Benifai\u00f3 Sara Alemany Seguer ha logrado de nuevo subir al podium de ganadores en el Duatl\u00f3n Cross que se celebr\u00f3 el pasado domingo 9 de febrero en Manises. Sara <a class=\"mh-excerpt-more\" href=\"https:\/\/www.tucomarca.com\/wordpress\/segunda\/la-atleta-sara-alemany-del-triesport-roquette-de-benifaio-primera-infantil-en-el-duatlon-cross-de-manises\/\" title=\"La atleta Sara Alemany, del Triesport  Roquette de Benifai\u00f3, primera infantil en el duatl\u00f3n cross de Manises\">[+] <\/a><\/div>\n","protected":false},"author":1,"featured_media":22897,"comment_status":"open","ping_status":"open","sticky":false,"template":"","format":"standard","meta":{"footnotes":""},"categories":[98,267,6,42,3],"tags":[],"class_list":{"0":"post-22896","1":"post","2":"type-post","3":"status-publish","4":"format-standard","5":"has-post-thumbnail","7":"category-atletismo","8":"category-benifaio","9":"category-deportes","10":"category-la-ribera","11":"category-seccion"},"_links":{"self":[{"href":"https:\/\/www.tucomarca.com\/wordpress\/segunda\/wp-json\/wp\/v2\/posts\/22896","targetHints":{"allow":["GET"]}}],"collection":[{"href":"https:\/\/www.tucomarca.com\/wordpress\/segunda\/wp-json\/wp\/v2\/posts"}],"about":[{"href":"https:\/\/www.tucomarca.com\/wordpress\/segunda\/wp-json\/wp\/v2\/types\/post"}],"author":[{"embeddable":true,"href":"https:\/\/www.tucomarca.com\/wordpress\/segunda\/wp-json\/wp\/v2\/users\/1"}],"replies":[{"embeddable":true,"href":"https:\/\/www.tucomarca.com\/wordpress\/segunda\/wp-json\/wp\/v2\/comments?post=22896"}],"version-history":[{"count":0,"href":"https:\/\/www.tucomarca.com\/wordpress\/segunda\/wp-json\/wp\/v2\/posts\/22896\/revisions"}],"wp:featuredmedia":[{"embeddable":true,"href":"https:\/\/www.tucomarca.com\/wordpress\/segunda\/wp-json\/wp\/v2\/media\/22897"}],"wp:attachment":[{"href":"https:\/\/www.tucomarca.com\/wordpress\/segunda\/wp-json\/wp\/v2\/media?parent=22896"}],"wp:term":[{"taxonomy":"category","embeddable":true,"href":"https:\/\/www.tucomarca.com\/wordpress\/segunda\/wp-json\/wp\/v2\/categories?post=22896"},{"taxonomy":"post_tag","embeddable":true,"href":"https:\/\/www.tucomarca.com\/wordpress\/segunda\/wp-json\/wp\/v2\/tags?post=22896"}],"curies":[{"name":"wp","href":"https:\/\/api.w.org\/{rel}","templated":true}]}}