{"id":22908,"date":"2014-02-11T14:45:53","date_gmt":"2014-02-11T11:45:53","guid":{"rendered":"http:\/\/www.tucomarca.com\/wordpress\/segunda\/?p=22908"},"modified":"2014-02-11T14:45:53","modified_gmt":"2014-02-11T11:45:53","slug":"gobernacion-mantiene-la-preemergencia-en-el-interior-de-la-provincia-de-valencia","status":"publish","type":"post","link":"https:\/\/www.tucomarca.com\/wordpress\/segunda\/gobernacion-mantiene-la-preemergencia-en-el-interior-de-la-provincia-de-valencia\/","title":{"rendered":"Gobernaci\u00f3n mantiene la preemergencia en el interior de la provincia de Valencia"},"content":{"rendered":"<p>La Conselleria de Gobernaci\u00f3n y Justicia, a trav\u00e9s del Centro de Coordinaci\u00f3n de Emergencias (CCE), mantiene hoy martes, 11 de febrero, la Preemergencia por vientos fuertes (nivel naranja) en el interior de la provincia de Valencia y la ha retirado del interior y litoral norte de la provincia de Castell\u00f3n e interior de Alicante.<\/p>\n<p>Adem\u00e1s, el CCE tambi\u00e9n ha retirado la Preemergencia por temporal mar\u00edtimo (nivel naranja) del litoral sur de la provincia de Alicante.<\/p>\n<p>En este sentido, la Agencia Estatal de Meteorolog\u00eda (AEMET) espera para un d\u00eda \u00abpoco nuboso, tendiendo por la tarde a intervalos nubosos en el litoral y nuboso en el interior, con algunas precipitaciones d\u00e9biles en general, m\u00e1s probables en el interior donde pueden ser moderadas, y de nieve en cotas altas. Temperaturas m\u00ednimas en descenso moderado, m\u00e1ximas sin cambios o en descenso ligero. Vientos de componente oeste moderados con algunas rachas fuertes por la tarde. A primeras horas en interior y norte de Castell\u00f3n, intervalos fuertes y rachas que pueden superar 90 km\/h.<\/p>\n<p>Medidas en situaciones de fuertes vientos<\/p>\n<p>El CCE aconseja que se sigan los siguientes consejos y que, ante cualquier problema originado por el viento, se llame inmediatamente al tel\u00e9fono de emergencias 112.<\/p>\n<p>\u00b7\tRevisar las viviendas que no haya cornisas, balcones y fachadas en mal estado que puedan producir ca\u00eddas de cascotes y escombros.<\/p>\n<p>\u00b7\tCerrar puertas y ventanas para evitar corrientes de aire que puedan llevar a la rotura y ca\u00edda de cristales.<\/p>\n<p>\u00b7\tAsegurar elementos como los toldos, persianas y antenas. Retirar macetas, jaulas y cualquier objeto que pueda caer a la calle.<\/p>\n<p>Qu\u00e9 hacer en la calle o en el campo:<\/p>\n<p>\u00b7\tNo salgas si no es necesario.<\/p>\n<p>\u00b7\tAl\u00e9jate de casa viejas o en mal estado.<\/p>\n<p>\u00b7\tEvita los muros y las vallas publicitarias.<\/p>\n<p>\u00b7\tLos \u00e1rboles ofrecen el peligro de ca\u00edda y rotura de grandes ramas.<\/p>\n<p>\u00b7\tNo transites por parques o avenidas arboladas.<\/p>\n<p>\u00b7\tNo pases por debajo de andamios o edificios en construcci\u00f3n.<\/p>\n<p>\u00b7\tLos postes de luz y torres de alta tensi\u00f3n son muy peligrosos. Al\u00e9jate y en caso de ca\u00edda avisa al tel\u00e9fono 112.<\/p>\n<p>Precauci\u00f3n en la carretera:<\/p>\n<p>\u00b7\tSi es posible evita circular. Usa preferentemente el transporte p\u00fablico y en caso de tener que salir, inf\u00f3rmate de la predicci\u00f3n meteorol\u00f3gica.<\/p>\n<p>\u00b7\tReduce la velocidad a l\u00edmites de seguridad. Un golpe de viento puede desviarte de la trayectoria.<\/p>\n<p>\u00b7\tLas motos y los veh\u00edculos de grandes dimensiones que ofrecen una gran superficie de contacto con el viento (camiones, furgonetas, veh\u00edculos con remolque o roulottes) corren el peligro de volcar ante vientos transversales<\/p>\n","protected":false},"excerpt":{"rendered":"<div class=\"mh-excerpt\">La Conselleria de Gobernaci\u00f3n y Justicia, a trav\u00e9s del Centro de Coordinaci\u00f3n de Emergencias (CCE), mantiene hoy martes, 11 de febrero, la Preemergencia por vientos fuertes (nivel naranja) en el interior de la provincia de <a class=\"mh-excerpt-more\" href=\"https:\/\/www.tucomarca.com\/wordpress\/segunda\/gobernacion-mantiene-la-preemergencia-en-el-interior-de-la-provincia-de-valencia\/\" title=\"Gobernaci\u00f3n mantiene la preemergencia en el interior de la provincia de Valencia\">[+] <\/a><\/div>\n","protected":false},"author":2,"featured_media":0,"comment_status":"open","ping_status":"open","sticky":false,"template":"","format":"standard","meta":{"footnotes":""},"categories":[8,72,10,3],"tags":[3184,390,3252,3251],"class_list":{"0":"post-22908","1":"post","2":"type-post","3":"status-publish","4":"format-standard","6":"category-la-comarca","7":"category-sin-categorizar","8":"category-la-hoya","9":"category-seccion","10":"tag-fuerte-viento","11":"tag-gobernacion","12":"tag-interior-valencia","13":"tag-nivel-naranja"},"_links":{"self":[{"href":"https:\/\/www.tucomarca.com\/wordpress\/segunda\/wp-json\/wp\/v2\/posts\/22908","targetHints":{"allow":["GET"]}}],"collection":[{"href":"https:\/\/www.tucomarca.com\/wordpress\/segunda\/wp-json\/wp\/v2\/posts"}],"about":[{"href":"https:\/\/www.tucomarca.com\/wordpress\/segunda\/wp-json\/wp\/v2\/types\/post"}],"author":[{"embeddable":true,"href":"https:\/\/www.tucomarca.com\/wordpress\/segunda\/wp-json\/wp\/v2\/users\/2"}],"replies":[{"embeddable":true,"href":"https:\/\/www.tucomarca.com\/wordpress\/segunda\/wp-json\/wp\/v2\/comments?post=22908"}],"version-history":[{"count":0,"href":"https:\/\/www.tucomarca.com\/wordpress\/segunda\/wp-json\/wp\/v2\/posts\/22908\/revisions"}],"wp:attachment":[{"href":"https:\/\/www.tucomarca.com\/wordpress\/segunda\/wp-json\/wp\/v2\/media?parent=22908"}],"wp:term":[{"taxonomy":"category","embeddable":true,"href":"https:\/\/www.tucomarca.com\/wordpress\/segunda\/wp-json\/wp\/v2\/categories?post=22908"},{"taxonomy":"post_tag","embeddable":true,"href":"https:\/\/www.tucomarca.com\/wordpress\/segunda\/wp-json\/wp\/v2\/tags?post=22908"}],"curies":[{"name":"wp","href":"https:\/\/api.w.org\/{rel}","templated":true}]}}