{"id":22919,"date":"2014-02-11T15:36:07","date_gmt":"2014-02-11T12:36:07","guid":{"rendered":"http:\/\/www.tucomarca.com\/wordpress\/segunda\/?p=22919"},"modified":"2014-02-11T15:36:14","modified_gmt":"2014-02-11T12:36:14","slug":"la-policia-local-de-benifaio-informara-sobre-los-sistemas-de-retencion-infantil-en-vehiculos","status":"publish","type":"post","link":"https:\/\/www.tucomarca.com\/wordpress\/segunda\/la-policia-local-de-benifaio-informara-sobre-los-sistemas-de-retencion-infantil-en-vehiculos\/","title":{"rendered":"La Polic\u00eda Local de Benifai\u00f3 informar\u00e1 sobre los sistemas de retenci\u00f3n Infantil en veh\u00edculos"},"content":{"rendered":"<p><figure id=\"attachment_22920\" aria-describedby=\"caption-attachment-22920\" style=\"width: 300px\" class=\"wp-caption alignleft\"><a href=\"https:\/\/www.tucomarca.com\/wordpress\/segunda\/?attachment_id=22920\" rel=\"attachment wp-att-22920\"><img loading=\"lazy\" decoding=\"async\" src=\"https:\/\/www.tucomarca.com\/wordpress\/segunda\/wp-content\/uploads\/2014\/02\/sistemasretencionvehiculos-300x212.jpg\" alt=\"\" title=\"sistemasretencionvehiculos\" width=\"300\" height=\"212\" class=\"size-medium wp-image-22920\" srcset=\"https:\/\/www.tucomarca.com\/wordpress\/segunda\/wp-content\/uploads\/2014\/02\/sistemasretencionvehiculos-300x212.jpg 300w, https:\/\/www.tucomarca.com\/wordpress\/segunda\/wp-content\/uploads\/2014\/02\/sistemasretencionvehiculos-1024x724.jpg 1024w, https:\/\/www.tucomarca.com\/wordpress\/segunda\/wp-content\/uploads\/2014\/02\/sistemasretencionvehiculos.jpeg 1280w\" sizes=\"auto, (max-width: 300px) 100vw, 300px\" \/><\/a><figcaption id=\"caption-attachment-22920\" class=\"wp-caption-text\">Cartel promocional de la iniciativa impulsada por la Polic\u00eda Local. tc.c<\/figcaption><\/figure>\u201cLos conductores y ocupantes est\u00e1n obligados a utilizar el cintur\u00f3n de seguridad en todos aquellos veh\u00edculos que dispongan de cinturones, incluidos autocares\u2026\u201d, as\u00ed empieza el texto del d\u00edptico informativo que desde la Polic\u00eda Local de Benifai\u00f3 se repartir\u00e1 a los padres en las puertas de los colegios del 12 al 21 de febrero.<\/p>\n<p>La iniciativa forma parte de una campa\u00f1a informativa que tiene como objetivo \u201cconcienciar a los padres sobre cu\u00e1l es el sistema adecuado para la seguridad de sus hijos en los trayectos en coche, qu\u00e9 connotaciones tiene no llevar el sistema adecuado y saber cuales son las retenciones de seguridad adecuadas que se han de llevar seg\u00fan lo que exige la normativa\u201d destacan fuentes policiales.<\/p>\n<p>En la campa\u00f1a se informar\u00e1 a los padres sobre situaciones reglamentarias a tener en cuenta como que los menores de 12 a\u00f1os no pueden sentarse en el asiento delantero del veh\u00edculo excepto si usan asientos infantiles homologados o si miden m\u00e1s de 135 cm, en cuyo caso deben usar el cintur\u00f3n de adulto.<\/p>\n<p>En el d\u00edptico se detalla adem\u00e1s los diferentes tipos de sillas que hay en el mercado y el lugar m\u00e1s adecuado para llevarlas en el veh\u00edculo seg\u00fan los grupos de edad y el peso del menor.<\/p>\n","protected":false},"excerpt":{"rendered":"<div class=\"mh-excerpt\">\u201cLos conductores y ocupantes est\u00e1n obligados a utilizar el cintur\u00f3n de seguridad en todos aquellos veh\u00edculos que dispongan de cinturones, incluidos autocares\u2026\u201d, as\u00ed empieza el texto del d\u00edptico informativo que desde la Polic\u00eda Local de <a class=\"mh-excerpt-more\" href=\"https:\/\/www.tucomarca.com\/wordpress\/segunda\/la-policia-local-de-benifaio-informara-sobre-los-sistemas-de-retencion-infantil-en-vehiculos\/\" title=\"La Polic\u00eda Local de Benifai\u00f3 informar\u00e1 sobre los sistemas de retenci\u00f3n Infantil en veh\u00edculos\">[+] <\/a><\/div>\n","protected":false},"author":2,"featured_media":22920,"comment_status":"open","ping_status":"open","sticky":false,"template":"","format":"standard","meta":{"footnotes":""},"categories":[267,8,42,3],"tags":[10460,1461,770,1033,3256,1307],"class_list":{"0":"post-22919","1":"post","2":"type-post","3":"status-publish","4":"format-standard","5":"has-post-thumbnail","7":"category-benifaio","8":"category-la-comarca","9":"category-la-ribera","10":"category-seccion","11":"tag-benifaio","12":"tag-informacion","13":"tag-ninos","14":"tag-policia-local","15":"tag-sistema-retencion","16":"tag-vehiculos"},"_links":{"self":[{"href":"https:\/\/www.tucomarca.com\/wordpress\/segunda\/wp-json\/wp\/v2\/posts\/22919","targetHints":{"allow":["GET"]}}],"collection":[{"href":"https:\/\/www.tucomarca.com\/wordpress\/segunda\/wp-json\/wp\/v2\/posts"}],"about":[{"href":"https:\/\/www.tucomarca.com\/wordpress\/segunda\/wp-json\/wp\/v2\/types\/post"}],"author":[{"embeddable":true,"href":"https:\/\/www.tucomarca.com\/wordpress\/segunda\/wp-json\/wp\/v2\/users\/2"}],"replies":[{"embeddable":true,"href":"https:\/\/www.tucomarca.com\/wordpress\/segunda\/wp-json\/wp\/v2\/comments?post=22919"}],"version-history":[{"count":0,"href":"https:\/\/www.tucomarca.com\/wordpress\/segunda\/wp-json\/wp\/v2\/posts\/22919\/revisions"}],"wp:featuredmedia":[{"embeddable":true,"href":"https:\/\/www.tucomarca.com\/wordpress\/segunda\/wp-json\/wp\/v2\/media\/22920"}],"wp:attachment":[{"href":"https:\/\/www.tucomarca.com\/wordpress\/segunda\/wp-json\/wp\/v2\/media?parent=22919"}],"wp:term":[{"taxonomy":"category","embeddable":true,"href":"https:\/\/www.tucomarca.com\/wordpress\/segunda\/wp-json\/wp\/v2\/categories?post=22919"},{"taxonomy":"post_tag","embeddable":true,"href":"https:\/\/www.tucomarca.com\/wordpress\/segunda\/wp-json\/wp\/v2\/tags?post=22919"}],"curies":[{"name":"wp","href":"https:\/\/api.w.org\/{rel}","templated":true}]}}