{"id":229222,"date":"2024-07-11T11:30:00","date_gmt":"2024-07-11T09:30:00","guid":{"rendered":"https:\/\/www.tucomarca.com\/wordpress\/segunda\/?p=229222"},"modified":"2024-07-11T11:44:37","modified_gmt":"2024-07-11T09:44:37","slug":"el-cd-bunol-elige-a-su-nueva-junta-directiva-que-estara-presidida-por-nicolas-galarza","status":"publish","type":"post","link":"https:\/\/www.tucomarca.com\/wordpress\/segunda\/el-cd-bunol-elige-a-su-nueva-junta-directiva-que-estara-presidida-por-nicolas-galarza\/","title":{"rendered":"El CD Bu\u00f1ol elige a su nueva junta directiva que estar\u00e1 presidida por Nicol\u00e1s Galarza"},"content":{"rendered":"\n<p>La Asamblea extraordinaria de socios desarrollada este mi\u00e9rcoles por la noche en el campo Beltr\u00e1n B\u00e1guena ha elegido por unanimidad la propuesta de nueva Junta Directiva que encabeza Nicol\u00e1s Galarza Perell\u00f3, quien se ha convertido en el nuevo presidente de la entidad deportiva bu\u00f1olense.<\/p>\n\n\n\n<p>Nikol\u00e1s Galarza, quien ya form\u00f3 parte de anteriores junta directivas del CD Bu\u00f1ol, releva as\u00ed a Francisco Zan\u00f3n, quien anunci\u00f3 d\u00edas atr\u00e1s su renuncia al cargo. Como todo buen aficionado al CD Bu\u00f1ol sabe, Nikol\u00e1s Galarza es hijo de quien fuese presidente del CD Bu\u00f1ol durante la d\u00e9cada de los ochenta, Rub\u00e9n Galarza, y con quien se lograron muchos \u00e9xitos deportivos, entre ellos el celebrado ascenso a Regional Preferente en la temporada 1979-80.<\/p>\n\n\n\n<p>El nuevo presidente del CD Bu\u00f1ol estar\u00e1 acompa\u00f1ado en la vicepresidencia por Jose E. Veiga Espert; Eliseo Bartolom\u00e9 Marzo como Secretario; y David Espert Sim\u00f3n como Tesorero. A ellos les acompa\u00f1ar\u00e1n como vocales: Jose Luis Aquila Sim\u00f3n, Ignacio Hern\u00e1ndez Carrascosa, Manolo Tello Benzal, Salvador P\u00e9rez Iba\u00f1ez, Enrique Fern\u00e1ndez Alba<\/p>\n\n\n\n<p>Desde el Club Deportivo Bu\u00f1ol han querido \u00abfelicitar a Nicol\u00e1s Galarza como nuevo presidente de nuestro club\u00bb, adem\u00e1s de desearle \u00abel mejor de los \u00e9xitos en esta nueva etapa\u00bb.<\/p>\n\n\n\n<p>El propio Nicol\u00e1s Galarza ha manifestado que es \u00abun orgullo para mi y toda la junta directiva formar parte de este proyecto. Solo quiero expresar nuestra ilusi\u00f3n y compromiso por ponernos a trabajar a tope desde hoy mismo, a aficionados, socios y a todos los que componen por alg\u00fan sitio u otro la familia del CD Bu\u00f1ol.\u201d<\/p>\n","protected":false},"excerpt":{"rendered":"<div class=\"mh-excerpt\">La Asamblea extraordinaria de socios desarrollada este mi\u00e9rcoles por la noche en el campo Beltr\u00e1n B\u00e1guena ha elegido por unanimidad la propuesta de nueva Junta Directiva que encabeza Nicol\u00e1s Galarza Perell\u00f3, quien se ha convertido <a class=\"mh-excerpt-more\" href=\"https:\/\/www.tucomarca.com\/wordpress\/segunda\/el-cd-bunol-elige-a-su-nueva-junta-directiva-que-estara-presidida-por-nicolas-galarza\/\" title=\"El CD Bu\u00f1ol elige a su nueva junta directiva que estar\u00e1 presidida por Nicol\u00e1s Galarza\">[+] <\/a><\/div>\n","protected":false},"author":1,"featured_media":229226,"comment_status":"open","ping_status":"open","sticky":false,"template":"","format":"standard","meta":{"footnotes":""},"categories":[18,50,6,8,10,3,45],"tags":[10385,537,10379,44,5952],"class_list":{"0":"post-229222","1":"post","2":"type-post","3":"status-publish","4":"format-standard","5":"has-post-thumbnail","7":"category-bunol","8":"category-futbol-deportes","9":"category-deportes","10":"category-la-comarca","11":"category-la-hoya","12":"category-seccion","13":"category-ventana","14":"tag-bunol","15":"tag-cd-bunol","16":"tag-deportes","17":"tag-futbol","18":"tag-la-hoya-de-bunol-chiva"},"_links":{"self":[{"href":"https:\/\/www.tucomarca.com\/wordpress\/segunda\/wp-json\/wp\/v2\/posts\/229222","targetHints":{"allow":["GET"]}}],"collection":[{"href":"https:\/\/www.tucomarca.com\/wordpress\/segunda\/wp-json\/wp\/v2\/posts"}],"about":[{"href":"https:\/\/www.tucomarca.com\/wordpress\/segunda\/wp-json\/wp\/v2\/types\/post"}],"author":[{"embeddable":true,"href":"https:\/\/www.tucomarca.com\/wordpress\/segunda\/wp-json\/wp\/v2\/users\/1"}],"replies":[{"embeddable":true,"href":"https:\/\/www.tucomarca.com\/wordpress\/segunda\/wp-json\/wp\/v2\/comments?post=229222"}],"version-history":[{"count":0,"href":"https:\/\/www.tucomarca.com\/wordpress\/segunda\/wp-json\/wp\/v2\/posts\/229222\/revisions"}],"wp:featuredmedia":[{"embeddable":true,"href":"https:\/\/www.tucomarca.com\/wordpress\/segunda\/wp-json\/wp\/v2\/media\/229226"}],"wp:attachment":[{"href":"https:\/\/www.tucomarca.com\/wordpress\/segunda\/wp-json\/wp\/v2\/media?parent=229222"}],"wp:term":[{"taxonomy":"category","embeddable":true,"href":"https:\/\/www.tucomarca.com\/wordpress\/segunda\/wp-json\/wp\/v2\/categories?post=229222"},{"taxonomy":"post_tag","embeddable":true,"href":"https:\/\/www.tucomarca.com\/wordpress\/segunda\/wp-json\/wp\/v2\/tags?post=229222"}],"curies":[{"name":"wp","href":"https:\/\/api.w.org\/{rel}","templated":true}]}}