{"id":229258,"date":"2024-07-11T11:15:00","date_gmt":"2024-07-11T09:15:00","guid":{"rendered":"https:\/\/www.tucomarca.com\/wordpress\/segunda\/?p=229258"},"modified":"2024-07-11T13:49:31","modified_gmt":"2024-07-11T11:49:31","slug":"entrevista-oscar-galdon-hay-que-disfrutar-de-las-fiestas-de-julio-de-cheste-las-calles-se-deben-llenar-de-musica-y-actitud-festera-con-el-respeto-por-los-demas-como-bandera","status":"publish","type":"post","link":"https:\/\/www.tucomarca.com\/wordpress\/segunda\/entrevista-oscar-galdon-hay-que-disfrutar-de-las-fiestas-de-julio-de-cheste-las-calles-se-deben-llenar-de-musica-y-actitud-festera-con-el-respeto-por-los-demas-como-bandera\/","title":{"rendered":"Entrevista. \u00d3scar Gald\u00f3n: \u00abHay que disfrutar de las Fiestas de Julio de Cheste; las calles se deben llenar de m\u00fasica y actitud festera con el respeto por los dem\u00e1s como bandera\u00bb"},"content":{"rendered":"\n<h3 class=\"wp-block-heading\">Cheste inicia este domingo sus Fiesta de Julio, que se prolongar\u00e1n hasta el pr\u00f3ximo d\u00eda 28 de julio y cuyo concejal responsable del \u00e1rea, \u00d3scar Gald\u00f3n, nos invita a participar siempre \u00abcon el respeto a los dem\u00e1s como bandera\u00bb.<\/h3>\n\n\n<div class=\"wp-block-image\">\n<figure class=\"alignleft size-large is-resized\"><img loading=\"lazy\" decoding=\"async\" width=\"978\" height=\"1024\" src=\"https:\/\/www.tucomarca.com\/wordpress\/segunda\/wp-content\/uploads\/2024\/07\/OscarGaldonFiestas24-978x1024.jpg\" alt=\"\" class=\"wp-image-229256\" style=\"width:328px;height:auto\" srcset=\"https:\/\/www.tucomarca.com\/wordpress\/segunda\/wp-content\/uploads\/2024\/07\/OscarGaldonFiestas24-978x1024.jpg 978w, https:\/\/www.tucomarca.com\/wordpress\/segunda\/wp-content\/uploads\/2024\/07\/OscarGaldonFiestas24-286x300.jpg 286w, https:\/\/www.tucomarca.com\/wordpress\/segunda\/wp-content\/uploads\/2024\/07\/OscarGaldonFiestas24-768x804.jpg 768w, https:\/\/www.tucomarca.com\/wordpress\/segunda\/wp-content\/uploads\/2024\/07\/OscarGaldonFiestas24.jpg 1181w\" sizes=\"auto, (max-width: 978px) 100vw, 978px\" \/><\/figure>\n<\/div>\n\n\n<p><strong>\u2014 \u00bfCu\u00e1l ha sido el enfoque a la hora de organizar esta edici\u00f3n de las Fiestas de Julio en Cheste?\u00a0<\/strong><\/p>\n\n\n\n<p>\u2014 Siempre tenemos presente conseguir una programaci\u00f3n que agrade a la mayor\u00eda. No es f\u00e1cil programar unas fiestas donde los gustos individuales se vean satisfechos. Pero si que nos volcamos en programas un elenco de eventos para todas las edades.&nbsp;<\/p>\n\n\n\n<p><strong>\u2014 \u00bfC\u00f3mo resumir\u00eda el programa de esta edici\u00f3n? \u00bfCu\u00e1les son las novedades?\u00a0<\/strong><\/p>\n\n\n\n<p>\u2014 El Juliochestano de este a\u00f1o mantiene la esencia de anteriores ediciones. Una semana taurina y unas actividades populares los fines de semana para el disfrute de ellos. \u00bfLa novedad? Intentar hacer m\u00e1s cosas con menos presupuesto.\u00a0<\/p>\n\n\n\n<p><strong>\u2014 \u00bfCu\u00e1l es el acto m\u00e1s popular en estas fiestas de verano? \u00bfC\u00f3mo lo vive la poblaci\u00f3n?\u00a0<\/strong><\/p>\n\n\n\n<p>\u2014 Por un lado tenemos la semana taurina. Pero lo que realmente caracteriza el Juliochestano son las cenas en la Plaza de la Rep\u00fablica, donde m\u00e1s de 1.200 personas cada d\u00eda se juntan a cenar y a disfrutar de los espect\u00e1culos programados por el Ayuntamiento\u00a0<\/p>\n\n\n\n<p><strong>\u2014 Las fiestas municipales siempre cuentan con la colaboraci\u00f3n de distintas entidades. En este caso, \u00bfqu\u00e9 entidades colaboran y c\u00f3mo ha sido la coordinaci\u00f3n con ellas?\u00a0<\/strong><\/p>\n\n\n\n<p>\u2014 Son muchas las entidades y personas individuales que se vuelcan en estos actos festivos. Si los nombrara a todos caer\u00eda en el peligro de olvidarme de alguien. Pero este pueblo es un pueblo que participa en la organizaci\u00f3n y en su posterior disfrute.&nbsp;<\/p>\n\n\n\n<p><strong>\u2014 \u00bfCu\u00e1l ser\u00eda tu mensaje para invitar a los vecinas y vecinos a participar en estas fiestas de julio?\u00a0<\/strong><\/p>\n\n\n\n<p>\u2014 Hay que disfrutar de las fiestas, como sabemos hacerlo los chestanos y chestanas. Las calles de deben llenar de m\u00fasica y actitud festera. Y tener el \u201crespeto por los dem\u00e1s\u201d como bandera.&nbsp;<\/p>\n","protected":false},"excerpt":{"rendered":"<div class=\"mh-excerpt\">Cheste inicia este domingo sus Fiesta de Julio, que se prolongar\u00e1n hasta el pr\u00f3ximo d\u00eda 28 de julio y cuyo concejal responsable del \u00e1rea, \u00d3scar Gald\u00f3n, nos invita a participar siempre \u00abcon el respeto a <a class=\"mh-excerpt-more\" href=\"https:\/\/www.tucomarca.com\/wordpress\/segunda\/entrevista-oscar-galdon-hay-que-disfrutar-de-las-fiestas-de-julio-de-cheste-las-calles-se-deben-llenar-de-musica-y-actitud-festera-con-el-respeto-por-los-demas-como-bandera\/\" title=\"Entrevista. \u00d3scar Gald\u00f3n: \u00abHay que disfrutar de las Fiestas de Julio de Cheste; las calles se deben llenar de m\u00fasica y actitud festera con el respeto por los dem\u00e1s como bandera\u00bb\">[+] <\/a><\/div>\n","protected":false},"author":1,"featured_media":229277,"comment_status":"open","ping_status":"open","sticky":false,"template":"","format":"standard","meta":{"footnotes":""},"categories":[66,17,8,72,10,7,3,45],"tags":[339,8357,5952],"class_list":{"0":"post-229258","1":"post","2":"type-post","3":"status-publish","4":"format-standard","5":"has-post-thumbnail","7":"category-musica","8":"category-cheste","9":"category-la-comarca","10":"category-sin-categorizar","11":"category-la-hoya","12":"category-ocio-y-cultura","13":"category-seccion","14":"category-ventana","15":"tag-cheste-2","16":"tag-fiestas-de-julio","17":"tag-la-hoya-de-bunol-chiva"},"_links":{"self":[{"href":"https:\/\/www.tucomarca.com\/wordpress\/segunda\/wp-json\/wp\/v2\/posts\/229258","targetHints":{"allow":["GET"]}}],"collection":[{"href":"https:\/\/www.tucomarca.com\/wordpress\/segunda\/wp-json\/wp\/v2\/posts"}],"about":[{"href":"https:\/\/www.tucomarca.com\/wordpress\/segunda\/wp-json\/wp\/v2\/types\/post"}],"author":[{"embeddable":true,"href":"https:\/\/www.tucomarca.com\/wordpress\/segunda\/wp-json\/wp\/v2\/users\/1"}],"replies":[{"embeddable":true,"href":"https:\/\/www.tucomarca.com\/wordpress\/segunda\/wp-json\/wp\/v2\/comments?post=229258"}],"version-history":[{"count":0,"href":"https:\/\/www.tucomarca.com\/wordpress\/segunda\/wp-json\/wp\/v2\/posts\/229258\/revisions"}],"wp:featuredmedia":[{"embeddable":true,"href":"https:\/\/www.tucomarca.com\/wordpress\/segunda\/wp-json\/wp\/v2\/media\/229277"}],"wp:attachment":[{"href":"https:\/\/www.tucomarca.com\/wordpress\/segunda\/wp-json\/wp\/v2\/media?parent=229258"}],"wp:term":[{"taxonomy":"category","embeddable":true,"href":"https:\/\/www.tucomarca.com\/wordpress\/segunda\/wp-json\/wp\/v2\/categories?post=229258"},{"taxonomy":"post_tag","embeddable":true,"href":"https:\/\/www.tucomarca.com\/wordpress\/segunda\/wp-json\/wp\/v2\/tags?post=229258"}],"curies":[{"name":"wp","href":"https:\/\/api.w.org\/{rel}","templated":true}]}}