{"id":229470,"date":"2024-07-12T09:05:00","date_gmt":"2024-07-12T07:05:00","guid":{"rendered":"https:\/\/www.tucomarca.com\/wordpress\/segunda\/?p=229470"},"modified":"2024-07-12T19:14:28","modified_gmt":"2024-07-12T17:14:28","slug":"fallece-un-agente-medioambiental-de-63-anos-tras-desplomarse-mientras-supervisaba-un-trabajo-en-zarra","status":"publish","type":"post","link":"https:\/\/www.tucomarca.com\/wordpress\/segunda\/fallece-un-agente-medioambiental-de-63-anos-tras-desplomarse-mientras-supervisaba-un-trabajo-en-zarra\/","title":{"rendered":"Fallece un agente medioambiental de 63 a\u00f1os tras desplomarse mientras supervisaba un trabajo en Zarra"},"content":{"rendered":"\n<p>Un tr\u00e1gico suceso tuvo lugar ayer en el t\u00e9rmino municipal de Zarra cuando un agente medioambiental de 63 a\u00f1os falleci\u00f3 tras desplomarse mientras supervisaba un trabajo en la zona.<\/p>\n\n\n\n<p>Seg\u00fan informaron fuentes del Consorcio de Bomberos, el incidente ocurri\u00f3 alrededor de las 13,04 horas. En respuesta a la emergencia, se moviliz\u00f3 a un sargento de bomberos de Requena, un coordinador forestal del Consorcio, bomberos voluntarios de Ayora y una unidad de bomberos forestales de la Generalitat Valenciana tras ser alertados de que un var\u00f3n se encontraba inconsciente.<\/p>\n\n\n\n<p>Al llegar al lugar, los efectivos del Consorcio no tuvieron que realizar labores de rescate, ya que la persona fue atendida inmediatamente por los medios sanitarios presentes, quienes se hicieron cargo de la situaci\u00f3n.<\/p>\n\n\n\n<p>Desde el Centro de Informaci\u00f3n y Coordinaci\u00f3n de Urgencias (CICU) se despleg\u00f3 una unidad de Soporte Vital B\u00e1sico (SVB) y un helic\u00f3ptero medicalizado. Adem\u00e1s, desde la sala de coordinaci\u00f3n, un m\u00e9dico proporcion\u00f3 instrucciones a los compa\u00f1eros del fallecido sobre c\u00f3mo proceder mientras llegaban los equipos de emergencia.<\/p>\n\n\n\n<p>Pese a los esfuerzos realizados por el equipo sanitario de soporte vital b\u00e1sico, el hombre no respondi\u00f3 a las maniobras de reanimaci\u00f3n y los servicios m\u00e9dicos confirmaron su fallecimiento en el lugar.<\/p>\n\n\n\n<p>A la espera de la autopsia, se cree que la causa del fallecimiento pudo haber sido un golpe de calor, dada la alta temperatura registrada durante el d\u00eda de ayer. <\/p>\n","protected":false},"excerpt":{"rendered":"<div class=\"mh-excerpt\">Un tr\u00e1gico suceso tuvo lugar ayer en el t\u00e9rmino municipal de Zarra cuando un agente medioambiental de 63 a\u00f1os falleci\u00f3 tras desplomarse mientras supervisaba un trabajo en la zona. Seg\u00fan informaron fuentes del Consorcio de <a class=\"mh-excerpt-more\" href=\"https:\/\/www.tucomarca.com\/wordpress\/segunda\/fallece-un-agente-medioambiental-de-63-anos-tras-desplomarse-mientras-supervisaba-un-trabajo-en-zarra\/\" title=\"Fallece un agente medioambiental de 63 a\u00f1os tras desplomarse mientras supervisaba un trabajo en Zarra\">[+] <\/a><\/div>\n","protected":false},"author":12,"featured_media":211438,"comment_status":"open","ping_status":"open","sticky":false,"template":"","format":"standard","meta":{"footnotes":""},"categories":[38,128,8,3,116,45,233],"tags":[10540,13006,10609],"class_list":{"0":"post-229470","1":"post","2":"type-post","3":"status-publish","4":"format-standard","5":"has-post-thumbnail","7":"category-ayora-cofrentes","8":"category-infraestructuras","9":"category-la-comarca","10":"category-seccion","11":"category-sucesos-la-comarca","12":"category-ventana","13":"category-zarra","14":"tag-ayora-cofrentes","15":"tag-consorcio-de-bomberos","16":"tag-zarra"},"_links":{"self":[{"href":"https:\/\/www.tucomarca.com\/wordpress\/segunda\/wp-json\/wp\/v2\/posts\/229470","targetHints":{"allow":["GET"]}}],"collection":[{"href":"https:\/\/www.tucomarca.com\/wordpress\/segunda\/wp-json\/wp\/v2\/posts"}],"about":[{"href":"https:\/\/www.tucomarca.com\/wordpress\/segunda\/wp-json\/wp\/v2\/types\/post"}],"author":[{"embeddable":true,"href":"https:\/\/www.tucomarca.com\/wordpress\/segunda\/wp-json\/wp\/v2\/users\/12"}],"replies":[{"embeddable":true,"href":"https:\/\/www.tucomarca.com\/wordpress\/segunda\/wp-json\/wp\/v2\/comments?post=229470"}],"version-history":[{"count":0,"href":"https:\/\/www.tucomarca.com\/wordpress\/segunda\/wp-json\/wp\/v2\/posts\/229470\/revisions"}],"wp:featuredmedia":[{"embeddable":true,"href":"https:\/\/www.tucomarca.com\/wordpress\/segunda\/wp-json\/wp\/v2\/media\/211438"}],"wp:attachment":[{"href":"https:\/\/www.tucomarca.com\/wordpress\/segunda\/wp-json\/wp\/v2\/media?parent=229470"}],"wp:term":[{"taxonomy":"category","embeddable":true,"href":"https:\/\/www.tucomarca.com\/wordpress\/segunda\/wp-json\/wp\/v2\/categories?post=229470"},{"taxonomy":"post_tag","embeddable":true,"href":"https:\/\/www.tucomarca.com\/wordpress\/segunda\/wp-json\/wp\/v2\/tags?post=229470"}],"curies":[{"name":"wp","href":"https:\/\/api.w.org\/{rel}","templated":true}]}}