{"id":22959,"date":"2014-02-12T20:30:06","date_gmt":"2014-02-12T17:30:06","guid":{"rendered":"http:\/\/www.tucomarca.com\/wordpress\/segunda\/?p=22959"},"modified":"2014-02-12T20:36:40","modified_gmt":"2014-02-12T17:36:40","slug":"pablo-mas-obtiene-el-primer-premio-en-xvi-concurso-de-jovenes-interpretes-de-xativa","status":"publish","type":"post","link":"https:\/\/www.tucomarca.com\/wordpress\/segunda\/pablo-mas-obtiene-el-primer-premio-en-xvi-concurso-de-jovenes-interpretes-de-xativa\/","title":{"rendered":"Pablo Mas obtiene el primer premio en XVI concurso de j\u00f3venes int\u00e9rpretes de X\u00e0tiva"},"content":{"rendered":"<figure id=\"attachment_22960\" aria-describedby=\"caption-attachment-22960\" style=\"width: 228px\" class=\"wp-caption alignleft\"><a rel=\"attachment wp-att-22960\" href=\"https:\/\/www.tucomarca.com\/wordpress\/segunda\/?attachment_id=22960\"><img loading=\"lazy\" decoding=\"async\" class=\"size-medium wp-image-22960\" title=\"pablo\" src=\"https:\/\/www.tucomarca.com\/wordpress\/segunda\/wp-content\/uploads\/2014\/02\/pablo-228x300.jpg\" alt=\"\" width=\"228\" height=\"300\" \/><\/a><figcaption id=\"caption-attachment-22960\" class=\"wp-caption-text\">El bu\u00f1olense sigue ampliando su exitoso curr\u00edculum. tc.c<\/figcaption><\/figure>\n<p>El pasado fin de semana, el bu\u00f1olense Pablo Mas Ram\u00f3n, bombardino, fue galardonado con el Primer Premio de la categor\u00eda A \u2013de 22 a 26 a\u00f1os de edad\u2013 de la modalidad Viento-Metal en el XVI Concurso de j\u00f3venes int\u00e9rpretes de X\u00e0tiva.<\/p>\n<p>En la primera fase del concurso, Mas interpret\u00f3 la obra obligada \u201cLa Gruta\u201d de D. Ni\u00f1erola, y en la fase final, el concierto para bombardino de B. Cosma, con una interpretaci\u00f3n impecable tanto en la primera fase como en la fase final, ambas interpretadas de memoria.<\/p>\n<p>A este nuevo \u00e9xito, se suman los ya conseguidos en este a\u00f1o pasado, donde en abril de 2013 fue galardonado con el segundo premio en el Concurso Permanente de Juventudes Musicales de Espa\u00f1a en la especialidad de Viento-metal, obteniendo una gira de recitales por todo el pa\u00eds para el a\u00f1o 2014. En noviembre de 2013, obtuvo el segundo premio (acc\u00e9sit) en el Concurso Nacional de J\u00f3venes Int\u00e9rpretes \u201cRuperto Chap\u00ed\u201d de Villena en la especialidad de viento-metal.<\/p>\n<p>El concurso de X\u00e0tiva es uno de los concursos m\u00e1s importantes a nivel nacional, que con la decimo sexta edici\u00f3n, se consolida como un referente del nivel de las nuevas generaciones de j\u00f3venes m\u00fasicos.<\/p>\n","protected":false},"excerpt":{"rendered":"<div class=\"mh-excerpt\">El pasado fin de semana, el bu\u00f1olense Pablo Mas Ram\u00f3n, bombardino, fue galardonado con el Primer Premio de la categor\u00eda A \u2013de 22 a 26 a\u00f1os de edad\u2013 de la modalidad Viento-Metal en el XVI <a class=\"mh-excerpt-more\" href=\"https:\/\/www.tucomarca.com\/wordpress\/segunda\/pablo-mas-obtiene-el-primer-premio-en-xvi-concurso-de-jovenes-interpretes-de-xativa\/\" title=\"Pablo Mas obtiene el primer premio en XVI concurso de j\u00f3venes int\u00e9rpretes de X\u00e0tiva\">[+] <\/a><\/div>\n","protected":false},"author":2,"featured_media":22960,"comment_status":"open","ping_status":"open","sticky":false,"template":"","format":"standard","meta":{"footnotes":""},"categories":[18,66,10,7,3],"tags":[3267,3268,3269,3266,787,3270],"class_list":{"0":"post-22959","1":"post","2":"type-post","3":"status-publish","4":"format-standard","5":"has-post-thumbnail","7":"category-bunol","8":"category-musica","9":"category-la-hoya","10":"category-ocio-y-cultura","11":"category-seccion","12":"tag-bombardino","13":"tag-bunolense","14":"tag-concurso-solistas","15":"tag-pablo-mas","16":"tag-premio","17":"tag-xativa"},"_links":{"self":[{"href":"https:\/\/www.tucomarca.com\/wordpress\/segunda\/wp-json\/wp\/v2\/posts\/22959","targetHints":{"allow":["GET"]}}],"collection":[{"href":"https:\/\/www.tucomarca.com\/wordpress\/segunda\/wp-json\/wp\/v2\/posts"}],"about":[{"href":"https:\/\/www.tucomarca.com\/wordpress\/segunda\/wp-json\/wp\/v2\/types\/post"}],"author":[{"embeddable":true,"href":"https:\/\/www.tucomarca.com\/wordpress\/segunda\/wp-json\/wp\/v2\/users\/2"}],"replies":[{"embeddable":true,"href":"https:\/\/www.tucomarca.com\/wordpress\/segunda\/wp-json\/wp\/v2\/comments?post=22959"}],"version-history":[{"count":0,"href":"https:\/\/www.tucomarca.com\/wordpress\/segunda\/wp-json\/wp\/v2\/posts\/22959\/revisions"}],"wp:featuredmedia":[{"embeddable":true,"href":"https:\/\/www.tucomarca.com\/wordpress\/segunda\/wp-json\/wp\/v2\/media\/22960"}],"wp:attachment":[{"href":"https:\/\/www.tucomarca.com\/wordpress\/segunda\/wp-json\/wp\/v2\/media?parent=22959"}],"wp:term":[{"taxonomy":"category","embeddable":true,"href":"https:\/\/www.tucomarca.com\/wordpress\/segunda\/wp-json\/wp\/v2\/categories?post=22959"},{"taxonomy":"post_tag","embeddable":true,"href":"https:\/\/www.tucomarca.com\/wordpress\/segunda\/wp-json\/wp\/v2\/tags?post=22959"}],"curies":[{"name":"wp","href":"https:\/\/api.w.org\/{rel}","templated":true}]}}