{"id":229711,"date":"2024-07-15T11:45:00","date_gmt":"2024-07-15T09:45:00","guid":{"rendered":"https:\/\/www.tucomarca.com\/wordpress\/segunda\/?p=229711"},"modified":"2024-07-15T20:04:11","modified_gmt":"2024-07-15T18:04:11","slug":"el-enoturismo-esta-en-auge-en-la-do-utiel-requena","status":"publish","type":"post","link":"https:\/\/www.tucomarca.com\/wordpress\/segunda\/el-enoturismo-esta-en-auge-en-la-do-utiel-requena\/","title":{"rendered":"El enoturismo est\u00e1 en auge en la DO Utiel-Requena\u00a0"},"content":{"rendered":"\n<p>El enoturismo es la actividad tur\u00edstica que consiste en la visita a bodegas para conocer sus vinos, los procesos de elaboraci\u00f3n,&nbsp; el recorrido por vi\u00f1edos y todas las acciones encaminadas a conocer la cultura del vino, en general.<\/p>\n\n\n\n<p>En la comarca se pueden conocer con todo lujo de detalles todas las actividades enotur\u00edsticas a trav\u00e9s de la asociaci\u00f3n Ruta del Vino de la Denominaci\u00f3n de Origen Protegida Utiel-Requena. Esta zona del interior de la provincia de Valencia cuenta con grandes atractivos enotur\u00edsticos. Hay gran n\u00famero de bodegas con gran valor hist\u00f3rico y arquitect\u00f3nico que vale la pena conocer. En ellas, se elabora una amplia gama de vinos con una calidad excepcional, que es obligado conocer y degustar. En el caso del municipio de Requena tambi\u00e9n hay bodegas que elaboran cavas de reconocida calidad.<\/p>\n\n\n\n<p>Cabe recordar que, Requena es el \u00fanico municipio de la Comunidad Valenciana integrado en la Denominaci\u00f3n de Origen Cava, y por tanto, el \u00fanico autorizado para elaborar la bebida espumosa.<\/p>\n\n\n\n<p>Tambi\u00e9n es un aut\u00e9ntico placer visitar el mar de vi\u00f1edos que ofrecen muchas zonas de Utiel-Requena, cuando las vides tienen una vegetaci\u00f3n plena y sobre en oto\u00f1o; pues en esta estaci\u00f3n los p\u00e1mpanos ofrecen una rica exposici\u00f3n crom\u00e1tica con multitud de tonos.<\/p>\n\n\n\n<p>Los entusiastas del vino y de su cultura que vengan a visitar bodegas y vi\u00f1edos de la DO Utiel- Requena, pueden complementar esta visita degustando la rica gastronom\u00eda con la que cuentan los nueve municipios que la integran. Platos que maridan a la perfecci\u00f3n con los vinos y cavas de la zona.<\/p>\n\n\n\n<p>Hay que aprovechar tambi\u00e9n la visita a la zona para conocer los cascos hist\u00f3ricos de las poblaciones de Utiel y Requena y los paisajes m\u00e1s destacados de la comarca y sobre todo los que encierran las riberas de los r\u00edos.<\/p>\n\n\n\n<p>Tampoco puede faltar una visita al yacimiento arqueol\u00f3gico de la Solana de las Polillas donde comenzaron a elaborarse vinos en siglo VII antes de Cristo.<\/p>\n\n\n\n<p>El enoturismo, adem\u00e1s de facilitar la promoci\u00f3n de vinos y cavas contribuye a la creaci\u00f3n de puestos de trabajo. Y es que, est\u00e1 forma de hacer turismo est\u00e1 favoreciendo un incremento exponencial de las visitas a la comarca. Informa, <strong>Luis Ib\u00e1\u00f1ez<\/strong>.<\/p>\n","protected":false},"excerpt":{"rendered":"<div class=\"mh-excerpt\">El enoturismo es la actividad tur\u00edstica que consiste en la visita a bodegas para conocer sus vinos, los procesos de elaboraci\u00f3n,&nbsp; el recorrido por vi\u00f1edos y todas las acciones encaminadas a conocer la cultura del <a class=\"mh-excerpt-more\" href=\"https:\/\/www.tucomarca.com\/wordpress\/segunda\/el-enoturismo-esta-en-auge-en-la-do-utiel-requena\/\" title=\"El enoturismo est\u00e1 en auge en la DO Utiel-Requena\u00a0\">[+] <\/a><\/div>\n","protected":false},"author":13,"featured_media":173745,"comment_status":"open","ping_status":"open","sticky":false,"template":"","format":"standard","meta":{"footnotes":""},"categories":[169,113,128,8,7,28,27,3],"tags":[20936,1421],"class_list":{"0":"post-229711","1":"post","2":"type-post","3":"status-publish","4":"format-standard","5":"has-post-thumbnail","7":"category-agricultura-la-comarca","8":"category-vinos","9":"category-infraestructuras","10":"category-la-comarca","11":"category-ocio-y-cultura","12":"category-requena","13":"category-requena-utiel","14":"category-seccion","15":"tag-requena-utiel-3","16":"tag-vinos-2"},"_links":{"self":[{"href":"https:\/\/www.tucomarca.com\/wordpress\/segunda\/wp-json\/wp\/v2\/posts\/229711","targetHints":{"allow":["GET"]}}],"collection":[{"href":"https:\/\/www.tucomarca.com\/wordpress\/segunda\/wp-json\/wp\/v2\/posts"}],"about":[{"href":"https:\/\/www.tucomarca.com\/wordpress\/segunda\/wp-json\/wp\/v2\/types\/post"}],"author":[{"embeddable":true,"href":"https:\/\/www.tucomarca.com\/wordpress\/segunda\/wp-json\/wp\/v2\/users\/13"}],"replies":[{"embeddable":true,"href":"https:\/\/www.tucomarca.com\/wordpress\/segunda\/wp-json\/wp\/v2\/comments?post=229711"}],"version-history":[{"count":0,"href":"https:\/\/www.tucomarca.com\/wordpress\/segunda\/wp-json\/wp\/v2\/posts\/229711\/revisions"}],"wp:featuredmedia":[{"embeddable":true,"href":"https:\/\/www.tucomarca.com\/wordpress\/segunda\/wp-json\/wp\/v2\/media\/173745"}],"wp:attachment":[{"href":"https:\/\/www.tucomarca.com\/wordpress\/segunda\/wp-json\/wp\/v2\/media?parent=229711"}],"wp:term":[{"taxonomy":"category","embeddable":true,"href":"https:\/\/www.tucomarca.com\/wordpress\/segunda\/wp-json\/wp\/v2\/categories?post=229711"},{"taxonomy":"post_tag","embeddable":true,"href":"https:\/\/www.tucomarca.com\/wordpress\/segunda\/wp-json\/wp\/v2\/tags?post=229711"}],"curies":[{"name":"wp","href":"https:\/\/api.w.org\/{rel}","templated":true}]}}