{"id":229820,"date":"2024-07-16T11:00:00","date_gmt":"2024-07-16T09:00:00","guid":{"rendered":"https:\/\/www.tucomarca.com\/wordpress\/segunda\/?p=229820"},"modified":"2024-07-16T13:35:30","modified_gmt":"2024-07-16T11:35:30","slug":"un-incendio-industrial-en-alzira-afecta-a-una-furgoneta-de-vending-dentro-de-una-nave","status":"publish","type":"post","link":"https:\/\/www.tucomarca.com\/wordpress\/segunda\/un-incendio-industrial-en-alzira-afecta-a-una-furgoneta-de-vending-dentro-de-una-nave\/","title":{"rendered":"Un incendio industrial en Alzira afecta a una furgoneta de vending dentro de una nave"},"content":{"rendered":"\n<p>Un incendio industrial se desat\u00f3 en una nave en Alzira este lunes por la noche afectando gravemente a una furgoneta de vending que se encontraba en su interior. <\/p>\n\n\n\n<p>El incidente requiri\u00f3 la intervenci\u00f3n inmediata de los servicios de emergencia para evitar una mayor propagaci\u00f3n del fuego y da\u00f1os adicionales.<\/p>\n\n\n\n<p>El siniestro, que se report\u00f3 en las primeras horas de la noche, gener\u00f3 una gran alarma en la zona industrial de Alzira, para combatir el incendio, se movilizaron cinco dotaciones de bomberos provenientes de Alzira y X\u00e0tiva, adem\u00e1s del sargento de Alzira y el cabo de sector. <\/p>\n\n\n\n<p>Gracias a la r\u00e1pida y efectiva actuaci\u00f3n de los bomberos, el fuego fue controlado y extinguido, evitando que se extendiera a otras partes de la nave y a estructuras adyacentes.<\/p>\n\n\n\n<figure class=\"wp-block-image size-full\"><img loading=\"lazy\" decoding=\"async\" width=\"886\" height=\"665\" src=\"https:\/\/www.tucomarca.com\/wordpress\/segunda\/wp-content\/uploads\/2024\/07\/BomberosAlzira2.jpg\" alt=\"\" class=\"wp-image-229828\" srcset=\"https:\/\/www.tucomarca.com\/wordpress\/segunda\/wp-content\/uploads\/2024\/07\/BomberosAlzira2.jpg 886w, https:\/\/www.tucomarca.com\/wordpress\/segunda\/wp-content\/uploads\/2024\/07\/BomberosAlzira2-300x225.jpg 300w, https:\/\/www.tucomarca.com\/wordpress\/segunda\/wp-content\/uploads\/2024\/07\/BomberosAlzira2-768x576.jpg 768w, https:\/\/www.tucomarca.com\/wordpress\/segunda\/wp-content\/uploads\/2024\/07\/BomberosAlzira2-678x509.jpg 678w, https:\/\/www.tucomarca.com\/wordpress\/segunda\/wp-content\/uploads\/2024\/07\/BomberosAlzira2-326x245.jpg 326w, https:\/\/www.tucomarca.com\/wordpress\/segunda\/wp-content\/uploads\/2024\/07\/BomberosAlzira2-80x60.jpg 80w\" sizes=\"auto, (max-width: 886px) 100vw, 886px\" \/><\/figure>\n","protected":false},"excerpt":{"rendered":"<div class=\"mh-excerpt\">Un incendio industrial se desat\u00f3 en una nave en Alzira este lunes por la noche afectando gravemente a una furgoneta de vending que se encontraba en su interior. El incidente requiri\u00f3 la intervenci\u00f3n inmediata de <a class=\"mh-excerpt-more\" href=\"https:\/\/www.tucomarca.com\/wordpress\/segunda\/un-incendio-industrial-en-alzira-afecta-a-una-furgoneta-de-vending-dentro-de-una-nave\/\" title=\"Un incendio industrial en Alzira afecta a una furgoneta de vending dentro de una nave\">[+] <\/a><\/div>\n","protected":false},"author":12,"featured_media":229826,"comment_status":"open","ping_status":"open","sticky":false,"template":"","format":"image","meta":{"footnotes":""},"categories":[69,8,42,3,116,45],"tags":[10402,20341],"class_list":{"0":"post-229820","1":"post","2":"type-post","3":"status-publish","4":"format-image","5":"has-post-thumbnail","7":"category-alzira","8":"category-la-comarca","9":"category-la-ribera","10":"category-seccion","11":"category-sucesos-la-comarca","12":"category-ventana","13":"tag-alzira","14":"tag-bomberos-consorcio-provincial-de-bomberos-de-valencia","15":"post_format-post-format-image"},"_links":{"self":[{"href":"https:\/\/www.tucomarca.com\/wordpress\/segunda\/wp-json\/wp\/v2\/posts\/229820","targetHints":{"allow":["GET"]}}],"collection":[{"href":"https:\/\/www.tucomarca.com\/wordpress\/segunda\/wp-json\/wp\/v2\/posts"}],"about":[{"href":"https:\/\/www.tucomarca.com\/wordpress\/segunda\/wp-json\/wp\/v2\/types\/post"}],"author":[{"embeddable":true,"href":"https:\/\/www.tucomarca.com\/wordpress\/segunda\/wp-json\/wp\/v2\/users\/12"}],"replies":[{"embeddable":true,"href":"https:\/\/www.tucomarca.com\/wordpress\/segunda\/wp-json\/wp\/v2\/comments?post=229820"}],"version-history":[{"count":0,"href":"https:\/\/www.tucomarca.com\/wordpress\/segunda\/wp-json\/wp\/v2\/posts\/229820\/revisions"}],"wp:featuredmedia":[{"embeddable":true,"href":"https:\/\/www.tucomarca.com\/wordpress\/segunda\/wp-json\/wp\/v2\/media\/229826"}],"wp:attachment":[{"href":"https:\/\/www.tucomarca.com\/wordpress\/segunda\/wp-json\/wp\/v2\/media?parent=229820"}],"wp:term":[{"taxonomy":"category","embeddable":true,"href":"https:\/\/www.tucomarca.com\/wordpress\/segunda\/wp-json\/wp\/v2\/categories?post=229820"},{"taxonomy":"post_tag","embeddable":true,"href":"https:\/\/www.tucomarca.com\/wordpress\/segunda\/wp-json\/wp\/v2\/tags?post=229820"}],"curies":[{"name":"wp","href":"https:\/\/api.w.org\/{rel}","templated":true}]}}