{"id":229836,"date":"2024-07-16T11:30:00","date_gmt":"2024-07-16T09:30:00","guid":{"rendered":"https:\/\/www.tucomarca.com\/wordpress\/segunda\/?p=229836"},"modified":"2024-07-16T18:47:24","modified_gmt":"2024-07-16T16:47:24","slug":"comienza-en-cheste-un-proyecto-de-ciencia-ciudadana-para-la-busqueda-de-nuevos-antibioticos","status":"publish","type":"post","link":"https:\/\/www.tucomarca.com\/wordpress\/segunda\/comienza-en-cheste-un-proyecto-de-ciencia-ciudadana-para-la-busqueda-de-nuevos-antibioticos\/","title":{"rendered":"Comienza en Cheste un proyecto de ciencia ciudadana para la b\u00fasqueda de nuevos antibi\u00f3ticos"},"content":{"rendered":"\n<p>El pasado martes, 9 de julio, comenz\u00f3 el primer taller del proyecto \u201cPueblos con-ciencia\u201d, una iniciativa promovida por la Universidad CEU Cardenal Herrera (CEU UCH) junto a la Concejal\u00eda de Sanidad del Ayuntamiento de Cheste que tiene como objetivo involucrar a la ciudadan\u00eda en el reto cient\u00edfico de buscar nuevos antibi\u00f3ticos. De este modo se podr\u00e1n determinar \u00e1reas del municipio en las que el suelo es rico en bacterias que, potencialmente, podr\u00edan dar lugar a un nuevo antibi\u00f3tico en el futuro.<\/p>\n\n\n\n<p>Bajo la direcci\u00f3n de profesorado y alumnado de la Facultad de Ciencias de la Salud de la Universidad CEU UCH, integrantes del equipo SWICEU; el proyecto tambi\u00e9n pretende divulgar el uso prudente de antibi\u00f3ticos y la protecci\u00f3n del medio ambiente. Adem\u00e1s, el proceso quedar\u00e1 registrado en una serie audiovisual titulada \u201cPueblos con-ciencia\u201d, realizada por el propio equipo SWICEU.<\/p>\n\n\n\n<p>Concretamente, un grupo de 20 vecinos y vecinas de Cheste, no vinculados con la investigaci\u00f3n cient\u00edfica, est\u00e1n participando durante el mes de julio en distintas sesiones en las que, con la gu\u00eda del profesorado experto, contribuir\u00e1n a la b\u00fasqueda de nuevos antibi\u00f3ticos en el medio natural de la localidad, siguiendo el procedimiento de hallazgo de la penicilina, por Alexander Fleming. \u201cEste proyecto tambi\u00e9n pretende dar respuesta al reto de salud global que deriva del aumento de las infecciones bacterianas resistentes a los antibi\u00f3ticos existentes, que podr\u00eda convertirse en la primera causa de muerte en las pr\u00f3ximas d\u00e9cadas\u201d, explicaba la catedr\u00e1tica de Microbiolog\u00eda de la CEU UCH, Teresa P\u00e9rez Gracia, en la primera sesi\u00f3n, en la que tambi\u00e9n se hizo una introducci\u00f3n sobre el proyecto y sobre la situaci\u00f3n sanitaria con respecto a los antibi\u00f3ticos.&nbsp;<\/p>\n\n\n\n<p>\u201cSolo en Espa\u00f1a, el estudio de la Sociedad Espa\u00f1ola de Enfermedades Infecciosas y Microbiolog\u00eda Cl\u00ednica (SEIMC), realizado en 130 hospitales, revela que m\u00e1s de 23.000 personas han muerto en 2023 por infecciones que no responden a los antibi\u00f3ticos, una cifra que multiplica por 20 a las muertes por accidentes de tr\u00e1fico. A nivel mundial, 1,27 millones de las muertes se asociaron ya en 2019 de forma directa con infecciones por bacterias resistentes y 4,95 millones con sus efectos indirectos. Es necesaria la colaboraci\u00f3n ciudadana en experimentos cient\u00edficos y la concienciaci\u00f3n sobre el buen uso de los antibi\u00f3ticos: las bacterias pat\u00f3genas afectan a las personas, pero tambi\u00e9n a plantas y animales por lo que los antibi\u00f3ticos son esenciales en cl\u00ednica, veterinaria y agricultura\u201d, apuntaba P\u00e9rez.<\/p>\n\n\n\n<p>Por su parte, la concejala de Sanidad, M\u00aa \u00c1ngeles Llorente, puso en valor este proyecto iniciado en 2017, que hasta el momento ha contado con la colaboraci\u00f3n de centros educativos y alumnado de ESO y Bachillerato y que ahora abre sus fronteras a toda la ciudadan\u00eda. \u201cEs necesario concienciar a la poblaci\u00f3n del uso responsable de los antibi\u00f3ticos y, por ello, desde la Concejal\u00eda de Sanidad, decidimos apoyar la propuesta de este grupo de cient\u00edficos para poner en marcha este proyecto de ciencia ciudadana en nuestro pueblo. Espero que sea muy provechoso para las personas participantes, para el equipo de investigaci\u00f3n y para toda la ciudadan\u00eda\u201d, manifestaba Llorente.<\/p>\n\n\n\n<p>En las primeras sesiones el grupo de participantes recibi\u00f3 el material y las instrucciones para hacer la recogida de muestras de tierra en el t\u00e9rmino municipal de Cheste, con el fin de analizarlas posteriormente, siempre de forma guiada y con material espec\u00edfico, en busca de microorganismos con capacidad de antibiosis. Los an\u00e1lisis y experimentos continuar\u00e1n realiz\u00e1ndose durante las pr\u00f3ximas sesiones y finalizar\u00e1n el 23 de julio, con el balance de los hallazgos.&nbsp;<\/p>\n\n\n\n<p>Por otra parte, mediante el proyecto audiovisual que se desarrolla simult\u00e1neamente a los experimentos y an\u00e1lisis, se pondr\u00e1 en valor el proceso, el entorno natural, las costumbres, la historia y las tradiciones de Cheste, y se recoger\u00e1n las historias personales de las personas seleccionadas entre el grupo participantes para protagonizar cada episodio.<\/p>\n\n\n\n<figure class=\"wp-block-gallery has-nested-images columns-2 is-cropped wp-block-gallery-1 is-layout-flex wp-block-gallery-is-layout-flex\">\n<figure class=\"wp-block-image size-large\"><img loading=\"lazy\" decoding=\"async\" width=\"1024\" height=\"683\" data-id=\"229841\" src=\"https:\/\/www.tucomarca.com\/wordpress\/segunda\/wp-content\/uploads\/2024\/07\/240710_Proyecto-Ciencia-del-pueblo_2-1024x683.jpg\" alt=\"\" class=\"wp-image-229841\" srcset=\"https:\/\/www.tucomarca.com\/wordpress\/segunda\/wp-content\/uploads\/2024\/07\/240710_Proyecto-Ciencia-del-pueblo_2-1024x683.jpg 1024w, https:\/\/www.tucomarca.com\/wordpress\/segunda\/wp-content\/uploads\/2024\/07\/240710_Proyecto-Ciencia-del-pueblo_2-300x200.jpg 300w, https:\/\/www.tucomarca.com\/wordpress\/segunda\/wp-content\/uploads\/2024\/07\/240710_Proyecto-Ciencia-del-pueblo_2-768x512.jpg 768w, https:\/\/www.tucomarca.com\/wordpress\/segunda\/wp-content\/uploads\/2024\/07\/240710_Proyecto-Ciencia-del-pueblo_2-1536x1024.jpg 1536w, https:\/\/www.tucomarca.com\/wordpress\/segunda\/wp-content\/uploads\/2024\/07\/240710_Proyecto-Ciencia-del-pueblo_2-2048x1365.jpg 2048w\" sizes=\"auto, (max-width: 1024px) 100vw, 1024px\" \/><\/figure>\n\n\n\n<figure class=\"wp-block-image size-large\"><img loading=\"lazy\" decoding=\"async\" width=\"1024\" height=\"683\" data-id=\"229842\" src=\"https:\/\/www.tucomarca.com\/wordpress\/segunda\/wp-content\/uploads\/2024\/07\/240710_Proyecto-Ciencia-del-pueblo_3-1024x683.jpg\" alt=\"\" class=\"wp-image-229842\" srcset=\"https:\/\/www.tucomarca.com\/wordpress\/segunda\/wp-content\/uploads\/2024\/07\/240710_Proyecto-Ciencia-del-pueblo_3-1024x683.jpg 1024w, https:\/\/www.tucomarca.com\/wordpress\/segunda\/wp-content\/uploads\/2024\/07\/240710_Proyecto-Ciencia-del-pueblo_3-300x200.jpg 300w, https:\/\/www.tucomarca.com\/wordpress\/segunda\/wp-content\/uploads\/2024\/07\/240710_Proyecto-Ciencia-del-pueblo_3-768x512.jpg 768w, https:\/\/www.tucomarca.com\/wordpress\/segunda\/wp-content\/uploads\/2024\/07\/240710_Proyecto-Ciencia-del-pueblo_3-1536x1024.jpg 1536w, https:\/\/www.tucomarca.com\/wordpress\/segunda\/wp-content\/uploads\/2024\/07\/240710_Proyecto-Ciencia-del-pueblo_3-2048x1365.jpg 2048w\" sizes=\"auto, (max-width: 1024px) 100vw, 1024px\" \/><\/figure>\n\n\n\n<figure class=\"wp-block-image size-large\"><img loading=\"lazy\" decoding=\"async\" width=\"1024\" height=\"683\" data-id=\"229839\" src=\"https:\/\/www.tucomarca.com\/wordpress\/segunda\/wp-content\/uploads\/2024\/07\/240710_Proyecto-Ciencia-del-pueblo_4-1024x683.jpg\" alt=\"\" class=\"wp-image-229839\" srcset=\"https:\/\/www.tucomarca.com\/wordpress\/segunda\/wp-content\/uploads\/2024\/07\/240710_Proyecto-Ciencia-del-pueblo_4-1024x683.jpg 1024w, https:\/\/www.tucomarca.com\/wordpress\/segunda\/wp-content\/uploads\/2024\/07\/240710_Proyecto-Ciencia-del-pueblo_4-300x200.jpg 300w, https:\/\/www.tucomarca.com\/wordpress\/segunda\/wp-content\/uploads\/2024\/07\/240710_Proyecto-Ciencia-del-pueblo_4-768x512.jpg 768w, https:\/\/www.tucomarca.com\/wordpress\/segunda\/wp-content\/uploads\/2024\/07\/240710_Proyecto-Ciencia-del-pueblo_4-1536x1024.jpg 1536w, https:\/\/www.tucomarca.com\/wordpress\/segunda\/wp-content\/uploads\/2024\/07\/240710_Proyecto-Ciencia-del-pueblo_4-2048x1365.jpg 2048w\" sizes=\"auto, (max-width: 1024px) 100vw, 1024px\" \/><\/figure>\n\n\n\n<figure class=\"wp-block-image size-large\"><img loading=\"lazy\" decoding=\"async\" width=\"1024\" height=\"683\" data-id=\"229846\" src=\"https:\/\/www.tucomarca.com\/wordpress\/segunda\/wp-content\/uploads\/2024\/07\/240710_Proyecto-Ciencia-del-pueblo_5-1024x683.jpg\" alt=\"\" class=\"wp-image-229846\" srcset=\"https:\/\/www.tucomarca.com\/wordpress\/segunda\/wp-content\/uploads\/2024\/07\/240710_Proyecto-Ciencia-del-pueblo_5-1024x683.jpg 1024w, https:\/\/www.tucomarca.com\/wordpress\/segunda\/wp-content\/uploads\/2024\/07\/240710_Proyecto-Ciencia-del-pueblo_5-300x200.jpg 300w, https:\/\/www.tucomarca.com\/wordpress\/segunda\/wp-content\/uploads\/2024\/07\/240710_Proyecto-Ciencia-del-pueblo_5-768x512.jpg 768w, https:\/\/www.tucomarca.com\/wordpress\/segunda\/wp-content\/uploads\/2024\/07\/240710_Proyecto-Ciencia-del-pueblo_5-1536x1024.jpg 1536w, https:\/\/www.tucomarca.com\/wordpress\/segunda\/wp-content\/uploads\/2024\/07\/240710_Proyecto-Ciencia-del-pueblo_5-2048x1365.jpg 2048w\" sizes=\"auto, (max-width: 1024px) 100vw, 1024px\" \/><\/figure>\n\n\n\n<figure class=\"wp-block-image size-large\"><img loading=\"lazy\" decoding=\"async\" width=\"1024\" height=\"683\" data-id=\"229849\" src=\"https:\/\/www.tucomarca.com\/wordpress\/segunda\/wp-content\/uploads\/2024\/07\/240710_Proyecto-Ciencia-del-pueblo_6-1024x683.jpg\" alt=\"\" class=\"wp-image-229849\" srcset=\"https:\/\/www.tucomarca.com\/wordpress\/segunda\/wp-content\/uploads\/2024\/07\/240710_Proyecto-Ciencia-del-pueblo_6-1024x683.jpg 1024w, https:\/\/www.tucomarca.com\/wordpress\/segunda\/wp-content\/uploads\/2024\/07\/240710_Proyecto-Ciencia-del-pueblo_6-300x200.jpg 300w, https:\/\/www.tucomarca.com\/wordpress\/segunda\/wp-content\/uploads\/2024\/07\/240710_Proyecto-Ciencia-del-pueblo_6-768x512.jpg 768w, https:\/\/www.tucomarca.com\/wordpress\/segunda\/wp-content\/uploads\/2024\/07\/240710_Proyecto-Ciencia-del-pueblo_6-1536x1024.jpg 1536w, https:\/\/www.tucomarca.com\/wordpress\/segunda\/wp-content\/uploads\/2024\/07\/240710_Proyecto-Ciencia-del-pueblo_6-2048x1365.jpg 2048w\" sizes=\"auto, (max-width: 1024px) 100vw, 1024px\" \/><\/figure>\n\n\n\n<figure class=\"wp-block-image size-large\"><img loading=\"lazy\" decoding=\"async\" width=\"1024\" height=\"683\" data-id=\"229845\" src=\"https:\/\/www.tucomarca.com\/wordpress\/segunda\/wp-content\/uploads\/2024\/07\/240710_Proyecto-Ciencia-del-pueblo_7-1024x683.jpg\" alt=\"\" class=\"wp-image-229845\" srcset=\"https:\/\/www.tucomarca.com\/wordpress\/segunda\/wp-content\/uploads\/2024\/07\/240710_Proyecto-Ciencia-del-pueblo_7-1024x683.jpg 1024w, https:\/\/www.tucomarca.com\/wordpress\/segunda\/wp-content\/uploads\/2024\/07\/240710_Proyecto-Ciencia-del-pueblo_7-300x200.jpg 300w, https:\/\/www.tucomarca.com\/wordpress\/segunda\/wp-content\/uploads\/2024\/07\/240710_Proyecto-Ciencia-del-pueblo_7-768x512.jpg 768w, https:\/\/www.tucomarca.com\/wordpress\/segunda\/wp-content\/uploads\/2024\/07\/240710_Proyecto-Ciencia-del-pueblo_7-1536x1024.jpg 1536w, https:\/\/www.tucomarca.com\/wordpress\/segunda\/wp-content\/uploads\/2024\/07\/240710_Proyecto-Ciencia-del-pueblo_7-2048x1365.jpg 2048w\" sizes=\"auto, (max-width: 1024px) 100vw, 1024px\" \/><\/figure>\n\n\n\n<figure class=\"wp-block-image size-large\"><img loading=\"lazy\" decoding=\"async\" width=\"1024\" height=\"683\" data-id=\"229851\" src=\"https:\/\/www.tucomarca.com\/wordpress\/segunda\/wp-content\/uploads\/2024\/07\/240710_Proyecto-Ciencia-del-pueblo_8-1024x683.jpg\" alt=\"\" class=\"wp-image-229851\" srcset=\"https:\/\/www.tucomarca.com\/wordpress\/segunda\/wp-content\/uploads\/2024\/07\/240710_Proyecto-Ciencia-del-pueblo_8-1024x683.jpg 1024w, https:\/\/www.tucomarca.com\/wordpress\/segunda\/wp-content\/uploads\/2024\/07\/240710_Proyecto-Ciencia-del-pueblo_8-300x200.jpg 300w, https:\/\/www.tucomarca.com\/wordpress\/segunda\/wp-content\/uploads\/2024\/07\/240710_Proyecto-Ciencia-del-pueblo_8-768x512.jpg 768w, https:\/\/www.tucomarca.com\/wordpress\/segunda\/wp-content\/uploads\/2024\/07\/240710_Proyecto-Ciencia-del-pueblo_8-1536x1024.jpg 1536w, https:\/\/www.tucomarca.com\/wordpress\/segunda\/wp-content\/uploads\/2024\/07\/240710_Proyecto-Ciencia-del-pueblo_8-2048x1365.jpg 2048w\" sizes=\"auto, (max-width: 1024px) 100vw, 1024px\" \/><\/figure>\n<\/figure>\n","protected":false},"excerpt":{"rendered":"<div class=\"mh-excerpt\">El pasado martes, 9 de julio, comenz\u00f3 el primer taller del proyecto \u201cPueblos con-ciencia\u201d, una iniciativa promovida por la Universidad CEU Cardenal Herrera (CEU UCH) junto a la Concejal\u00eda de Sanidad del Ayuntamiento de Cheste <a class=\"mh-excerpt-more\" href=\"https:\/\/www.tucomarca.com\/wordpress\/segunda\/comienza-en-cheste-un-proyecto-de-ciencia-ciudadana-para-la-busqueda-de-nuevos-antibioticos\/\" title=\"Comienza en Cheste un proyecto de ciencia ciudadana para la b\u00fasqueda de nuevos antibi\u00f3ticos\">[+] <\/a><\/div>\n","protected":false},"author":13,"featured_media":229837,"comment_status":"open","ping_status":"open","sticky":false,"template":"","format":"gallery","meta":{"footnotes":""},"categories":[17,128,8,10,117,142,3],"tags":[339,3523,75,20858],"class_list":{"0":"post-229836","1":"post","2":"type-post","3":"status-publish","4":"format-gallery","5":"has-post-thumbnail","7":"category-cheste","8":"category-infraestructuras","9":"category-la-comarca","10":"category-la-hoya","11":"category-medio-ambiente-la-comarca","12":"category-politica-la-comarca","13":"category-seccion","14":"tag-cheste-2","15":"tag-ciencias","16":"tag-educacion","17":"tag-la-hoya-de-bunol-chiva-4","18":"post_format-post-format-gallery"},"_links":{"self":[{"href":"https:\/\/www.tucomarca.com\/wordpress\/segunda\/wp-json\/wp\/v2\/posts\/229836","targetHints":{"allow":["GET"]}}],"collection":[{"href":"https:\/\/www.tucomarca.com\/wordpress\/segunda\/wp-json\/wp\/v2\/posts"}],"about":[{"href":"https:\/\/www.tucomarca.com\/wordpress\/segunda\/wp-json\/wp\/v2\/types\/post"}],"author":[{"embeddable":true,"href":"https:\/\/www.tucomarca.com\/wordpress\/segunda\/wp-json\/wp\/v2\/users\/13"}],"replies":[{"embeddable":true,"href":"https:\/\/www.tucomarca.com\/wordpress\/segunda\/wp-json\/wp\/v2\/comments?post=229836"}],"version-history":[{"count":0,"href":"https:\/\/www.tucomarca.com\/wordpress\/segunda\/wp-json\/wp\/v2\/posts\/229836\/revisions"}],"wp:featuredmedia":[{"embeddable":true,"href":"https:\/\/www.tucomarca.com\/wordpress\/segunda\/wp-json\/wp\/v2\/media\/229837"}],"wp:attachment":[{"href":"https:\/\/www.tucomarca.com\/wordpress\/segunda\/wp-json\/wp\/v2\/media?parent=229836"}],"wp:term":[{"taxonomy":"category","embeddable":true,"href":"https:\/\/www.tucomarca.com\/wordpress\/segunda\/wp-json\/wp\/v2\/categories?post=229836"},{"taxonomy":"post_tag","embeddable":true,"href":"https:\/\/www.tucomarca.com\/wordpress\/segunda\/wp-json\/wp\/v2\/tags?post=229836"}],"curies":[{"name":"wp","href":"https:\/\/api.w.org\/{rel}","templated":true}]}}