{"id":230047,"date":"2024-07-18T11:00:00","date_gmt":"2024-07-18T09:00:00","guid":{"rendered":"https:\/\/www.tucomarca.com\/wordpress\/segunda\/?p=230047"},"modified":"2024-07-19T11:46:32","modified_gmt":"2024-07-19T09:46:32","slug":"el-concierto-del-cim-la-armonica-clausura-la-xvii-bienal-de-musica-de-bunol-en-el-auditorio-este-viernes","status":"publish","type":"post","link":"https:\/\/www.tucomarca.com\/wordpress\/segunda\/el-concierto-del-cim-la-armonica-clausura-la-xvii-bienal-de-musica-de-bunol-en-el-auditorio-este-viernes\/","title":{"rendered":"El concierto del CIM \u00abLa Arm\u00f3nica\u00bb clausura la XVII Bienal de M\u00fasica de Bu\u00f1ol en el auditorio"},"content":{"rendered":"\n<p>Este viernes, 19 de julio, a las 23,00 horas, el auditorio al aire libre del paseo de San Luis de Bu\u00f1ol acoge el concierto de clausura de la XVII Bienal de M\u00fasica. Este evento, que promete ser una noche excepcional para los aficionados a la m\u00fasica, contar\u00e1 con un programa cuidadosamente seleccionado y una interpretaci\u00f3n de alto nivel. El programa del concierto incluye las siguientes obras: <em>Paso al Litro,<\/em> de Roque Ba\u00f1os; <em>L\u2019Arbre Blanc<\/em>, de Pere Vicalet; y <em>El Jard\u00edn de las Hesp\u00e9rides<\/em>, de Jos\u00e9 Su\u00f1er Oriola.<\/p>\n\n\n\n<p>La direcci\u00f3n estar\u00e1 a cargo del director Sa\u00fal G\u00f3mez Soler, quien guiar\u00e1 a la canda sinf\u00f3nica a trav\u00e9s de estas magn\u00edficas piezas. Este concierto es particularmente especial, ya que el mismo programa ser\u00e1 interpretado en el Certamen Internacional de Bandas de M\u00fasica Ciudad de Valencia este domingo, 21 de julio. Por tanto, los asistentes tendr\u00e1n la oportunidad de disfrutar de un adelanto exclusivo del repertorio que se presentar\u00e1 en el prestigioso certamen. La entrada al concierto en el auditorio es gratuita, ofreciendo a todos los interesados la posibilidad de asistir y disfrutar de una velada de m\u00fasica de alta calidad en un entorno \u00fanico.<\/p>\n\n\n\n<p><strong>Espect\u00e1culo \u00abDos coplas de m\u00e1s\u00bb<\/strong><\/p>\n\n\n\n<p>Adem\u00e1s, como parte de las actividades previas dentro del programa de la XVII Bienal de M\u00fasica de Bu\u00f1ol, este jueves 18 de julio a las 22:30 horas, el auditorio tambi\u00e9n acoger\u00e1 un espect\u00e1culo presentado por Rochi Producciones titulado \u00abDos Coplas de M\u00e1s\u00bb.<\/p>\n\n\n\n<p>Esta representaci\u00f3n promete ser una noche llena de m\u00fasica y emoci\u00f3n con las mejores coplas del repertorio cl\u00e1sico. La entrada para este espect\u00e1culo tiene un precio de 5 euros.<\/p>\n","protected":false},"excerpt":{"rendered":"<div class=\"mh-excerpt\">Este viernes, 19 de julio, a las 23,00 horas, el auditorio al aire libre del paseo de San Luis de Bu\u00f1ol acoge el concierto de clausura de la XVII Bienal de M\u00fasica. Este evento, que <a class=\"mh-excerpt-more\" href=\"https:\/\/www.tucomarca.com\/wordpress\/segunda\/el-concierto-del-cim-la-armonica-clausura-la-xvii-bienal-de-musica-de-bunol-en-el-auditorio-este-viernes\/\" title=\"El concierto del CIM \u00abLa Arm\u00f3nica\u00bb clausura la XVII Bienal de M\u00fasica de Bu\u00f1ol en el auditorio\">[+] <\/a><\/div>\n","protected":false},"author":12,"featured_media":230048,"comment_status":"open","ping_status":"open","sticky":false,"template":"","format":"standard","meta":{"footnotes":""},"categories":[4,18,66,8,10,7,3,45],"tags":[1366,3510,17298,10385,10563,20858,15855],"class_list":{"0":"post-230047","1":"post","2":"type-post","3":"status-publish","4":"format-standard","5":"has-post-thumbnail","7":"category-agenda","8":"category-bunol","9":"category-musica","10":"category-la-comarca","11":"category-la-hoya","12":"category-ocio-y-cultura","13":"category-seccion","14":"category-ventana","15":"tag-agenda-2","16":"tag-bandas-de-musica","17":"tag-bienal-de-musica-de-bunol","18":"tag-bunol","19":"tag-cim-la-armonica-de-bunol","20":"tag-la-hoya-de-bunol-chiva-4","21":"tag-ocio-y-cultura"},"_links":{"self":[{"href":"https:\/\/www.tucomarca.com\/wordpress\/segunda\/wp-json\/wp\/v2\/posts\/230047","targetHints":{"allow":["GET"]}}],"collection":[{"href":"https:\/\/www.tucomarca.com\/wordpress\/segunda\/wp-json\/wp\/v2\/posts"}],"about":[{"href":"https:\/\/www.tucomarca.com\/wordpress\/segunda\/wp-json\/wp\/v2\/types\/post"}],"author":[{"embeddable":true,"href":"https:\/\/www.tucomarca.com\/wordpress\/segunda\/wp-json\/wp\/v2\/users\/12"}],"replies":[{"embeddable":true,"href":"https:\/\/www.tucomarca.com\/wordpress\/segunda\/wp-json\/wp\/v2\/comments?post=230047"}],"version-history":[{"count":0,"href":"https:\/\/www.tucomarca.com\/wordpress\/segunda\/wp-json\/wp\/v2\/posts\/230047\/revisions"}],"wp:featuredmedia":[{"embeddable":true,"href":"https:\/\/www.tucomarca.com\/wordpress\/segunda\/wp-json\/wp\/v2\/media\/230048"}],"wp:attachment":[{"href":"https:\/\/www.tucomarca.com\/wordpress\/segunda\/wp-json\/wp\/v2\/media?parent=230047"}],"wp:term":[{"taxonomy":"category","embeddable":true,"href":"https:\/\/www.tucomarca.com\/wordpress\/segunda\/wp-json\/wp\/v2\/categories?post=230047"},{"taxonomy":"post_tag","embeddable":true,"href":"https:\/\/www.tucomarca.com\/wordpress\/segunda\/wp-json\/wp\/v2\/tags?post=230047"}],"curies":[{"name":"wp","href":"https:\/\/api.w.org\/{rel}","templated":true}]}}