{"id":230107,"date":"2024-07-18T11:56:00","date_gmt":"2024-07-18T09:56:00","guid":{"rendered":"https:\/\/www.tucomarca.com\/wordpress\/segunda\/?p=230107"},"modified":"2024-07-18T18:38:08","modified_gmt":"2024-07-18T16:38:08","slug":"el-institut-valencia-de-cultura-avanza-una-temporada-con-importantes-producciones-nacionales-y-companias-valencianas","status":"publish","type":"post","link":"https:\/\/www.tucomarca.com\/wordpress\/segunda\/el-institut-valencia-de-cultura-avanza-una-temporada-con-importantes-producciones-nacionales-y-companias-valencianas\/","title":{"rendered":"El Institut Valenci\u00e0 de Cultura avanza una temporada con importantes producciones nacionales y compa\u00f1\u00edas valencianas"},"content":{"rendered":"\n<p><strong>El Teatro Principal y el Teatro Rialto abrir\u00e1n la temporada con la experiencia esc\u00e9nica &#8216;Vania x Vania&#8217;, dirigida por Pablo Rem\u00f3n y con Javier C\u00e1mara en su elenco<\/strong>.<\/p>\n\n\n\n<p><strong>Tendr\u00e1 protagonismo la programaci\u00f3n expandida con talleres esc\u00e9nicos y charlas con personalidades de la escena<\/strong>.<\/p>\n\n\n\n<p>El Institut Valenci\u00e0 de Cultura prepara la pr\u00f3xima temporada con las propuestas valencianas y nacionales m\u00e1s interesantes del panorama esc\u00e9nico.&nbsp;<\/p>\n\n\n\n<p>La directora adjunta de Artes Esc\u00e9nicas del IVC, Mar\u00eda Jos\u00e9 Mora, ha destacado que se trata de una temporada en la que destaca \u201cla apuesta por la creaci\u00f3n valenciana, por formatos contempor\u00e1neos que han generado gran expectaci\u00f3n y \u00e9xito en su exhibici\u00f3n y tambi\u00e9n diferentes miradas del teatro cl\u00e1sico\u201d.&nbsp;<\/p>\n\n\n\n<p>Asimismo, el foco va m\u00e1s all\u00e1 de la exhibici\u00f3n, ha manifestado Mora, \u201cnuestro inter\u00e9s reside en generar una experiencia en el p\u00fablico valenciano que vaya m\u00e1s all\u00e1 de la asistencia a un espect\u00e1culo, queremos que los teatros se conviertan adem\u00e1s en lugares de creaci\u00f3n, formaci\u00f3n y reflexi\u00f3n sobre la contemporaneidad a partir de las artes esc\u00e9nicas\u201d.<\/p>\n\n\n\n<p>La temporada abrir\u00e1 del 27 al 29 de septiembre en los teatros Principal y Rialto con el proyecto esc\u00e9nico \u2018Vania x Vania\u2019. Un T\u00edo Vania, de Ch\u00e9jov, reescri-to y dirigido por Pablo Rem\u00f3n en dos versiones nuevas y originales, en estilos completamente distintos. Dos obras independientes, interpretadas por los mismos actores que se podr\u00e1n ver de manera seguida o por separado en ambos teatros.&nbsp;<\/p>\n\n\n\n<p>En el Teatro Rialto, un Ch\u00e9jov desnudo, esencial. Un acercamiento minimalista al texto y a la interpretaci\u00f3n. En el Principal, una reescritura de Ch\u00e9jov en dos tiempos: Rusia, finales del XIX; Castilla, hoy en d\u00eda. Un experimento esc\u00e9nico que plantea c\u00f3mo dialoga la obra original con una reescritura actualizada, interpretad por un reparto que ha recibido el premio GODOT a Mejor Elenco y entre los que destaca Javier C\u00e1mara, Marina Salas o Israel Elejalde.&nbsp;<\/p>\n\n\n\n<p>Con el objetivo que el p\u00fablico pueda experimentar este juego teatral al completo la direcci\u00f3n adjunta de artes esc\u00e9nicas del IVC ha propuesto un abono con un precio de 30 euros que permite la asistencia a los dos espect\u00e1culos.<\/p>\n\n\n\n<p>Este ser\u00e1 el inicio de una temporada en la que tendr\u00e1n cabida el teatro, la danza y el circo. Contar\u00e1 con grandes profesionales como Sanchis Sinisterra o Helena Pimenta, y con renovadoras de la escena actual como Andrea Jim\u00e9nez o Fernanda Orazi, esta \u00faltima ganadora del Premios Max 2024 a Mejor adaptaci\u00f3n o versi\u00f3n de obra teatral y Mejor espect\u00e1culo revelaci\u00f3n por &#8216;Electra\u2019, espect\u00e1culo que se podr\u00e1 ver en el Teatro Rialto.<\/p>\n\n\n\n<p>Tambi\u00e9n la profesi\u00f3n valenciana tendr\u00e1 un gran protagonismo con tres estrenos absolutos de obras de la autora Guada S\u00e1ez y la compa\u00f1\u00eda La Teta Calva, adem\u00e1s de la producci\u00f3n del IVC \u2018La Mancha\u2019 del dramaturgo Sergio Serrano. &nbsp;&nbsp;<\/p>\n\n\n\n<p>Pero la temporada de artes esc\u00e9nicas no se ce\u00f1ir\u00e1 \u00fanicamente a la exhibici\u00f3n. La direcci\u00f3n adjunta de Artes Esc\u00e9nicas del Institut Valenci\u00e0 de Cultura pretende dar m\u00e1s peso a los programas de mediaci\u00f3n y formaci\u00f3n y prepara distintas acciones que completar\u00e1n la experiencia de los profesionales y tambi\u00e9n del p\u00fablico, como un taller con el director Pablo Rem\u00f3n o coloquios con algunos de los profesionales que tendremos en los teatros Principal y Rialto.<\/p>\n\n\n\n<p>Pr\u00f3ximamente la direcci\u00f3n adjunta del IVC dar\u00e1 a conocer todos los t\u00edtulos y proyectos que completan la programaci\u00f3n esc\u00e9nica de la temporada 2024-2025.<\/p>\n","protected":false},"excerpt":{"rendered":"<div class=\"mh-excerpt\">El Teatro Principal y el Teatro Rialto abrir\u00e1n la temporada con la experiencia esc\u00e9nica &#8216;Vania x Vania&#8217;, dirigida por Pablo Rem\u00f3n y con Javier C\u00e1mara en su elenco. Tendr\u00e1 protagonismo la programaci\u00f3n expandida con talleres <a class=\"mh-excerpt-more\" href=\"https:\/\/www.tucomarca.com\/wordpress\/segunda\/el-institut-valencia-de-cultura-avanza-una-temporada-con-importantes-producciones-nacionales-y-companias-valencianas\/\" title=\"El Institut Valenci\u00e0 de Cultura avanza una temporada con importantes producciones nacionales y compa\u00f1\u00edas valencianas\">[+] <\/a><\/div>\n","protected":false},"author":12,"featured_media":230108,"comment_status":"open","ping_status":"open","sticky":false,"template":"","format":"standard","meta":{"footnotes":""},"categories":[4,8,72,7,3,45],"tags":[13272,2142,15855],"class_list":{"0":"post-230107","1":"post","2":"type-post","3":"status-publish","4":"format-standard","5":"has-post-thumbnail","7":"category-agenda","8":"category-la-comarca","9":"category-sin-categorizar","10":"category-ocio-y-cultura","11":"category-seccion","12":"category-ventana","13":"tag-institut-valencia-de-cultura","14":"tag-la-comunitat","15":"tag-ocio-y-cultura"},"_links":{"self":[{"href":"https:\/\/www.tucomarca.com\/wordpress\/segunda\/wp-json\/wp\/v2\/posts\/230107","targetHints":{"allow":["GET"]}}],"collection":[{"href":"https:\/\/www.tucomarca.com\/wordpress\/segunda\/wp-json\/wp\/v2\/posts"}],"about":[{"href":"https:\/\/www.tucomarca.com\/wordpress\/segunda\/wp-json\/wp\/v2\/types\/post"}],"author":[{"embeddable":true,"href":"https:\/\/www.tucomarca.com\/wordpress\/segunda\/wp-json\/wp\/v2\/users\/12"}],"replies":[{"embeddable":true,"href":"https:\/\/www.tucomarca.com\/wordpress\/segunda\/wp-json\/wp\/v2\/comments?post=230107"}],"version-history":[{"count":0,"href":"https:\/\/www.tucomarca.com\/wordpress\/segunda\/wp-json\/wp\/v2\/posts\/230107\/revisions"}],"wp:featuredmedia":[{"embeddable":true,"href":"https:\/\/www.tucomarca.com\/wordpress\/segunda\/wp-json\/wp\/v2\/media\/230108"}],"wp:attachment":[{"href":"https:\/\/www.tucomarca.com\/wordpress\/segunda\/wp-json\/wp\/v2\/media?parent=230107"}],"wp:term":[{"taxonomy":"category","embeddable":true,"href":"https:\/\/www.tucomarca.com\/wordpress\/segunda\/wp-json\/wp\/v2\/categories?post=230107"},{"taxonomy":"post_tag","embeddable":true,"href":"https:\/\/www.tucomarca.com\/wordpress\/segunda\/wp-json\/wp\/v2\/tags?post=230107"}],"curies":[{"name":"wp","href":"https:\/\/api.w.org\/{rel}","templated":true}]}}