{"id":230262,"date":"2024-07-19T11:15:00","date_gmt":"2024-07-19T09:15:00","guid":{"rendered":"https:\/\/www.tucomarca.com\/wordpress\/segunda\/?p=230262"},"modified":"2024-07-19T20:58:49","modified_gmt":"2024-07-19T18:58:49","slug":"cheste-aprueba-el-presupuesto-municipal-de-2024","status":"publish","type":"post","link":"https:\/\/www.tucomarca.com\/wordpress\/segunda\/cheste-aprueba-el-presupuesto-municipal-de-2024\/","title":{"rendered":"Cheste aprueba el presupuesto municipal de 2024"},"content":{"rendered":"\n<p>El equipo de gobierno del Ayuntamiento de Cheste llev\u00f3 ayer, jueves 18 de julio, a pleno el Presupuesto Municipal para 2024, que ha sido aprobado por PSOE e Izquierda Unida, con los votos en contra del Partido Popular.<\/p>\n\n\n\n<p>Seg\u00fan explic\u00f3 la concejala de Hacienda, M\u00aa \u00c1ngeles Llorente, los presupuestos presentados parten de un an\u00e1lisis de los ejercicios anteriores, con una evaluaci\u00f3n de los ingresos; del an\u00e1lisis de las operaciones de cr\u00e9ditos previstas, para la financiaci\u00f3n de inversiones y, en definitiva, la suficiencia de los cr\u00e9ditos para atender el cumplimiento de las obligaciones exigibles y los gastos de funcionamiento de los servicios. \u201cY como consecuencia de ello, se presenta un presupuesto que responde a la Ley Reguladora de Haciendas Locales, con la efectiva nivelaci\u00f3n y sin d\u00e9ficit inicial\u201d, explicaba Llorente.<\/p>\n\n\n\n<p><strong>Evaluaci\u00f3n de ingresos<\/strong><br>Concretamente, en los presupuestos para 2024 se han estimado unos ingresos de 10.480.933,22 euros, lo que supone un incremento. \u201cLos ingresos se han calculado teniendo como base la liquidaci\u00f3n de ejercicios anteriores, atendiendo a las cuant\u00edas y a los porcentajes de ejecuci\u00f3n\u201d, apuntaba la concejala. \u201cNo se ha subido ning\u00fan impuesto, el hecho de que en algunos apartados se prevean m\u00e1s ingresos responde a las medidas tomadas en Hacienda de externalizar las plusval\u00edas o de la gesti\u00f3n de cobros de recibos que estaban sin cobrar de a\u00f1os atr\u00e1s, entre otras cuestiones, y siguiendo un informe de Tesorer\u00eda\u201d.<\/p>\n\n\n\n<p>La concejala desgran\u00f3 el presupuesto de ingresos referentes a impuestos directos, indirectos, de tasas, precios p\u00fablicos y otros ingresos y por transferencias corrientes. \u201cEn cuanto a las transferencias corrientes se prev\u00e9 superior en su totalidad con respecto al ejercicio anterior, dado que se han actualizado las subvenciones de Servicios sociales y del Centro de Formaci\u00f3n de Personas Adultas. Tambi\u00e9n se recoge la participaci\u00f3n en tributos del Estado, que ha aumentado para este ejercicio, as\u00ed como la introducci\u00f3n del fondo de cooperaci\u00f3n en las previsiones iniciales\u201d, explicaba. De igual forma, se detallaron los ingresos patrimoniales y por activos financieros.<\/p>\n\n\n\n<p><strong>Evaluaci\u00f3n de gastos<\/strong><br>Llorente tambi\u00e9n expuso la previsi\u00f3n de gastos de 2024. \u201cSe han calculado teniendo como base la liquidaci\u00f3n del Presupuesto 2022, el avance de liquidaci\u00f3n del Presupuesto 2023 y las necesidades de ejecuci\u00f3n y nuevas previsiones de gasto y contrataci\u00f3n\u201d, apuntaba.<br>El total de gasto corriente asciende a 10.495.933,22 euros. Esta cifra incluye los 5.403.119,38 euros destinados a gastos de personal. Tal y como declar\u00f3 la concejala, esta cifra se ha incrementado en 514.299,52 euros, debido a la creaci\u00f3n de la plaza de Tesorero\/a, a la subida Ley de Presupuestos Generales del Estado 2023, que aplica un 0,5% por incremento del PIB y un 0,5% por aumento del IPC; y se ha incluido el 2% correspondiente al 2024. \u201cEl aumento tambi\u00e9n responde al impacto de la aplicaci\u00f3n de la Relaci\u00f3n de Puestos de Trabajo (RPT), aprobada en julio de 2023. Cabe apuntar que, al ser la aplicaci\u00f3n de la primera RPT, la sentencia del Tribunal Supremo deduce que el incremento ha sido una adecuaci\u00f3n de las retribuciones a las caracter\u00edsticas de cada puesto de trabajo y que por tanto, es totalmente legal. En cuarto lugar, el incremento de gastos de personal tambi\u00e9n responde a la ejecuci\u00f3n de tres sentencias que regulan la situaci\u00f3n laboral de tres trabajadoras\u201d, especificaba la concejala.<\/p>\n\n\n\n<p>Adem\u00e1s, se relataron los gastos corrientes en Bienes y servicios y de Transferencias corrientes. \u201cTenemos que se\u00f1alar que los cr\u00e9ditos presupuestarios correspondientes con las subvenciones del presupuesto municipal se dotar\u00e1n a trav\u00e9s de las correspondiente modificaci\u00f3n de cr\u00e9dito financiada con Remanente de Tesorer\u00eda para gastos generales\u201d, destacaba Llorente. Por \u00faltimo, se desgranaron las cifras de gastos financieros, por Operaciones de capital, por Activos financieros y por Operaciones de cr\u00e9ditos.<\/p>\n\n\n\n<p><strong>Plantilla de personal<\/strong><br>La concejala de Hacienda explic\u00f3 que la plantilla de personal es la misma que en 2023, con el a\u00f1adido de una plaza de funcionario arquitecto t\u00e9cnico. Con respecto a la RPT, se present\u00f3 un documento explicativo. \u201cEncontramos fallos en la relaci\u00f3n aprobada en julio de 2023 y la empresa ha modificado lo siguiente: hemos a\u00f1adido un puesto de administrativo laboral en el departamento de contrataci\u00f3n, por resoluci\u00f3n judicial; tambi\u00e9n se ha incluido el puerto de animador juvenil, que no estaba, igual que el de oficial electricista; el puesto de gestora cultural, por resoluci\u00f3n judicial; dos puestos de FPA laboral y de Desarrollo Local Laboral, que tampoco estaban recogidos; el puesto de arquitecto t\u00e9cnico ya comentado, un puesto de t\u00e9cnico de juventud funcionario y uno de administrativo laboral\u201d, enumeraba Llorente.<\/p>\n\n\n\n<p>Por su parte, el alcalde, Jos\u00e9 Morell, puso en valor algunas de las acciones realizadas que afectan al presupuesto. \u201cYa expusimos el plan de choque que se est\u00e1 llevando a cabo para mejorar la recaudaci\u00f3n y me gustar\u00eda destacar que tambi\u00e9n hemos mejorado el departamento de Urbanismo, que necesitaba personal, y se est\u00e1n haciendo cambios para tener mayor agilidad administrativa\u201d.<\/p>\n\n\n\n<p>As\u00ed mismo, el alcalde destac\u00f3 que el Ayuntamiento contin\u00faa, por octavo a\u00f1o consecutivo, sin ninguna deuda. \u201cEn definitiva, este presupuesto surge de un trabajo conjunto de todo el equipo de gobierno, con una buena dosis de realidad y en la senda de que el Ayuntamiento no tenga deuda y sea transparente hacia la ciudadan\u00eda\u201d, aseguraba Morell.<\/p>\n\n\n\n<p><strong>Modificaci\u00f3n de cr\u00e9dito<\/strong><br>El pleno tambi\u00e9n contemplaba la aprobaci\u00f3n de una modificaci\u00f3n de cr\u00e9dito para realizar el pago de las gratificaciones del personal del Ayuntamiento, correspondientes a la realizaci\u00f3n de horas extra. Cont\u00f3 con los votos a favor del PSOE e Izquierda Unida. El Partido Popular vot\u00f3 en contra, alegando no estar conforme con la falta de previsi\u00f3n en este gasto dentro de la partida correspondiente en el presupuesto.<\/p>\n","protected":false},"excerpt":{"rendered":"<div class=\"mh-excerpt\">El equipo de gobierno del Ayuntamiento de Cheste llev\u00f3 ayer, jueves 18 de julio, a pleno el Presupuesto Municipal para 2024, que ha sido aprobado por PSOE e Izquierda Unida, con los votos en contra <a class=\"mh-excerpt-more\" href=\"https:\/\/www.tucomarca.com\/wordpress\/segunda\/cheste-aprueba-el-presupuesto-municipal-de-2024\/\" title=\"Cheste aprueba el presupuesto municipal de 2024\">[+] <\/a><\/div>\n","protected":false},"author":12,"featured_media":230263,"comment_status":"open","ping_status":"open","sticky":false,"template":"","format":"standard","meta":{"footnotes":""},"categories":[17,128,8,10,142,3],"tags":[339,20858],"class_list":{"0":"post-230262","1":"post","2":"type-post","3":"status-publish","4":"format-standard","5":"has-post-thumbnail","7":"category-cheste","8":"category-infraestructuras","9":"category-la-comarca","10":"category-la-hoya","11":"category-politica-la-comarca","12":"category-seccion","13":"tag-cheste-2","14":"tag-la-hoya-de-bunol-chiva-4"},"_links":{"self":[{"href":"https:\/\/www.tucomarca.com\/wordpress\/segunda\/wp-json\/wp\/v2\/posts\/230262","targetHints":{"allow":["GET"]}}],"collection":[{"href":"https:\/\/www.tucomarca.com\/wordpress\/segunda\/wp-json\/wp\/v2\/posts"}],"about":[{"href":"https:\/\/www.tucomarca.com\/wordpress\/segunda\/wp-json\/wp\/v2\/types\/post"}],"author":[{"embeddable":true,"href":"https:\/\/www.tucomarca.com\/wordpress\/segunda\/wp-json\/wp\/v2\/users\/12"}],"replies":[{"embeddable":true,"href":"https:\/\/www.tucomarca.com\/wordpress\/segunda\/wp-json\/wp\/v2\/comments?post=230262"}],"version-history":[{"count":0,"href":"https:\/\/www.tucomarca.com\/wordpress\/segunda\/wp-json\/wp\/v2\/posts\/230262\/revisions"}],"wp:featuredmedia":[{"embeddable":true,"href":"https:\/\/www.tucomarca.com\/wordpress\/segunda\/wp-json\/wp\/v2\/media\/230263"}],"wp:attachment":[{"href":"https:\/\/www.tucomarca.com\/wordpress\/segunda\/wp-json\/wp\/v2\/media?parent=230262"}],"wp:term":[{"taxonomy":"category","embeddable":true,"href":"https:\/\/www.tucomarca.com\/wordpress\/segunda\/wp-json\/wp\/v2\/categories?post=230262"},{"taxonomy":"post_tag","embeddable":true,"href":"https:\/\/www.tucomarca.com\/wordpress\/segunda\/wp-json\/wp\/v2\/tags?post=230262"}],"curies":[{"name":"wp","href":"https:\/\/api.w.org\/{rel}","templated":true}]}}