{"id":230419,"date":"2024-07-21T14:30:00","date_gmt":"2024-07-21T12:30:00","guid":{"rendered":"https:\/\/www.tucomarca.com\/wordpress\/segunda\/?p=230419"},"modified":"2024-07-22T11:18:57","modified_gmt":"2024-07-22T09:18:57","slug":"rescatan-en-helicoptero-a-un-joven-de-24-anos-que-habia-sufrido-un-accidente-en-las-montanas-de-bunol","status":"publish","type":"post","link":"https:\/\/www.tucomarca.com\/wordpress\/segunda\/rescatan-en-helicoptero-a-un-joven-de-24-anos-que-habia-sufrido-un-accidente-en-las-montanas-de-bunol\/","title":{"rendered":"Rescatan en helic\u00f3ptero a un joven de 24 a\u00f1os que hab\u00eda sufrido un accidente en las monta\u00f1as de Bu\u00f1ol"},"content":{"rendered":"\n<p>Un joven de 24 a\u00f1os ha sido rescatado en helic\u00f3ptero este domingo por la ma\u00f1ana tras sufrir un accidente en una zona monta\u00f1osa de Bu\u00f1ol. Para su auxilio se ha movilizado un helic\u00f3ptero del Grupo Especial de Rescate en Altura junto a una brigada forestal del Consorcio Provincial de Bomberos. Adem\u00e1s, tambi\u00e9n se desplaz\u00f3 al lugar una Brigada Forestal de Bomberos de la Generalitat Valenciana.<\/p>\n\n\n\n<p>El operativo de rescate se ha centralizado en las instalaciones del campo de f\u00fatbol municipal, donde ha aterrizado el helic\u00f3ptero para transferir al herido a los medios sanitarios.<\/p>\n\n\n\n<p>El operativo de rescate, que cont\u00f3 con la colaboraci\u00f3n de diversas unidades especializadas, concluy\u00f3 a las 14,00 horas.<\/p>\n\n\n\n<figure class=\"wp-block-gallery has-nested-images columns-2 is-cropped wp-block-gallery-1 is-layout-flex wp-block-gallery-is-layout-flex\">\n<figure class=\"wp-block-image size-large\"><img loading=\"lazy\" decoding=\"async\" width=\"912\" height=\"1024\" data-id=\"230427\" src=\"https:\/\/www.tucomarca.com\/wordpress\/segunda\/wp-content\/uploads\/2024\/07\/RescatadoBunol03-912x1024.jpg\" alt=\"\" class=\"wp-image-230427\" srcset=\"https:\/\/www.tucomarca.com\/wordpress\/segunda\/wp-content\/uploads\/2024\/07\/RescatadoBunol03-912x1024.jpg 912w, https:\/\/www.tucomarca.com\/wordpress\/segunda\/wp-content\/uploads\/2024\/07\/RescatadoBunol03-267x300.jpg 267w, https:\/\/www.tucomarca.com\/wordpress\/segunda\/wp-content\/uploads\/2024\/07\/RescatadoBunol03-768x863.jpg 768w, https:\/\/www.tucomarca.com\/wordpress\/segunda\/wp-content\/uploads\/2024\/07\/RescatadoBunol03.jpg 1152w\" sizes=\"auto, (max-width: 912px) 100vw, 912px\" \/><\/figure>\n\n\n\n<figure class=\"wp-block-image size-large\"><img loading=\"lazy\" decoding=\"async\" width=\"768\" height=\"1024\" data-id=\"230429\" src=\"https:\/\/www.tucomarca.com\/wordpress\/segunda\/wp-content\/uploads\/2024\/07\/RescatadoBunol04-768x1024.jpg\" alt=\"\" class=\"wp-image-230429\" srcset=\"https:\/\/www.tucomarca.com\/wordpress\/segunda\/wp-content\/uploads\/2024\/07\/RescatadoBunol04-768x1024.jpg 768w, https:\/\/www.tucomarca.com\/wordpress\/segunda\/wp-content\/uploads\/2024\/07\/RescatadoBunol04-225x300.jpg 225w, https:\/\/www.tucomarca.com\/wordpress\/segunda\/wp-content\/uploads\/2024\/07\/RescatadoBunol04-1152x1536.jpg 1152w, https:\/\/www.tucomarca.com\/wordpress\/segunda\/wp-content\/uploads\/2024\/07\/RescatadoBunol04.jpg 1536w\" sizes=\"auto, (max-width: 768px) 100vw, 768px\" \/><\/figure>\n\n\n\n<figure class=\"wp-block-image size-large\"><img loading=\"lazy\" decoding=\"async\" width=\"1024\" height=\"768\" data-id=\"230431\" src=\"https:\/\/www.tucomarca.com\/wordpress\/segunda\/wp-content\/uploads\/2024\/07\/RescatadoBunol02-1024x768.jpg\" alt=\"\" class=\"wp-image-230431\" srcset=\"https:\/\/www.tucomarca.com\/wordpress\/segunda\/wp-content\/uploads\/2024\/07\/RescatadoBunol02-1024x768.jpg 1024w, https:\/\/www.tucomarca.com\/wordpress\/segunda\/wp-content\/uploads\/2024\/07\/RescatadoBunol02-300x225.jpg 300w, https:\/\/www.tucomarca.com\/wordpress\/segunda\/wp-content\/uploads\/2024\/07\/RescatadoBunol02-768x576.jpg 768w, https:\/\/www.tucomarca.com\/wordpress\/segunda\/wp-content\/uploads\/2024\/07\/RescatadoBunol02-1536x1152.jpg 1536w, https:\/\/www.tucomarca.com\/wordpress\/segunda\/wp-content\/uploads\/2024\/07\/RescatadoBunol02-678x509.jpg 678w, https:\/\/www.tucomarca.com\/wordpress\/segunda\/wp-content\/uploads\/2024\/07\/RescatadoBunol02-326x245.jpg 326w, https:\/\/www.tucomarca.com\/wordpress\/segunda\/wp-content\/uploads\/2024\/07\/RescatadoBunol02-80x60.jpg 80w, https:\/\/www.tucomarca.com\/wordpress\/segunda\/wp-content\/uploads\/2024\/07\/RescatadoBunol02.jpg 2048w\" sizes=\"auto, (max-width: 1024px) 100vw, 1024px\" \/><\/figure>\n<\/figure>\n\n\n\n<figure class=\"wp-block-gallery has-nested-images columns-default is-cropped wp-block-gallery-2 is-layout-flex wp-block-gallery-is-layout-flex\">\n<figure class=\"wp-block-image size-large\"><img loading=\"lazy\" decoding=\"async\" width=\"460\" height=\"1024\" data-id=\"230473\" src=\"https:\/\/www.tucomarca.com\/wordpress\/segunda\/wp-content\/uploads\/2024\/07\/RescatadoBunol10-460x1024.jpeg\" alt=\"\" class=\"wp-image-230473\" srcset=\"https:\/\/www.tucomarca.com\/wordpress\/segunda\/wp-content\/uploads\/2024\/07\/RescatadoBunol10-460x1024.jpeg 460w, https:\/\/www.tucomarca.com\/wordpress\/segunda\/wp-content\/uploads\/2024\/07\/RescatadoBunol10-135x300.jpeg 135w, https:\/\/www.tucomarca.com\/wordpress\/segunda\/wp-content\/uploads\/2024\/07\/RescatadoBunol10-768x1710.jpeg 768w, https:\/\/www.tucomarca.com\/wordpress\/segunda\/wp-content\/uploads\/2024\/07\/RescatadoBunol10-690x1536.jpeg 690w, https:\/\/www.tucomarca.com\/wordpress\/segunda\/wp-content\/uploads\/2024\/07\/RescatadoBunol10-920x2048.jpeg 920w, https:\/\/www.tucomarca.com\/wordpress\/segunda\/wp-content\/uploads\/2024\/07\/RescatadoBunol10-scaled.jpeg 1150w\" sizes=\"auto, (max-width: 460px) 100vw, 460px\" \/><\/figure>\n\n\n\n<figure class=\"wp-block-image size-large\"><img loading=\"lazy\" decoding=\"async\" width=\"460\" height=\"1024\" data-id=\"230474\" src=\"https:\/\/www.tucomarca.com\/wordpress\/segunda\/wp-content\/uploads\/2024\/07\/RescatadoBunol11-460x1024.jpeg\" alt=\"\" class=\"wp-image-230474\" srcset=\"https:\/\/www.tucomarca.com\/wordpress\/segunda\/wp-content\/uploads\/2024\/07\/RescatadoBunol11-460x1024.jpeg 460w, https:\/\/www.tucomarca.com\/wordpress\/segunda\/wp-content\/uploads\/2024\/07\/RescatadoBunol11-135x300.jpeg 135w, https:\/\/www.tucomarca.com\/wordpress\/segunda\/wp-content\/uploads\/2024\/07\/RescatadoBunol11-768x1710.jpeg 768w, https:\/\/www.tucomarca.com\/wordpress\/segunda\/wp-content\/uploads\/2024\/07\/RescatadoBunol11-690x1536.jpeg 690w, https:\/\/www.tucomarca.com\/wordpress\/segunda\/wp-content\/uploads\/2024\/07\/RescatadoBunol11-920x2048.jpeg 920w, https:\/\/www.tucomarca.com\/wordpress\/segunda\/wp-content\/uploads\/2024\/07\/RescatadoBunol11-scaled.jpeg 1150w\" sizes=\"auto, (max-width: 460px) 100vw, 460px\" \/><\/figure>\n<\/figure>\n","protected":false},"excerpt":{"rendered":"<div class=\"mh-excerpt\">Un joven de 24 a\u00f1os ha sido rescatado en helic\u00f3ptero este domingo por la ma\u00f1ana tras sufrir un accidente en una zona monta\u00f1osa de Bu\u00f1ol. Para su auxilio se ha movilizado un helic\u00f3ptero del Grupo <a class=\"mh-excerpt-more\" href=\"https:\/\/www.tucomarca.com\/wordpress\/segunda\/rescatan-en-helicoptero-a-un-joven-de-24-anos-que-habia-sufrido-un-accidente-en-las-montanas-de-bunol\/\" title=\"Rescatan en helic\u00f3ptero a un joven de 24 a\u00f1os que hab\u00eda sufrido un accidente en las monta\u00f1as de Bu\u00f1ol\">[+] <\/a><\/div>\n","protected":false},"author":1,"featured_media":230424,"comment_status":"open","ping_status":"open","sticky":false,"template":"","format":"gallery","meta":{"footnotes":""},"categories":[18,128,8,72,10,117,3,116,45],"tags":[10385,12830,5952],"class_list":{"0":"post-230419","1":"post","2":"type-post","3":"status-publish","4":"format-gallery","5":"has-post-thumbnail","7":"category-bunol","8":"category-infraestructuras","9":"category-la-comarca","10":"category-sin-categorizar","11":"category-la-hoya","12":"category-medio-ambiente-la-comarca","13":"category-seccion","14":"category-sucesos-la-comarca","15":"category-ventana","16":"tag-bunol","17":"tag-consorcio-provincial-de-bomberos-de-valencia","18":"tag-la-hoya-de-bunol-chiva","19":"post_format-post-format-gallery"},"_links":{"self":[{"href":"https:\/\/www.tucomarca.com\/wordpress\/segunda\/wp-json\/wp\/v2\/posts\/230419","targetHints":{"allow":["GET"]}}],"collection":[{"href":"https:\/\/www.tucomarca.com\/wordpress\/segunda\/wp-json\/wp\/v2\/posts"}],"about":[{"href":"https:\/\/www.tucomarca.com\/wordpress\/segunda\/wp-json\/wp\/v2\/types\/post"}],"author":[{"embeddable":true,"href":"https:\/\/www.tucomarca.com\/wordpress\/segunda\/wp-json\/wp\/v2\/users\/1"}],"replies":[{"embeddable":true,"href":"https:\/\/www.tucomarca.com\/wordpress\/segunda\/wp-json\/wp\/v2\/comments?post=230419"}],"version-history":[{"count":0,"href":"https:\/\/www.tucomarca.com\/wordpress\/segunda\/wp-json\/wp\/v2\/posts\/230419\/revisions"}],"wp:featuredmedia":[{"embeddable":true,"href":"https:\/\/www.tucomarca.com\/wordpress\/segunda\/wp-json\/wp\/v2\/media\/230424"}],"wp:attachment":[{"href":"https:\/\/www.tucomarca.com\/wordpress\/segunda\/wp-json\/wp\/v2\/media?parent=230419"}],"wp:term":[{"taxonomy":"category","embeddable":true,"href":"https:\/\/www.tucomarca.com\/wordpress\/segunda\/wp-json\/wp\/v2\/categories?post=230419"},{"taxonomy":"post_tag","embeddable":true,"href":"https:\/\/www.tucomarca.com\/wordpress\/segunda\/wp-json\/wp\/v2\/tags?post=230419"}],"curies":[{"name":"wp","href":"https:\/\/api.w.org\/{rel}","templated":true}]}}