{"id":230722,"date":"2024-07-23T13:00:00","date_gmt":"2024-07-23T11:00:00","guid":{"rendered":"https:\/\/www.tucomarca.com\/wordpress\/segunda\/?p=230722"},"modified":"2024-07-23T17:55:58","modified_gmt":"2024-07-23T15:55:58","slug":"la-generalitat-ejerce-la-accion-popular-en-el-caso-del-asesinato-de-juliana-d-victima-de-violencia-sobre-la-mujer-en-bunol","status":"publish","type":"post","link":"https:\/\/www.tucomarca.com\/wordpress\/segunda\/la-generalitat-ejerce-la-accion-popular-en-el-caso-del-asesinato-de-juliana-d-victima-de-violencia-sobre-la-mujer-en-bunol\/","title":{"rendered":"La Generalitat ejerce la acci\u00f3n popular en el caso del asesinato de Juliana D., v\u00edctima de violencia sobre la mujer en Bu\u00f1ol"},"content":{"rendered":"\n<h3 class=\"wp-block-heading\">El Consell aprueba la propuesta de actuaci\u00f3n institucional de la Conselleria de Servicios Sociales en caso de asesinatos de mujeres v\u00edctimas de violencia de g\u00e9nero.<\/h3>\n\n\n\n<p>El Consell ha autorizado a la Abogac\u00eda General de la Generalitat para ejercitar la acci\u00f3n popular en el caso relacionado con el asesinato en Bu\u00f1ol de Juliana D. V. M., v\u00edctima de violencia machista.<\/p>\n\n\n\n<p>El suceso constituye un caso de violencia sobre la mujer, un problema de \u00e1mbito social p\u00fablico de inter\u00e9s general que obliga a los poderes p\u00fablicos a actuar de manera activa con el objetivo de lograr su plena erradicaci\u00f3n.<\/p>\n\n\n\n<p>El art\u00edculo 36 de la Ley 9\/2003, de 2 de abril, de la Generalitat, para la Igualdad entre Mujeres y Hombres establece que la Conselleria con competencias en materia de mujer podr\u00e1 proponer al Consell de la Generalitat el ejercicio de la acci\u00f3n popular, a trav\u00e9s de la Abogac\u00eda General de la Generalitat, o de abogadas o abogados colegiados, en los supuestos de agresiones f\u00edsicas dom\u00e9sticas en los que se cause la muerte o lesiones graves a mujeres residentes en la Comunitat Valenciana.<\/p>\n\n\n\n<p>La Ley Integral contra la Violencia sobre la Mujer en el \u00e1mbito de la Comunitat Valenciana, 7\/2012, de la Generalitat, establece en su art\u00edculo 58 que la Generalitat ejercer\u00e1 la acci\u00f3n popular en todos los procedimientos penales que se sigan por delitos de violencia sobre la mujer con resultado de muerte, as\u00ed como en aquellos casos en los que se genere alarma social o produzca lesiones graves e invalidantes.<\/p>\n\n\n\n<p>En su caso, la Generalitat solicitar\u00e1 siempre la privaci\u00f3n de la patria potestad del presunto agresor.<\/p>\n\n\n\n<p>Asimismo, la Ley 10\/2005, de Asistencia Jur\u00eddica de la Generalitat, dispone que corresponde a los abogados y abogadas de la Generalitat, integrados en la Abogac\u00eda General de la Generalitat, la representaci\u00f3n y defensa en juicio.<\/p>\n\n\n\n<p>El objetivo de la actuaci\u00f3n institucional de la Conselleria de Servicios Sociales, Igualdad y Vivienda en caso de asesinatos de mujeres es aunar esfuerzos y visibilizar de forma conjunta el rechazo a los actos de violencia sobre la mujer, en aquellos casos en que se produzca la muerte de una mujer o de sus hijos o hijas en la Comunitat Valenciana.<\/p>\n","protected":false},"excerpt":{"rendered":"<div class=\"mh-excerpt\">El Consell aprueba la propuesta de actuaci\u00f3n institucional de la Conselleria de Servicios Sociales en caso de asesinatos de mujeres v\u00edctimas de violencia de g\u00e9nero. El Consell ha autorizado a la Abogac\u00eda General de la <a class=\"mh-excerpt-more\" href=\"https:\/\/www.tucomarca.com\/wordpress\/segunda\/la-generalitat-ejerce-la-accion-popular-en-el-caso-del-asesinato-de-juliana-d-victima-de-violencia-sobre-la-mujer-en-bunol\/\" title=\"La Generalitat ejerce la acci\u00f3n popular en el caso del asesinato de Juliana D., v\u00edctima de violencia sobre la mujer en Bu\u00f1ol\">[+] <\/a><\/div>\n","protected":false},"author":1,"featured_media":229562,"comment_status":"open","ping_status":"open","sticky":false,"template":"","format":"standard","meta":{"footnotes":""},"categories":[18,128,8,72,10,142,3,116,45],"tags":[4260,10385,2142,5952,9050],"class_list":{"0":"post-230722","1":"post","2":"type-post","3":"status-publish","4":"format-standard","5":"has-post-thumbnail","7":"category-bunol","8":"category-infraestructuras","9":"category-la-comarca","10":"category-sin-categorizar","11":"category-la-hoya","12":"category-politica-la-comarca","13":"category-seccion","14":"category-sucesos-la-comarca","15":"category-ventana","16":"tag-asesinada","17":"tag-bunol","18":"tag-la-comunitat","19":"tag-la-hoya-de-bunol-chiva","20":"tag-violencia-machista"},"_links":{"self":[{"href":"https:\/\/www.tucomarca.com\/wordpress\/segunda\/wp-json\/wp\/v2\/posts\/230722","targetHints":{"allow":["GET"]}}],"collection":[{"href":"https:\/\/www.tucomarca.com\/wordpress\/segunda\/wp-json\/wp\/v2\/posts"}],"about":[{"href":"https:\/\/www.tucomarca.com\/wordpress\/segunda\/wp-json\/wp\/v2\/types\/post"}],"author":[{"embeddable":true,"href":"https:\/\/www.tucomarca.com\/wordpress\/segunda\/wp-json\/wp\/v2\/users\/1"}],"replies":[{"embeddable":true,"href":"https:\/\/www.tucomarca.com\/wordpress\/segunda\/wp-json\/wp\/v2\/comments?post=230722"}],"version-history":[{"count":0,"href":"https:\/\/www.tucomarca.com\/wordpress\/segunda\/wp-json\/wp\/v2\/posts\/230722\/revisions"}],"wp:featuredmedia":[{"embeddable":true,"href":"https:\/\/www.tucomarca.com\/wordpress\/segunda\/wp-json\/wp\/v2\/media\/229562"}],"wp:attachment":[{"href":"https:\/\/www.tucomarca.com\/wordpress\/segunda\/wp-json\/wp\/v2\/media?parent=230722"}],"wp:term":[{"taxonomy":"category","embeddable":true,"href":"https:\/\/www.tucomarca.com\/wordpress\/segunda\/wp-json\/wp\/v2\/categories?post=230722"},{"taxonomy":"post_tag","embeddable":true,"href":"https:\/\/www.tucomarca.com\/wordpress\/segunda\/wp-json\/wp\/v2\/tags?post=230722"}],"curies":[{"name":"wp","href":"https:\/\/api.w.org\/{rel}","templated":true}]}}