{"id":231020,"date":"2024-07-26T10:15:00","date_gmt":"2024-07-26T08:15:00","guid":{"rendered":"https:\/\/www.tucomarca.com\/wordpress\/segunda\/?p=231020"},"modified":"2024-07-26T10:27:06","modified_gmt":"2024-07-26T08:27:06","slug":"efectivos-del-consorcio-provincial-de-bomberos-sofocan-un-incendio-forestal-en-turis","status":"publish","type":"post","link":"https:\/\/www.tucomarca.com\/wordpress\/segunda\/efectivos-del-consorcio-provincial-de-bomberos-sofocan-un-incendio-forestal-en-turis\/","title":{"rendered":"Efectivos del Consorcio Provincial de Bomberos sofocan un incendio forestal en Tur\u00eds"},"content":{"rendered":"\n<p>Los bomberos han intervenido este jueves por la tarde en la extinci\u00f3n de un incendio forestal declarado en Tur\u00eds y que ha afectado a una zona de ca\u00f1averal y matorral. La r\u00e1pida respuesta de los servicios de emergencia ha sido crucial para controlar el fuego y evitar su propagaci\u00f3n a \u00e1reas colindantes.<\/p>\n\n\n\n<p>El incendio comenz\u00f3 en una zona de dif\u00edcil acceso, lo que dificult\u00f3 las labores de extinci\u00f3n. Sin embargo, gracias a la intervenci\u00f3n de los equipos de bomberos se logr\u00f3 contener y extinguir las llamas, minimizando as\u00ed los da\u00f1os en el entorno natural.<\/p>\n\n\n\n<figure class=\"wp-block-image size-large\"><img loading=\"lazy\" decoding=\"async\" width=\"1024\" height=\"768\" src=\"https:\/\/www.tucomarca.com\/wordpress\/segunda\/wp-content\/uploads\/2024\/07\/IncendioTuris1-1024x768.jpeg\" alt=\"\" class=\"wp-image-231023\" srcset=\"https:\/\/www.tucomarca.com\/wordpress\/segunda\/wp-content\/uploads\/2024\/07\/IncendioTuris1-1024x768.jpeg 1024w, https:\/\/www.tucomarca.com\/wordpress\/segunda\/wp-content\/uploads\/2024\/07\/IncendioTuris1-300x225.jpeg 300w, https:\/\/www.tucomarca.com\/wordpress\/segunda\/wp-content\/uploads\/2024\/07\/IncendioTuris1-768x576.jpeg 768w, https:\/\/www.tucomarca.com\/wordpress\/segunda\/wp-content\/uploads\/2024\/07\/IncendioTuris1-1536x1152.jpeg 1536w, https:\/\/www.tucomarca.com\/wordpress\/segunda\/wp-content\/uploads\/2024\/07\/IncendioTuris1-2048x1536.jpeg 2048w, https:\/\/www.tucomarca.com\/wordpress\/segunda\/wp-content\/uploads\/2024\/07\/IncendioTuris1-678x509.jpeg 678w, https:\/\/www.tucomarca.com\/wordpress\/segunda\/wp-content\/uploads\/2024\/07\/IncendioTuris1-326x245.jpeg 326w, https:\/\/www.tucomarca.com\/wordpress\/segunda\/wp-content\/uploads\/2024\/07\/IncendioTuris1-80x60.jpeg 80w\" sizes=\"auto, (max-width: 1024px) 100vw, 1024px\" \/><\/figure>\n","protected":false},"excerpt":{"rendered":"<div class=\"mh-excerpt\">Los bomberos han intervenido este jueves por la tarde en la extinci\u00f3n de un incendio forestal declarado en Tur\u00eds y que ha afectado a una zona de ca\u00f1averal y matorral. La r\u00e1pida respuesta de los <a class=\"mh-excerpt-more\" href=\"https:\/\/www.tucomarca.com\/wordpress\/segunda\/efectivos-del-consorcio-provincial-de-bomberos-sofocan-un-incendio-forestal-en-turis\/\" title=\"Efectivos del Consorcio Provincial de Bomberos sofocan un incendio forestal en Tur\u00eds\">[+] <\/a><\/div>\n","protected":false},"author":12,"featured_media":231021,"comment_status":"open","ping_status":"open","sticky":false,"template":"","format":"standard","meta":{"footnotes":""},"categories":[128,8,42,117,3,116,43,45],"tags":[20341,212,3640,33,10394],"class_list":{"0":"post-231020","1":"post","2":"type-post","3":"status-publish","4":"format-standard","5":"has-post-thumbnail","7":"category-infraestructuras","8":"category-la-comarca","9":"category-la-ribera","10":"category-medio-ambiente-la-comarca","11":"category-seccion","12":"category-sucesos-la-comarca","13":"category-turis","14":"category-ventana","15":"tag-bomberos-consorcio-provincial-de-bomberos-de-valencia","16":"tag-incendio","17":"tag-la-ribera-alta","18":"tag-sucesos","19":"tag-turis"},"_links":{"self":[{"href":"https:\/\/www.tucomarca.com\/wordpress\/segunda\/wp-json\/wp\/v2\/posts\/231020","targetHints":{"allow":["GET"]}}],"collection":[{"href":"https:\/\/www.tucomarca.com\/wordpress\/segunda\/wp-json\/wp\/v2\/posts"}],"about":[{"href":"https:\/\/www.tucomarca.com\/wordpress\/segunda\/wp-json\/wp\/v2\/types\/post"}],"author":[{"embeddable":true,"href":"https:\/\/www.tucomarca.com\/wordpress\/segunda\/wp-json\/wp\/v2\/users\/12"}],"replies":[{"embeddable":true,"href":"https:\/\/www.tucomarca.com\/wordpress\/segunda\/wp-json\/wp\/v2\/comments?post=231020"}],"version-history":[{"count":0,"href":"https:\/\/www.tucomarca.com\/wordpress\/segunda\/wp-json\/wp\/v2\/posts\/231020\/revisions"}],"wp:featuredmedia":[{"embeddable":true,"href":"https:\/\/www.tucomarca.com\/wordpress\/segunda\/wp-json\/wp\/v2\/media\/231021"}],"wp:attachment":[{"href":"https:\/\/www.tucomarca.com\/wordpress\/segunda\/wp-json\/wp\/v2\/media?parent=231020"}],"wp:term":[{"taxonomy":"category","embeddable":true,"href":"https:\/\/www.tucomarca.com\/wordpress\/segunda\/wp-json\/wp\/v2\/categories?post=231020"},{"taxonomy":"post_tag","embeddable":true,"href":"https:\/\/www.tucomarca.com\/wordpress\/segunda\/wp-json\/wp\/v2\/tags?post=231020"}],"curies":[{"name":"wp","href":"https:\/\/api.w.org\/{rel}","templated":true}]}}