{"id":231043,"date":"2024-07-26T10:00:00","date_gmt":"2024-07-26T08:00:00","guid":{"rendered":"https:\/\/www.tucomarca.com\/wordpress\/segunda\/?p=231043"},"modified":"2024-07-26T13:16:11","modified_gmt":"2024-07-26T11:16:11","slug":"sagunt-a-escena-incluye-cinco-propuestas-de-circo-contemporaneo-dentro-de-su-espacio-off-roma","status":"publish","type":"post","link":"https:\/\/www.tucomarca.com\/wordpress\/segunda\/sagunt-a-escena-incluye-cinco-propuestas-de-circo-contemporaneo-dentro-de-su-espacio-off-roma\/","title":{"rendered":"Sagunt a Escena incluye cinco propuestas de circo contempor\u00e1neo dentro de su espacio &#8216;Off Rom\u00e0&#8217;"},"content":{"rendered":"\n<h3 class=\"wp-block-heading\">De la pantomima a las acrobacias, el lenguaje del circo actual est\u00e1 muy presente en esta edici\u00f3n del festival.<\/h3>\n\n\n\n<h3 class=\"wp-block-heading\">Compa\u00f1\u00edas de la Comunitat Valenciana, Murcia, Arag\u00f3n, Catalu\u00f1a y Pa\u00eds Vasco despliegan su arte en el espacio p\u00fablico.<\/h3>\n\n\n\n<p>El Festival Sagunt a Escena, organizado por la Conselleria de Educaci\u00f3n, Cultura, Universidades y Empleo, a trav\u00e9s del Institut Valenci\u00e0 de Cultura (IVC), incluye en la programaci\u00f3n cinco propuestas que tienen como protagonistas el circo contempor\u00e1neo e innovador.<\/p>\n\n\n\n<p>Estas cinco actuaciones forman parte de los 15 espect\u00e1culos previstos dentro del espacio &#8216;Off Rom\u00e0&#8217; de la 41\u00aa edici\u00f3n de Sagunt a Escena, que se suman a las nueve representaciones que tendr\u00e1n lugar en el Teatro Romano. Se trata de una actividad en la que las actuaciones, de car\u00e1cter gratuito, se diseminan por las calles, las plazas y los centros culturales de ambos n\u00facleos de la ciudad y que el circo como uno de los lenguajes que mejor conecta con todo tipo de p\u00fablico.&nbsp;<\/p>\n\n\n\n<p>La directora del festival, Inma Exp\u00f3sito, ha destacado que el circo \u201cha cautivado a la humanidad a lo largo de los siglos por su capacidad de sorprender y conmover. Las artes circenses combinan elementos de gran belleza visual, acrobacia, destreza y humor, dejando al p\u00fablico con la boca abierta y una bonita sensaci\u00f3n de haber vivido de cerca una experiencia extraordinaria.\u201d&nbsp;<\/p>\n\n\n\n<p>\u201cDe hecho, -ha a\u00f1adido- en las calles y plazas de Sagunto podemos comprobar cada verano este poder de aglutinar alrededor de la escena, y sin hacer ninguna distinci\u00f3n, personas de todas las edades y condiciones\u201d.<\/p>\n\n\n\n<p><strong>Bienvenidos al mayor espect\u00e1culo del mundo<\/strong><\/p>\n\n\n\n<p>El programa de este a\u00f1o re\u00fane propuestas que destacan por la innovaci\u00f3n en las artes circenses. As\u00ed, el 4 de agosto, Siroco C\u00eda y Sophie Acosta representar\u00e1n en la Glorieta \u2018L\u2019appel du vide\u2019. B\u00e1scula coreana, portes acrob\u00e1ticos y acrodanza para hablar de esa sensaci\u00f3n de v\u00e9rtigo que existe en la vida al lanzarse a lo desconocido. Noem\u00ed Suelee Galvano, Mart\u00edn Franz, Lucas Ruiz Molina, Miguel Gamb\u00edn Ort\u00edn y Charlie Poisson subir\u00e1n el nivel de adrenalina de los presentes con incesantes saltos y giros en una actuaci\u00f3n llena de energ\u00eda.<\/p>\n\n\n\n<p>Por su parte, los catalanes Bucra\u00e1 Circus aterrizar\u00e1n el d\u00eda 11 en la Glorieta con \u2018El gran final\u2019, un espect\u00e1culo de&nbsp;<em>clown&nbsp;<\/em>y teatro gestual que nos sumerge en un mundo pasado muy particular por su est\u00e9tica y belleza po\u00e9tica. La obra es un homenaje al oficio de payaso. La capacidad de juego e improvisaci\u00f3n de sus personajes se desgrana en una historia de amor y guerra coronada por un esperado final.&nbsp;<\/p>\n\n\n\n<p>La pieza, representada por Fernando Vilella y Marc Florencio, ha conseguido reconocimientos como el de Mejor espect\u00e1culo del Festival Panorama Circada, el Premio Zirk\u00f3lika a Mejor espect\u00e1culo de Payasos de Espa\u00f1a o el Premio Pom d \u0301or del Festival Sense Portes de Argentona.<\/p>\n\n\n\n<p>El zaragozano Daniel Esteban, formado en Madrid y Bruselas, es el creador del personaje Capit\u00e1n Spriki, quien con su Equipo Estupendo estar\u00e1 el 15 de agosto en la Glorieta. Un pu\u00f1ado de superh\u00e9roes mundanos dispuestos a esparcir el buen rollo por donde sea necesario. Utilizan cuerdas, trapecio, patines, pole dance, a\u00e9reos y otras t\u00e9cnicas para conseguir sus objetivos. La pieza estrena en Sagunt su versi\u00f3n en espacio abierto.<\/p>\n\n\n\n<p>La propuesta de Ganso &amp; Cia, \u2018Welcome &amp; Sorry\u2019, es una comedia gestual, en clave de \u2018clown\u2019, que visibiliza el oficio teatral. Sus dos int\u00e9rpretes, Gorka Ganso y Cecilia Paganini, se enfrentan a la representaci\u00f3n de un Hamlet de Shakespeare, trama argumental que les sirve para ofrecer una parodia sobre los estereotipos que rodean a los grandes cl\u00e1sicos. La cita ser\u00e1 el 16 de agosto en el Centro C\u00edvico.<\/p>\n\n\n\n<p>Por \u00faltimo, La Tr\u00f3cola, escenificar\u00e1 \u2018R.E.M\u2019 en el Anfiteatro Triangle Umbral el 18 de agosto. La formaci\u00f3n alicantina ofrece un viaje al mundo de los sue\u00f1os, una reflexi\u00f3n y un trabajo de investigaci\u00f3n circense en la que una escenograf\u00eda compuesta por camas facilita las acrobacias y la manipulaci\u00f3n de los objetos m\u00e1s dispares. &nbsp;<\/p>\n\n\n\n<p><strong>Sagunt a Escena<\/strong><\/p>\n\n\n\n<p>El Festival Sagunt a Escena est\u00e1 organizado por el Institut Valenci\u00e0 de Cultura con la colaboraci\u00f3n del Ayuntamiento de Sagunto y el \u00e1rea de teatros de la Diputaci\u00f3 de Val\u00e8ncia. En su 41 edici\u00f3n, se celebra del 1 al 25 de agosto de 2024 en el Teatre Rom\u00e0 y otros espacios de Sagunt.&nbsp;<\/p>\n\n\n\n<p>El festival cuenta con el patrocinio de Sagunt \u00e9s Viu, la concejal\u00eda de Turismo de Sagunto, Turisme Comunitat Valenciana, Caixa Popular, la Autoridad Portuaria de Valencia, Saggas y Fertiberia. Adem\u00e1s, colaboran Adetursa, NPS, Valencia Plaza, Coca-Cola, Cercan\u00edas Renfe, Adif y Tiendas de la Estaci\u00f3n.<\/p>\n","protected":false},"excerpt":{"rendered":"<div class=\"mh-excerpt\">De la pantomima a las acrobacias, el lenguaje del circo actual est\u00e1 muy presente en esta edici\u00f3n del festival. Compa\u00f1\u00edas de la Comunitat Valenciana, Murcia, Arag\u00f3n, Catalu\u00f1a y Pa\u00eds Vasco despliegan su arte en el <a class=\"mh-excerpt-more\" href=\"https:\/\/www.tucomarca.com\/wordpress\/segunda\/sagunt-a-escena-incluye-cinco-propuestas-de-circo-contemporaneo-dentro-de-su-espacio-off-roma\/\" title=\"Sagunt a Escena incluye cinco propuestas de circo contempor\u00e1neo dentro de su espacio &#8216;Off Rom\u00e0&#8217;\">[+] <\/a><\/div>\n","protected":false},"author":12,"featured_media":231044,"comment_status":"open","ping_status":"open","sticky":false,"template":"","format":"standard","meta":{"footnotes":""},"categories":[4,66,8,72,7,3,45],"tags":[1366,13272,17757,2142,21037],"class_list":{"0":"post-231043","1":"post","2":"type-post","3":"status-publish","4":"format-standard","5":"has-post-thumbnail","7":"category-agenda","8":"category-musica","9":"category-la-comarca","10":"category-sin-categorizar","11":"category-ocio-y-cultura","12":"category-seccion","13":"category-ventana","14":"tag-agenda-2","15":"tag-institut-valencia-de-cultura","16":"tag-ivc","17":"tag-la-comunitat","18":"tag-sagunt-a-escena"},"_links":{"self":[{"href":"https:\/\/www.tucomarca.com\/wordpress\/segunda\/wp-json\/wp\/v2\/posts\/231043","targetHints":{"allow":["GET"]}}],"collection":[{"href":"https:\/\/www.tucomarca.com\/wordpress\/segunda\/wp-json\/wp\/v2\/posts"}],"about":[{"href":"https:\/\/www.tucomarca.com\/wordpress\/segunda\/wp-json\/wp\/v2\/types\/post"}],"author":[{"embeddable":true,"href":"https:\/\/www.tucomarca.com\/wordpress\/segunda\/wp-json\/wp\/v2\/users\/12"}],"replies":[{"embeddable":true,"href":"https:\/\/www.tucomarca.com\/wordpress\/segunda\/wp-json\/wp\/v2\/comments?post=231043"}],"version-history":[{"count":0,"href":"https:\/\/www.tucomarca.com\/wordpress\/segunda\/wp-json\/wp\/v2\/posts\/231043\/revisions"}],"wp:featuredmedia":[{"embeddable":true,"href":"https:\/\/www.tucomarca.com\/wordpress\/segunda\/wp-json\/wp\/v2\/media\/231044"}],"wp:attachment":[{"href":"https:\/\/www.tucomarca.com\/wordpress\/segunda\/wp-json\/wp\/v2\/media?parent=231043"}],"wp:term":[{"taxonomy":"category","embeddable":true,"href":"https:\/\/www.tucomarca.com\/wordpress\/segunda\/wp-json\/wp\/v2\/categories?post=231043"},{"taxonomy":"post_tag","embeddable":true,"href":"https:\/\/www.tucomarca.com\/wordpress\/segunda\/wp-json\/wp\/v2\/tags?post=231043"}],"curies":[{"name":"wp","href":"https:\/\/api.w.org\/{rel}","templated":true}]}}