{"id":231183,"date":"2024-07-29T13:00:00","date_gmt":"2024-07-29T11:00:00","guid":{"rendered":"https:\/\/www.tucomarca.com\/wordpress\/segunda\/?p=231183"},"modified":"2024-07-29T19:03:33","modified_gmt":"2024-07-29T17:03:33","slug":"la-policia-local-de-bunol-en-colaboracion-con-guardia-civil-detiene-a-un-individuo-acusado-de-violencia-de-genero-y-a-otro-por-robar-en-una-vivienda","status":"publish","type":"post","link":"https:\/\/www.tucomarca.com\/wordpress\/segunda\/la-policia-local-de-bunol-en-colaboracion-con-guardia-civil-detiene-a-un-individuo-acusado-de-violencia-de-genero-y-a-otro-por-robar-en-una-vivienda\/","title":{"rendered":"La Policia Local de Bu\u00f1ol, en colaboraci\u00f3n con Guardia Civil, detiene a un individuo acusado de violencia de g\u00e9nero y a otro por robar en una vivienda"},"content":{"rendered":"\n<p>La Policia Local de Bu\u00f1ol, en colaboraci\u00f3n con Guardia Civil, ha llevado a cabo dos detenciones te pasado fin de semana en la localidad.<\/p>\n\n\n\n<p>Concretamente, este domingo, 28 de julio, se ha detenido, en colaboraci\u00f3n con Guardia Civil de Bu\u00f1ol,  un var\u00f3n por un supuesto delito de violencia de g\u00e9nero. \u00abRecordar que no s\u00f3lo puede denunciar una v\u00edctima que est\u00e9 sufriendo malos tratos por parte de su pareja, sino que cualquier persona que tenga conocimiento de estos hechos puede denunciarlo, e inmediatamente se inciar\u00e1 por parte de los cuerpos policiales el llamado \u201cProtocolo Cero\u201d para proteger a esa v\u00edctima\u00bb, tal como han informado desde la Polic\u00eda Local de Bu\u00f1ol, desde han recordado que cuentan \u00abcon una unidad espec\u00edfica de Violencia de c\u00e9nero, no dudes en acudir a nosotros si lo necesitas\u00bb.<\/p>\n\n\n\n<p>Un d\u00eda antes, el s\u00e1bado, 27 de julio, se procedi\u00f3 adem\u00e1s a la detenci\u00f3n, en colaboraci\u00f3n con Guardia Civil de Bu\u00f1ol, de un var\u00f3n por un supuesto delito de robo con fuerza en las casas (en vivienda particular) ocurrido el pasado jueves en Bu\u00f1ol.<\/p>\n","protected":false},"excerpt":{"rendered":"<div class=\"mh-excerpt\">La Policia Local de Bu\u00f1ol, en colaboraci\u00f3n con Guardia Civil, ha llevado a cabo dos detenciones te pasado fin de semana en la localidad. Concretamente, este domingo, 28 de julio, se ha detenido, en colaboraci\u00f3n <a class=\"mh-excerpt-more\" href=\"https:\/\/www.tucomarca.com\/wordpress\/segunda\/la-policia-local-de-bunol-en-colaboracion-con-guardia-civil-detiene-a-un-individuo-acusado-de-violencia-de-genero-y-a-otro-por-robar-en-una-vivienda\/\" title=\"La Policia Local de Bu\u00f1ol, en colaboraci\u00f3n con Guardia Civil, detiene a un individuo acusado de violencia de g\u00e9nero y a otro por robar en una vivienda\">[+] <\/a><\/div>\n","protected":false},"author":12,"featured_media":231196,"comment_status":"open","ping_status":"open","sticky":false,"template":"","format":"standard","meta":{"footnotes":""},"categories":[18,8,10,3,116,45],"tags":[10385,1098,5952,13974],"class_list":{"0":"post-231183","1":"post","2":"type-post","3":"status-publish","4":"format-standard","5":"has-post-thumbnail","7":"category-bunol","8":"category-la-comarca","9":"category-la-hoya","10":"category-seccion","11":"category-sucesos-la-comarca","12":"category-ventana","13":"tag-bunol","14":"tag-guardia-civil","15":"tag-la-hoya-de-bunol-chiva","16":"tag-policia-local-de-bunol"},"_links":{"self":[{"href":"https:\/\/www.tucomarca.com\/wordpress\/segunda\/wp-json\/wp\/v2\/posts\/231183","targetHints":{"allow":["GET"]}}],"collection":[{"href":"https:\/\/www.tucomarca.com\/wordpress\/segunda\/wp-json\/wp\/v2\/posts"}],"about":[{"href":"https:\/\/www.tucomarca.com\/wordpress\/segunda\/wp-json\/wp\/v2\/types\/post"}],"author":[{"embeddable":true,"href":"https:\/\/www.tucomarca.com\/wordpress\/segunda\/wp-json\/wp\/v2\/users\/12"}],"replies":[{"embeddable":true,"href":"https:\/\/www.tucomarca.com\/wordpress\/segunda\/wp-json\/wp\/v2\/comments?post=231183"}],"version-history":[{"count":0,"href":"https:\/\/www.tucomarca.com\/wordpress\/segunda\/wp-json\/wp\/v2\/posts\/231183\/revisions"}],"wp:featuredmedia":[{"embeddable":true,"href":"https:\/\/www.tucomarca.com\/wordpress\/segunda\/wp-json\/wp\/v2\/media\/231196"}],"wp:attachment":[{"href":"https:\/\/www.tucomarca.com\/wordpress\/segunda\/wp-json\/wp\/v2\/media?parent=231183"}],"wp:term":[{"taxonomy":"category","embeddable":true,"href":"https:\/\/www.tucomarca.com\/wordpress\/segunda\/wp-json\/wp\/v2\/categories?post=231183"},{"taxonomy":"post_tag","embeddable":true,"href":"https:\/\/www.tucomarca.com\/wordpress\/segunda\/wp-json\/wp\/v2\/tags?post=231183"}],"curies":[{"name":"wp","href":"https:\/\/api.w.org\/{rel}","templated":true}]}}