{"id":231219,"date":"2024-07-30T12:00:00","date_gmt":"2024-07-30T10:00:00","guid":{"rendered":"https:\/\/www.tucomarca.com\/wordpress\/segunda\/?p=231219"},"modified":"2024-07-30T12:45:12","modified_gmt":"2024-07-30T10:45:12","slug":"el-castillo-de-bunol-acoge-una-apasionante-observacion-astronomica-este-fin-de-semana","status":"publish","type":"post","link":"https:\/\/www.tucomarca.com\/wordpress\/segunda\/el-castillo-de-bunol-acoge-una-apasionante-observacion-astronomica-este-fin-de-semana\/","title":{"rendered":"El castillo de Bu\u00f1ol acoge una apasionante observaci\u00f3n astron\u00f3mica este fin de semana"},"content":{"rendered":"\n<p>Este s\u00e1bado, 3 de agosto, la terraza de la sala del \u00aboscurico\u00bb del Castillo de Bu\u00f1ol ser\u00e1 el escenario de una apasionante jornada de observaci\u00f3n astron\u00f3mica. A partir de las 21,30 horas, los amantes de la astronom\u00eda est\u00e1n invitados a participar en una actividad organizada por Victor Barbancho, Pepe Cebri\u00e1n, V\u00edctor Marzo y Roberto Palmer, quienes han retomado esta iniciativa tras la disoluci\u00f3n del Ateneo de Bu\u00f1ol a principios de este a\u00f1o, entidad que hasta el a\u00f1o pasado organizaba el evento.<\/p>\n\n\n\n<p>La cita cultural dar\u00e1 inicio con una\u00a0<strong>descripci\u00f3n b\u00e1sica de los telescopios<\/strong>\u00a0aportados por los organizadores, as\u00ed como de los prism\u00e1ticos que traigan los asistentes. Adem\u00e1s, se proporcionar\u00e1n copias de un tr\u00edptico con un mapa estelar para guiar la observaci\u00f3n. A las 22,15 horas, durante el crep\u00fasculo n\u00e1utico, se identificar\u00e1n a simple vista las estrellas m\u00e1s brillantes del cielo de verano, incluyendo\u00a0<strong>Polar, Deneb, Vega, Altair, Arturo y Antares<\/strong>.<\/p>\n\n\n\n<p>Posteriormente, a las 22,30 horas, durante el crep\u00fasculo astron\u00f3mico, se proceder\u00e1 a localizar las constelaciones que atraviesan la V\u00eda L\u00e1ctea, como\u00a0<strong>Cisne, \u00c1guila, Sagitario y Escorpi\u00f3n<\/strong>, adem\u00e1s de otras constelaciones relevantes como\u00a0<strong>Osa Mayor y Osa Menor<\/strong>, y los asterismos del\u00a0<strong>Carro, el Tri\u00e1ngulo de Verano, la Tetera y el Anzuelo<\/strong>.<\/p>\n\n\n\n<p>La noche continuar\u00e1 con la&nbsp;<strong>observaci\u00f3n de objetos de cielo profundo<\/strong>&nbsp;dentro de nuestra galaxia y otras galaxias, utilizando los telescopios disponibles. Paralelamente, se realizar\u00e1n observaciones con prism\u00e1ticos y el mapa celeste para identificar los objetos de cielo profundo m\u00e1s brillantes.<\/p>\n\n\n\n<p>Finalmente, a las 23,00 horas, los asistentes podr\u00e1n practicar\u00a0<strong>astrofotograf\u00eda<\/strong>\u00a0utilizando sus tel\u00e9fonos m\u00f3viles montados en tr\u00edpodes est\u00e1ticos, capturando la belleza del cielo nocturno.<\/p>\n\n\n\n<p>Esta actividad ofrece una oportunidad \u00fanica para los interesados en la astronom\u00eda de explorar el cielo estrellado desde un lugar tan emblem\u00e1tico como el Castillo de Bu\u00f1ol.<\/p>\n","protected":false},"excerpt":{"rendered":"<div class=\"mh-excerpt\">Este s\u00e1bado, 3 de agosto, la terraza de la sala del \u00aboscurico\u00bb del Castillo de Bu\u00f1ol ser\u00e1 el escenario de una apasionante jornada de observaci\u00f3n astron\u00f3mica. A partir de las 21,30 horas, los amantes de <a class=\"mh-excerpt-more\" href=\"https:\/\/www.tucomarca.com\/wordpress\/segunda\/el-castillo-de-bunol-acoge-una-apasionante-observacion-astronomica-este-fin-de-semana\/\" title=\"El castillo de Bu\u00f1ol acoge una apasionante observaci\u00f3n astron\u00f3mica este fin de semana\">[+] <\/a><\/div>\n","protected":false},"author":13,"featured_media":231220,"comment_status":"open","ping_status":"open","sticky":false,"template":"","format":"standard","meta":{"footnotes":""},"categories":[4,18,8,10,117,7,3],"tags":[1366,19574,10385,20858],"class_list":{"0":"post-231219","1":"post","2":"type-post","3":"status-publish","4":"format-standard","5":"has-post-thumbnail","7":"category-agenda","8":"category-bunol","9":"category-la-comarca","10":"category-la-hoya","11":"category-medio-ambiente-la-comarca","12":"category-ocio-y-cultura","13":"category-seccion","14":"tag-agenda-2","15":"tag-astronomia","16":"tag-bunol","17":"tag-la-hoya-de-bunol-chiva-4"},"_links":{"self":[{"href":"https:\/\/www.tucomarca.com\/wordpress\/segunda\/wp-json\/wp\/v2\/posts\/231219","targetHints":{"allow":["GET"]}}],"collection":[{"href":"https:\/\/www.tucomarca.com\/wordpress\/segunda\/wp-json\/wp\/v2\/posts"}],"about":[{"href":"https:\/\/www.tucomarca.com\/wordpress\/segunda\/wp-json\/wp\/v2\/types\/post"}],"author":[{"embeddable":true,"href":"https:\/\/www.tucomarca.com\/wordpress\/segunda\/wp-json\/wp\/v2\/users\/13"}],"replies":[{"embeddable":true,"href":"https:\/\/www.tucomarca.com\/wordpress\/segunda\/wp-json\/wp\/v2\/comments?post=231219"}],"version-history":[{"count":0,"href":"https:\/\/www.tucomarca.com\/wordpress\/segunda\/wp-json\/wp\/v2\/posts\/231219\/revisions"}],"wp:featuredmedia":[{"embeddable":true,"href":"https:\/\/www.tucomarca.com\/wordpress\/segunda\/wp-json\/wp\/v2\/media\/231220"}],"wp:attachment":[{"href":"https:\/\/www.tucomarca.com\/wordpress\/segunda\/wp-json\/wp\/v2\/media?parent=231219"}],"wp:term":[{"taxonomy":"category","embeddable":true,"href":"https:\/\/www.tucomarca.com\/wordpress\/segunda\/wp-json\/wp\/v2\/categories?post=231219"},{"taxonomy":"post_tag","embeddable":true,"href":"https:\/\/www.tucomarca.com\/wordpress\/segunda\/wp-json\/wp\/v2\/tags?post=231219"}],"curies":[{"name":"wp","href":"https:\/\/api.w.org\/{rel}","templated":true}]}}