{"id":231866,"date":"2024-08-06T09:40:00","date_gmt":"2024-08-06T07:40:00","guid":{"rendered":"https:\/\/www.tucomarca.com\/wordpress\/segunda\/?p=231866"},"modified":"2024-08-06T18:46:49","modified_gmt":"2024-08-06T16:46:49","slug":"la-biblioteca-municipal-de-godelleta-acoge-la-exposicion-avifauna-sierra-perentxiza-que-fomenta-el-papel-de-las-aves-en-el-ecosistema","status":"publish","type":"post","link":"https:\/\/www.tucomarca.com\/wordpress\/segunda\/la-biblioteca-municipal-de-godelleta-acoge-la-exposicion-avifauna-sierra-perentxiza-que-fomenta-el-papel-de-las-aves-en-el-ecosistema\/","title":{"rendered":"La biblioteca municipal de Godelleta acoge la exposici\u00f3n \u201cAvifauna Sierra Perentxiza\u201d que fomenta el papel de las aves en el ecosistema"},"content":{"rendered":"\n<h3 class=\"wp-block-heading\">La inauguraci\u00f3n cont\u00f3 con la presentaci\u00f3n del libro \u201cCuentos para hacer visible lo invisible. En busca de la coherencia ambiental\u201d, de mano de Jos\u00e9 G\u00f3mez Garc\u00eda, autor de la obra.<\/h3>\n\n\n\n<p>La Biblioteca Municipal de Godelleta inaugur\u00f3 la exposici\u00f3n \u201cAvifauna Sierra Perentxiza\u201d, una muestra que tiene como objetivo fomentar el conocimiento del papel de las aves en nuestros ecosistemas. La exposici\u00f3n estar\u00e1 disponible para el p\u00fablico hasta el viernes 30 de septiembre, ofreciendo una oportunidad para apreciar la diversidad de las aves de la regi\u00f3n y su relevancia ambiental.<\/p>\n\n\n\n<p>Durante la inauguraci\u00f3n, Jos\u00e9 G\u00f3mez Garc\u00eda present\u00f3 su libro \u201cCuentos para hacer visible lo invisible. En busca de la coherencia ambiental\u201d, una obra que invita a reflexionar sobre la conexi\u00f3n entre los seres humanos y el entorno natural, a trav\u00e9s de narrativas que ponen de relieve la importancia de proteger nuestra biodiversidad.<\/p>\n\n\n\n<figure class=\"wp-block-gallery has-nested-images columns-default is-cropped wp-block-gallery-1 is-layout-flex wp-block-gallery-is-layout-flex\">\n<figure class=\"wp-block-image size-large\"><img loading=\"lazy\" decoding=\"async\" width=\"886\" height=\"498\" data-id=\"231870\" src=\"https:\/\/www.tucomarca.com\/wordpress\/segunda\/wp-content\/uploads\/2024\/08\/GodelletaAviFauna2.jpg\" alt=\"\" class=\"wp-image-231870\" srcset=\"https:\/\/www.tucomarca.com\/wordpress\/segunda\/wp-content\/uploads\/2024\/08\/GodelletaAviFauna2.jpg 886w, https:\/\/www.tucomarca.com\/wordpress\/segunda\/wp-content\/uploads\/2024\/08\/GodelletaAviFauna2-300x169.jpg 300w, https:\/\/www.tucomarca.com\/wordpress\/segunda\/wp-content\/uploads\/2024\/08\/GodelletaAviFauna2-768x432.jpg 768w, https:\/\/www.tucomarca.com\/wordpress\/segunda\/wp-content\/uploads\/2024\/08\/GodelletaAviFauna2-678x381.jpg 678w\" sizes=\"auto, (max-width: 886px) 100vw, 886px\" \/><\/figure>\n\n\n\n<figure class=\"wp-block-image size-large\"><img loading=\"lazy\" decoding=\"async\" width=\"886\" height=\"498\" data-id=\"231872\" src=\"https:\/\/www.tucomarca.com\/wordpress\/segunda\/wp-content\/uploads\/2024\/08\/GodelletaAviFauna3.jpg\" alt=\"\" class=\"wp-image-231872\" srcset=\"https:\/\/www.tucomarca.com\/wordpress\/segunda\/wp-content\/uploads\/2024\/08\/GodelletaAviFauna3.jpg 886w, https:\/\/www.tucomarca.com\/wordpress\/segunda\/wp-content\/uploads\/2024\/08\/GodelletaAviFauna3-300x169.jpg 300w, https:\/\/www.tucomarca.com\/wordpress\/segunda\/wp-content\/uploads\/2024\/08\/GodelletaAviFauna3-768x432.jpg 768w, https:\/\/www.tucomarca.com\/wordpress\/segunda\/wp-content\/uploads\/2024\/08\/GodelletaAviFauna3-678x381.jpg 678w\" sizes=\"auto, (max-width: 886px) 100vw, 886px\" \/><\/figure>\n<\/figure>\n\n\n\n<p>La alcaldesa de Godelleta, Amparo Pardo, expres\u00f3 la importancia de acoger esta exposici\u00f3n en el municipio: \u201cEsta iniciativa no solo realza la belleza de las aves de nuestra sierra, sino que tambi\u00e9n nos recuerda la responsabilidad que tenemos en la protecci\u00f3n de nuestro entorno\u201d.<\/p>\n\n\n\n<p>La exposici\u00f3n \u201cAvifauna Sierra Perentxiza\u201d ofrece una mirada profunda sobre las diferentes especies de aves que habitan la Sierra Perentxiza, con paneles informativos, y fotograf\u00edas que hacen \u00e9nfasis en la conservaci\u00f3n y el respeto hacia la naturaleza y la necesidad de cuidar su h\u00e1bitat.<\/p>\n\n\n\n<p>El Ayuntamiento de Godelleta invita a la ciudadan\u00eda y amantes de la naturaleza a \u201cdisfrutar de esta enriquecedora exposici\u00f3n, que promete no solo informar, sino tambi\u00e9n inspirar un mayor compromiso hacia la protecci\u00f3n de nuestro medio ambiente\u201d, afirma la alcaldesa.<\/p>\n","protected":false},"excerpt":{"rendered":"<div class=\"mh-excerpt\">La inauguraci\u00f3n cont\u00f3 con la presentaci\u00f3n del libro \u201cCuentos para hacer visible lo invisible. En busca de la coherencia ambiental\u201d, de mano de Jos\u00e9 G\u00f3mez Garc\u00eda, autor de la obra. La Biblioteca Municipal de Godelleta <a class=\"mh-excerpt-more\" href=\"https:\/\/www.tucomarca.com\/wordpress\/segunda\/la-biblioteca-municipal-de-godelleta-acoge-la-exposicion-avifauna-sierra-perentxiza-que-fomenta-el-papel-de-las-aves-en-el-ecosistema\/\" title=\"La biblioteca municipal de Godelleta acoge la exposici\u00f3n \u201cAvifauna Sierra Perentxiza\u201d que fomenta el papel de las aves en el ecosistema\">[+] <\/a><\/div>\n","protected":false},"author":12,"featured_media":231868,"comment_status":"open","ping_status":"open","sticky":false,"template":"","format":"gallery","meta":{"footnotes":""},"categories":[14,8,10,117,7,3],"tags":[6282,10383,5952],"class_list":{"0":"post-231866","1":"post","2":"type-post","3":"status-publish","4":"format-gallery","5":"has-post-thumbnail","7":"category-godelleta","8":"category-la-comarca","9":"category-la-hoya","10":"category-medio-ambiente-la-comarca","11":"category-ocio-y-cultura","12":"category-seccion","13":"tag-biblioteca-godelleta","14":"tag-godelleta","15":"tag-la-hoya-de-bunol-chiva","16":"post_format-post-format-gallery"},"_links":{"self":[{"href":"https:\/\/www.tucomarca.com\/wordpress\/segunda\/wp-json\/wp\/v2\/posts\/231866","targetHints":{"allow":["GET"]}}],"collection":[{"href":"https:\/\/www.tucomarca.com\/wordpress\/segunda\/wp-json\/wp\/v2\/posts"}],"about":[{"href":"https:\/\/www.tucomarca.com\/wordpress\/segunda\/wp-json\/wp\/v2\/types\/post"}],"author":[{"embeddable":true,"href":"https:\/\/www.tucomarca.com\/wordpress\/segunda\/wp-json\/wp\/v2\/users\/12"}],"replies":[{"embeddable":true,"href":"https:\/\/www.tucomarca.com\/wordpress\/segunda\/wp-json\/wp\/v2\/comments?post=231866"}],"version-history":[{"count":0,"href":"https:\/\/www.tucomarca.com\/wordpress\/segunda\/wp-json\/wp\/v2\/posts\/231866\/revisions"}],"wp:featuredmedia":[{"embeddable":true,"href":"https:\/\/www.tucomarca.com\/wordpress\/segunda\/wp-json\/wp\/v2\/media\/231868"}],"wp:attachment":[{"href":"https:\/\/www.tucomarca.com\/wordpress\/segunda\/wp-json\/wp\/v2\/media?parent=231866"}],"wp:term":[{"taxonomy":"category","embeddable":true,"href":"https:\/\/www.tucomarca.com\/wordpress\/segunda\/wp-json\/wp\/v2\/categories?post=231866"},{"taxonomy":"post_tag","embeddable":true,"href":"https:\/\/www.tucomarca.com\/wordpress\/segunda\/wp-json\/wp\/v2\/tags?post=231866"}],"curies":[{"name":"wp","href":"https:\/\/api.w.org\/{rel}","templated":true}]}}