{"id":232059,"date":"2024-08-07T13:30:00","date_gmt":"2024-08-07T11:30:00","guid":{"rendered":"https:\/\/www.tucomarca.com\/wordpress\/segunda\/?p=232059"},"modified":"2024-08-07T20:15:33","modified_gmt":"2024-08-07T18:15:33","slug":"el-pp-pone-fin-a-su-pacto-de-gobierno-con-el-prya-en-requena-y-afrontara-la-legislatura-en-solitario","status":"publish","type":"post","link":"https:\/\/www.tucomarca.com\/wordpress\/segunda\/el-pp-pone-fin-a-su-pacto-de-gobierno-con-el-prya-en-requena-y-afrontara-la-legislatura-en-solitario\/","title":{"rendered":"El PP pone fin a su pacto de gobierno con el PRyA en Requena y afrontar\u00e1 la legislatura en solitario"},"content":{"rendered":"\n<p>La alcaldesa de Requena, Roc\u00edo Cort\u00e9s, ha anunciado hoy la decisi\u00f3n del equipo de gobierno del Partido Popular (PP) de poner fin al acuerdo de coalici\u00f3n con el Partido de Requena y Aldeas (PRYA). Este anuncio marca un cambio significativo en la pol\u00edtica local, ya que el PP gobernar\u00e1 en minor\u00eda a partir de ahora.<\/p>\n\n\n\n<p>En una declaraci\u00f3n oficial, Roc\u00edo Cort\u00e9s ha explicado que la decisi\u00f3n fue tomada \u00abtras una profunda reflexi\u00f3n y an\u00e1lisis de las diferencias surgidas en los \u00faltimos meses entre ambas formaciones\u00bb. Seg\u00fan la alcaldesa, \u00abestas diferencias han afectado tanto a las prioridades del municipio como a la gesti\u00f3n del Ayuntamiento\u00bb.<\/p>\n\n\n\n<p>\u00abHoy me dirijo a ustedes como Alcaldesa de Requena y representante del Partido Popular para comunicar una decisi\u00f3n que, aunque dif\u00edcil, consideramos necesaria para el bienestar de nuestro municipi0\u00bb, ha manifestado la alcaldesa en su comunicado, en el que ha destacado que los \u00abdesacuerdos en asuntos importantes y las continuas amenazas p\u00fablicas de ruptura del pacto por parte del PRYA han generado un ambiente de inestabilidad y desconfianza, perjudicando la gobernanza local\u00bb<\/p>\n\n\n\n<p>Ante esta situaci\u00f3n, el PP ha decidido \u00abfinalizar el acuerdo de coalici\u00f3n para proceder de manera firme y eficaz. Con gran ilusi\u00f3n, abordamos un nuevo ciclo en minor\u00eda, poni\u00e9ndonos a disposici\u00f3n de los grupos pol\u00edticos para buscar los apoyos necesarios en cada asunto\u00bb, ha a\u00f1adido Roc\u00edo Cort\u00e9s.<\/p>\n\n\n\n<p>La alcald\u00eda ha formalizado durante el d\u00eda de hoy el decreto administrativo con la nueva reasignaci\u00f3n de concejal\u00edas y ya est\u00e1 trabajando en las nuevas \u00e1reas de gesti\u00f3n. La alcaldesa hizo un llamamiento a las fuerzas pol\u00edticas y colectivos sociales \u00abpara trabajar conjuntamente y alcanzar acuerdos en beneficio de Requena\u00bb.<\/p>\n\n\n\n<p>\u00abSeguimos con fuerza e ilusi\u00f3n renovada por el bien de nuestro municipio y de sus habitantes\u00bb, ha concluido Roc\u00edo Cort\u00e9s, reafirmando su \u00abcompromiso y responsabilidad que requiere este momento\u00bb.<\/p>\n","protected":false},"excerpt":{"rendered":"<div class=\"mh-excerpt\">La alcaldesa de Requena, Roc\u00edo Cort\u00e9s, ha anunciado hoy la decisi\u00f3n del equipo de gobierno del Partido Popular (PP) de poner fin al acuerdo de coalici\u00f3n con el Partido de Requena y Aldeas (PRYA). Este <a class=\"mh-excerpt-more\" href=\"https:\/\/www.tucomarca.com\/wordpress\/segunda\/el-pp-pone-fin-a-su-pacto-de-gobierno-con-el-prya-en-requena-y-afrontara-la-legislatura-en-solitario\/\" title=\"El PP pone fin a su pacto de gobierno con el PRyA en Requena y afrontar\u00e1 la legislatura en solitario\">[+] <\/a><\/div>\n","protected":false},"author":1,"featured_media":188020,"comment_status":"open","ping_status":"open","sticky":false,"template":"","format":"standard","meta":{"footnotes":""},"categories":[128,8,72,142,28,27,3,45],"tags":[7279,63,7827,10388,10387],"class_list":{"0":"post-232059","1":"post","2":"type-post","3":"status-publish","4":"format-standard","5":"has-post-thumbnail","7":"category-infraestructuras","8":"category-la-comarca","9":"category-sin-categorizar","10":"category-politica-la-comarca","11":"category-requena","12":"category-requena-utiel","13":"category-seccion","14":"category-ventana","15":"tag-partido-popular","16":"tag-pp","17":"tag-prya","18":"tag-requena","19":"tag-requena-utiel"},"_links":{"self":[{"href":"https:\/\/www.tucomarca.com\/wordpress\/segunda\/wp-json\/wp\/v2\/posts\/232059","targetHints":{"allow":["GET"]}}],"collection":[{"href":"https:\/\/www.tucomarca.com\/wordpress\/segunda\/wp-json\/wp\/v2\/posts"}],"about":[{"href":"https:\/\/www.tucomarca.com\/wordpress\/segunda\/wp-json\/wp\/v2\/types\/post"}],"author":[{"embeddable":true,"href":"https:\/\/www.tucomarca.com\/wordpress\/segunda\/wp-json\/wp\/v2\/users\/1"}],"replies":[{"embeddable":true,"href":"https:\/\/www.tucomarca.com\/wordpress\/segunda\/wp-json\/wp\/v2\/comments?post=232059"}],"version-history":[{"count":0,"href":"https:\/\/www.tucomarca.com\/wordpress\/segunda\/wp-json\/wp\/v2\/posts\/232059\/revisions"}],"wp:featuredmedia":[{"embeddable":true,"href":"https:\/\/www.tucomarca.com\/wordpress\/segunda\/wp-json\/wp\/v2\/media\/188020"}],"wp:attachment":[{"href":"https:\/\/www.tucomarca.com\/wordpress\/segunda\/wp-json\/wp\/v2\/media?parent=232059"}],"wp:term":[{"taxonomy":"category","embeddable":true,"href":"https:\/\/www.tucomarca.com\/wordpress\/segunda\/wp-json\/wp\/v2\/categories?post=232059"},{"taxonomy":"post_tag","embeddable":true,"href":"https:\/\/www.tucomarca.com\/wordpress\/segunda\/wp-json\/wp\/v2\/tags?post=232059"}],"curies":[{"name":"wp","href":"https:\/\/api.w.org\/{rel}","templated":true}]}}