{"id":2321,"date":"2012-05-24T17:05:04","date_gmt":"2012-05-24T15:05:04","guid":{"rendered":"http:\/\/www.tucomarca.com\/wordpress\/segunda\/?p=2321"},"modified":"2012-05-24T17:05:50","modified_gmt":"2012-05-24T15:05:50","slug":"el-director-general-de-asistencia-sanitaria-guillermo-ferran-explica-en-turis-el-plan-de-ajuste","status":"publish","type":"post","link":"https:\/\/www.tucomarca.com\/wordpress\/segunda\/el-director-general-de-asistencia-sanitaria-guillermo-ferran-explica-en-turis-el-plan-de-ajuste\/","title":{"rendered":"El Director General de Asistencia Sanitaria, Guillermo Ferr\u00e1n, explica en Tur\u00eds el Plan de Ajuste"},"content":{"rendered":"<figure id=\"attachment_2322\" aria-describedby=\"caption-attachment-2322\" style=\"width: 300px\" class=\"wp-caption alignleft\"><a rel=\"attachment wp-att-2322\" href=\"https:\/\/www.tucomarca.com\/wordpress\/segunda\/?attachment_id=2322\"><img loading=\"lazy\" decoding=\"async\" class=\"size-medium wp-image-2322\" src=\"https:\/\/www.tucomarca.com\/wordpress\/segunda\/wp-content\/uploads\/2012\/05\/DSCN3474-300x224.jpg\" alt=\"Guillermo Ferr\u00e1n y Pilar Lozano. tc.c\" width=\"300\" height=\"224\" srcset=\"https:\/\/www.tucomarca.com\/wordpress\/segunda\/wp-content\/uploads\/2012\/05\/DSCN3474-300x224.jpg 300w, https:\/\/www.tucomarca.com\/wordpress\/segunda\/wp-content\/uploads\/2012\/05\/DSCN3474.jpeg 623w\" sizes=\"auto, (max-width: 300px) 100vw, 300px\" \/><\/a><figcaption id=\"caption-attachment-2322\" class=\"wp-caption-text\">Guillermo Ferr\u00e1n y Pilar Lozano. tc.c<\/figcaption><\/figure>\n<p>El Director General de Ordenaci\u00f3n y Asistencia Sanitaria, Guillermo Ferr\u00e1n Mart\u00ednez, ha estado en Tur\u00eds para explicar el plan de ajuste aplicado por la Generalitat Valenciana en materia de sanidad. Durante la reuni\u00f3n estuvo acompa\u00f1ado por el equipo directivo de la gerencia Hospital de Manises encabezado por Enrique Ballester, Subdirector General de Asistencia Sanitaria, y Pilar Viezma, Comisionada de la Agencia Valenciana de la Salud de la Generalitat Valenciana.<\/p>\n<p>Ferr\u00e1n asegur\u00f3 que \u201cen todo momento se van a mantener la gratuidad y la misma calidad en la atenci\u00f3n al ciudadano\u201d. De lo que se trata es de \u201casumir nuevos tipos de gesti\u00f3n intentando ser equitativos y equilibrar los recursos para que el sistema sea sostenible y permita mantener la calidad con dichos recursos\u201d.<\/p>\n<p>El Director General explic\u00f3 que se va a intentar que una \u00fanica empresa gestione \u201ctodos los servicios sanitarios en lugar de externalizar cada servicio a una empresa diferente\u201d. Apunt\u00f3 adem\u00e1s que \u201cel modelo de gesti\u00f3n compartida no es privatizador\u201d.<\/p>\n<p>De la misma manera inform\u00f3 que \u201cel esfuerzo y los avances de los \u00faltimos a\u00f1os son muy importantes y ahora hay que mantenerlos\u201d. Puso como ejemplo el sistema inform\u00e1tico que mantiene conectados los hospitales y los centros de atenci\u00f3n primaria \u201ccon el cual hemos sido pioneros y que sirve de ejemplo para otras comunidades de Espa\u00f1a\u201d.<\/p>\n<p>Por otro lado, la Alcaldesa de la localidad, Pilar Lozano, inform\u00f3 sobre el estado de las gestiones para trasladar el centro de salud a las instalaciones del centro de d\u00eda que en la actualidad permanecen cerradas por estar construido sobre suelo de protecci\u00f3n agr\u00edcola. \u201cNosotros ya advertimos en su d\u00eda de esta situaci\u00f3n pero no se nos hizo caso y ahora nos encontramos con este problema que tanto desde el consistorio como desde la conselleria se est\u00e1 intentando subsanar con la mayor celeridad posible\u201d.<\/p>\n","protected":false},"excerpt":{"rendered":"<div class=\"mh-excerpt\">El Director General de Ordenaci\u00f3n y Asistencia Sanitaria, Guillermo Ferr\u00e1n Mart\u00ednez, ha estado en Tur\u00eds para explicar el plan de ajuste aplicado por la Generalitat Valenciana en materia de sanidad. Durante la reuni\u00f3n estuvo acompa\u00f1ado <a class=\"mh-excerpt-more\" href=\"https:\/\/www.tucomarca.com\/wordpress\/segunda\/el-director-general-de-asistencia-sanitaria-guillermo-ferran-explica-en-turis-el-plan-de-ajuste\/\" title=\"El Director General de Asistencia Sanitaria, Guillermo Ferr\u00e1n, explica en Tur\u00eds el Plan de Ajuste\">[+] <\/a><\/div>\n","protected":false},"author":2,"featured_media":2322,"comment_status":"open","ping_status":"open","sticky":false,"template":"","format":"standard","meta":{"footnotes":""},"categories":[8,42,142,3,43],"tags":[240],"class_list":{"0":"post-2321","1":"post","2":"type-post","3":"status-publish","4":"format-standard","5":"has-post-thumbnail","7":"category-la-comarca","8":"category-la-ribera","9":"category-politica-la-comarca","10":"category-seccion","11":"category-turis","12":"tag-ajustes"},"_links":{"self":[{"href":"https:\/\/www.tucomarca.com\/wordpress\/segunda\/wp-json\/wp\/v2\/posts\/2321","targetHints":{"allow":["GET"]}}],"collection":[{"href":"https:\/\/www.tucomarca.com\/wordpress\/segunda\/wp-json\/wp\/v2\/posts"}],"about":[{"href":"https:\/\/www.tucomarca.com\/wordpress\/segunda\/wp-json\/wp\/v2\/types\/post"}],"author":[{"embeddable":true,"href":"https:\/\/www.tucomarca.com\/wordpress\/segunda\/wp-json\/wp\/v2\/users\/2"}],"replies":[{"embeddable":true,"href":"https:\/\/www.tucomarca.com\/wordpress\/segunda\/wp-json\/wp\/v2\/comments?post=2321"}],"version-history":[{"count":0,"href":"https:\/\/www.tucomarca.com\/wordpress\/segunda\/wp-json\/wp\/v2\/posts\/2321\/revisions"}],"wp:featuredmedia":[{"embeddable":true,"href":"https:\/\/www.tucomarca.com\/wordpress\/segunda\/wp-json\/wp\/v2\/media\/2322"}],"wp:attachment":[{"href":"https:\/\/www.tucomarca.com\/wordpress\/segunda\/wp-json\/wp\/v2\/media?parent=2321"}],"wp:term":[{"taxonomy":"category","embeddable":true,"href":"https:\/\/www.tucomarca.com\/wordpress\/segunda\/wp-json\/wp\/v2\/categories?post=2321"},{"taxonomy":"post_tag","embeddable":true,"href":"https:\/\/www.tucomarca.com\/wordpress\/segunda\/wp-json\/wp\/v2\/tags?post=2321"}],"curies":[{"name":"wp","href":"https:\/\/api.w.org\/{rel}","templated":true}]}}