{"id":23240,"date":"2014-02-18T16:20:45","date_gmt":"2014-02-18T13:20:45","guid":{"rendered":"http:\/\/www.tucomarca.com\/wordpress\/segunda\/?p=23240"},"modified":"2014-02-18T16:20:52","modified_gmt":"2014-02-18T13:20:52","slug":"finalizan-los-trabajos-de-demolicion-que-permitiran-llevar-a-cabo-el-ensanche-de-la-calle-carmen-de-requena","status":"publish","type":"post","link":"https:\/\/www.tucomarca.com\/wordpress\/segunda\/finalizan-los-trabajos-de-demolicion-que-permitiran-llevar-a-cabo-el-ensanche-de-la-calle-carmen-de-requena\/","title":{"rendered":"Finalizan los trabajos de demolici\u00f3n que permitir\u00e1n llevar a cabo el ensanche de la calle Carmen de Requena"},"content":{"rendered":"<p><figure id=\"attachment_23241\" aria-describedby=\"caption-attachment-23241\" style=\"width: 300px\" class=\"wp-caption alignleft\"><a href=\"https:\/\/www.tucomarca.com\/wordpress\/segunda\/?attachment_id=23241\" rel=\"attachment wp-att-23241\"><img loading=\"lazy\" decoding=\"async\" src=\"https:\/\/www.tucomarca.com\/wordpress\/segunda\/wp-content\/uploads\/2014\/02\/obrasrequena-300x168.jpg\" alt=\"\" title=\"obrasrequena\" width=\"300\" height=\"168\" class=\"size-medium wp-image-23241\" srcset=\"https:\/\/www.tucomarca.com\/wordpress\/segunda\/wp-content\/uploads\/2014\/02\/obrasrequena-300x168.jpg 300w, https:\/\/www.tucomarca.com\/wordpress\/segunda\/wp-content\/uploads\/2014\/02\/obrasrequena-1024x576.jpg 1024w, https:\/\/www.tucomarca.com\/wordpress\/segunda\/wp-content\/uploads\/2014\/02\/obrasrequena.jpeg 1280w\" sizes=\"auto, (max-width: 300px) 100vw, 300px\" \/><\/a><figcaption id=\"caption-attachment-23241\" class=\"wp-caption-text\">Aspecto de la v\u00eda tras la demolici\u00f3n. tc.c<\/figcaption><\/figure>El consistorio de Requena ha dado por finalizados los trabajos de demolici\u00f3n del \u00faltimo inmueble que permanec\u00eda fuera de ordenaci\u00f3n en la C\/ Carmen.<br \/>\nComo se explica desde el ente municipal, la actuaci\u00f3n en esta v\u00eda permitir\u00e1 regularizar urban\u00edsticamente la zona, ensanchando la secci\u00f3n de la calle, dotando de una mayor anchura las aceras y canalizando el vial, que ser\u00e1 repavimentado, por la zona central.<br \/>\nEsta actuaci\u00f3n se llevar\u00e1n a cabo en paralelo a la ejecuci\u00f3n de las obras de pavimentaci\u00f3n de la C\/ del Peso y la Plaza de Espa\u00f1a, y no empezar\u00e1 a ejecutarse hasta la fase final de la misma, que est\u00e1 prevista para el mes de marzo.<\/p>\n","protected":false},"excerpt":{"rendered":"<div class=\"mh-excerpt\">El consistorio de Requena ha dado por finalizados los trabajos de demolici\u00f3n del \u00faltimo inmueble que permanec\u00eda fuera de ordenaci\u00f3n en la C\/ Carmen. Como se explica desde el ente municipal, la actuaci\u00f3n en esta <a class=\"mh-excerpt-more\" href=\"https:\/\/www.tucomarca.com\/wordpress\/segunda\/finalizan-los-trabajos-de-demolicion-que-permitiran-llevar-a-cabo-el-ensanche-de-la-calle-carmen-de-requena\/\" title=\"Finalizan los trabajos de demolici\u00f3n que permitir\u00e1n llevar a cabo el ensanche de la calle Carmen de Requena\">[+] <\/a><\/div>\n","protected":false},"author":2,"featured_media":23241,"comment_status":"open","ping_status":"open","sticky":false,"template":"","format":"standard","meta":{"footnotes":""},"categories":[128,8,28,27,3],"tags":[3351,3352,3354,3350,3353,10388],"class_list":{"0":"post-23240","1":"post","2":"type-post","3":"status-publish","4":"format-standard","5":"has-post-thumbnail","7":"category-infraestructuras","8":"category-la-comarca","9":"category-requena","10":"category-requena-utiel","11":"category-seccion","12":"tag-casa","13":"tag-clle-carmen","14":"tag-consistorio","15":"tag-demolicion","16":"tag-ensanchar","17":"tag-requena"},"_links":{"self":[{"href":"https:\/\/www.tucomarca.com\/wordpress\/segunda\/wp-json\/wp\/v2\/posts\/23240","targetHints":{"allow":["GET"]}}],"collection":[{"href":"https:\/\/www.tucomarca.com\/wordpress\/segunda\/wp-json\/wp\/v2\/posts"}],"about":[{"href":"https:\/\/www.tucomarca.com\/wordpress\/segunda\/wp-json\/wp\/v2\/types\/post"}],"author":[{"embeddable":true,"href":"https:\/\/www.tucomarca.com\/wordpress\/segunda\/wp-json\/wp\/v2\/users\/2"}],"replies":[{"embeddable":true,"href":"https:\/\/www.tucomarca.com\/wordpress\/segunda\/wp-json\/wp\/v2\/comments?post=23240"}],"version-history":[{"count":0,"href":"https:\/\/www.tucomarca.com\/wordpress\/segunda\/wp-json\/wp\/v2\/posts\/23240\/revisions"}],"wp:featuredmedia":[{"embeddable":true,"href":"https:\/\/www.tucomarca.com\/wordpress\/segunda\/wp-json\/wp\/v2\/media\/23241"}],"wp:attachment":[{"href":"https:\/\/www.tucomarca.com\/wordpress\/segunda\/wp-json\/wp\/v2\/media?parent=23240"}],"wp:term":[{"taxonomy":"category","embeddable":true,"href":"https:\/\/www.tucomarca.com\/wordpress\/segunda\/wp-json\/wp\/v2\/categories?post=23240"},{"taxonomy":"post_tag","embeddable":true,"href":"https:\/\/www.tucomarca.com\/wordpress\/segunda\/wp-json\/wp\/v2\/tags?post=23240"}],"curies":[{"name":"wp","href":"https:\/\/api.w.org\/{rel}","templated":true}]}}