{"id":232572,"date":"2024-08-12T11:10:00","date_gmt":"2024-08-12T09:10:00","guid":{"rendered":"https:\/\/www.tucomarca.com\/wordpress\/segunda\/?p=232572"},"modified":"2024-08-12T14:35:03","modified_gmt":"2024-08-12T12:35:03","slug":"la-diputacio-financia-un-proyecto-de-memoria-sobre-los-trabajos-forzados-en-la-construccion-del-pantano-de-benageber","status":"publish","type":"post","link":"https:\/\/www.tucomarca.com\/wordpress\/segunda\/la-diputacio-financia-un-proyecto-de-memoria-sobre-los-trabajos-forzados-en-la-construccion-del-pantano-de-benageber\/","title":{"rendered":"La Diputaci\u00f3 financia un proyecto de memoria sobre los trabajos forzados en la construcci\u00f3n del pantano de Benag\u00e9ber"},"content":{"rendered":"\n<h3 class=\"wp-block-heading\">La delegaci\u00f3n de Memoria Democr\u00e1tica, que dirige la vicepresidenta Nat\u00e0lia Enguix, concede una ayuda a la asociaci\u00f3n Acci\u00f3 Ciutadana contra la Impunitat del Franquisme para realizar esta tarea con fines divulgativos.<\/h3>\n\n\n\n<p>La Diputaci\u00f3 de Val\u00e8ncia ha concedido una ayuda de cerca de 9.000 euros a Acci\u00f3 Ciutadana contra la Impunitat del Franquisme para la realizaci\u00f3n del proyecto \u2018Los trabajos forzados durante el franquismo. Espacios por conocer y divulgar en tierras valencianas\u2019, en el marco de las subvenciones a entidades memorialistas que otorga cada a\u00f1o la delegaci\u00f3n de Memoria Democr\u00e1tica que dirige la vicepresidenta Nat\u00e0lia Enguix.<\/p>\n\n\n\n<p>La propia Enguix destaca \u201cla importancia de la divulgaci\u00f3n en materia de memoria, de que las instituciones colaboremos con los organismos y entidades que trabajan para dar a conocer a las nuevas generaciones esa parte de la historia que qued\u00f3 incompleta y se ha tratado de ocultar\u201d. En este caso, la vicepresidenta de la Diputaci\u00f3n y diputada de Memoria ha puesto en valor \u201clas investigaciones que se han realizado y se siguen realizando sobre los trabajos forzados que tuvieron que hacer los presos de guerra para construir infraestructuras importantes como es el pantano de Benag\u00e9ber, una obra p\u00fablica que debe estudiarse en los centros educativos como parte de la historia de Espa\u00f1a\u201d.<\/p>\n\n\n\n<p>El principal objetivo del proyecto de Acci\u00f3 Ciutadana financiado por la Diputaci\u00f3n es impulsar el pantano de Benag\u00e9ber como lugar de referencia en la Comunitat sobre el trabajo forzado en los primeros a\u00f1os del franquismo. La intenci\u00f3n es que la poblaci\u00f3n en general y el alumnado preuniversitario en particular conozcan los detalles de esta obra p\u00fablica en la que particip\u00f3 un batall\u00f3n de alrededor de 600 presos pol\u00edticos.<\/p>\n\n\n\n<p>Adem\u00e1s de recopilar y adaptar para su difusi\u00f3n la informaci\u00f3n existente sobre la historia del pantano, el proyecto incluye visitas guiadas a los antiguos barracones de presos, a cargo del arque\u00f3logo responsable de la restauraci\u00f3n de estos barracones, y un d\u00edptico informativo sobre la participaci\u00f3n de los presos republicanos en la construcci\u00f3n de la infraestructura h\u00eddrica.&nbsp;<\/p>\n\n\n\n<p>La iniciativa de Acci\u00f3 Ciutadana presentada a la convocatoria de ayudas a asociaciones memorialistas de la Diputaci\u00f3n, que este a\u00f1o ha invertido alrededor de un mill\u00f3n de euros en subvenciones tanto para colectivos como ayuntamientos en materia de memoria, incluye tambi\u00e9n dos conferencias con investigadores que aportar\u00e1n novedosa informaci\u00f3n sobre la materia y la elaboraci\u00f3n de una unidad did\u00e1ctica y paneles expositivos sobre el trabajo forzado y el pantano de Benag\u00e9ber. Este material se difundir\u00e1 entre los alumnos de 4\u00ba de la ESO y 1\u00ba y 2\u00ba de Bachillerato, casas de cultura y centros sociales.<\/p>\n\n\n\n<p>La vicepresidenta Enguix recuerda que la Diputaci\u00f3n \u201cha reforzado las ayudas econ\u00f3micas que viene dando en los \u00faltimos a\u00f1os tanto a los ayuntamientos como a las asociaciones memorialistas y de familiares de las v\u00edctimas de la Guerra Civil\u201d. No obstante, \u201cpara nosotros es tan importante contribuir a esos trabajos de localizaci\u00f3n, exhumaci\u00f3n e identificaci\u00f3n de los restos de las v\u00edctimas como la tarea divulgativa de contar la historia tal y como fue, con sus crueldades y sus errores, para que esos errores no vuelvan a repetirse nunca\u201d.&nbsp;<\/p>\n","protected":false},"excerpt":{"rendered":"<div class=\"mh-excerpt\">La delegaci\u00f3n de Memoria Democr\u00e1tica, que dirige la vicepresidenta Nat\u00e0lia Enguix, concede una ayuda a la asociaci\u00f3n Acci\u00f3 Ciutadana contra la Impunitat del Franquisme para realizar esta tarea con fines divulgativos. La Diputaci\u00f3 de Val\u00e8ncia <a class=\"mh-excerpt-more\" href=\"https:\/\/www.tucomarca.com\/wordpress\/segunda\/la-diputacio-financia-un-proyecto-de-memoria-sobre-los-trabajos-forzados-en-la-construccion-del-pantano-de-benageber\/\" title=\"La Diputaci\u00f3 financia un proyecto de memoria sobre los trabajos forzados en la construcci\u00f3n del pantano de Benag\u00e9ber\">[+] <\/a><\/div>\n","protected":false},"author":13,"featured_media":232574,"comment_status":"open","ping_status":"open","sticky":false,"template":"","format":"standard","meta":{"footnotes":""},"categories":[20599,141,128,8,72,20455,59,142,3,45],"tags":[21079,10418,20938,10400,20261],"class_list":{"0":"post-232572","1":"post","2":"type-post","3":"status-publish","4":"format-standard","5":"has-post-thumbnail","7":"category-area-memoria-democratica","8":"category-benageber","9":"category-infraestructuras","10":"category-la-comarca","11":"category-sin-categorizar","12":"category-la-diputacio-de-valencia-informa","13":"category-los-serranos","14":"category-politica-la-comarca","15":"category-seccion","16":"category-ventana","17":"tag-area-memoria-democratica","18":"tag-benageber","19":"tag-la-diputacio-de-valencia","20":"tag-los-serranos","21":"tag-natalia-enguix"},"_links":{"self":[{"href":"https:\/\/www.tucomarca.com\/wordpress\/segunda\/wp-json\/wp\/v2\/posts\/232572","targetHints":{"allow":["GET"]}}],"collection":[{"href":"https:\/\/www.tucomarca.com\/wordpress\/segunda\/wp-json\/wp\/v2\/posts"}],"about":[{"href":"https:\/\/www.tucomarca.com\/wordpress\/segunda\/wp-json\/wp\/v2\/types\/post"}],"author":[{"embeddable":true,"href":"https:\/\/www.tucomarca.com\/wordpress\/segunda\/wp-json\/wp\/v2\/users\/13"}],"replies":[{"embeddable":true,"href":"https:\/\/www.tucomarca.com\/wordpress\/segunda\/wp-json\/wp\/v2\/comments?post=232572"}],"version-history":[{"count":0,"href":"https:\/\/www.tucomarca.com\/wordpress\/segunda\/wp-json\/wp\/v2\/posts\/232572\/revisions"}],"wp:featuredmedia":[{"embeddable":true,"href":"https:\/\/www.tucomarca.com\/wordpress\/segunda\/wp-json\/wp\/v2\/media\/232574"}],"wp:attachment":[{"href":"https:\/\/www.tucomarca.com\/wordpress\/segunda\/wp-json\/wp\/v2\/media?parent=232572"}],"wp:term":[{"taxonomy":"category","embeddable":true,"href":"https:\/\/www.tucomarca.com\/wordpress\/segunda\/wp-json\/wp\/v2\/categories?post=232572"},{"taxonomy":"post_tag","embeddable":true,"href":"https:\/\/www.tucomarca.com\/wordpress\/segunda\/wp-json\/wp\/v2\/tags?post=232572"}],"curies":[{"name":"wp","href":"https:\/\/api.w.org\/{rel}","templated":true}]}}