{"id":2327,"date":"2012-05-24T17:18:16","date_gmt":"2012-05-24T15:18:16","guid":{"rendered":"http:\/\/www.tucomarca.com\/wordpress\/segunda\/?p=2327"},"modified":"2012-05-24T17:18:22","modified_gmt":"2012-05-24T15:18:22","slug":"turis-rinde-homenaje-al-fotografo-taurino-paco-cano-canito","status":"publish","type":"post","link":"https:\/\/www.tucomarca.com\/wordpress\/segunda\/turis-rinde-homenaje-al-fotografo-taurino-paco-cano-canito\/","title":{"rendered":"Tur\u00eds rinde homenaje al fot\u00f3grafo taurino Paco Cano \u00abCanito\u00bb"},"content":{"rendered":"<figure id=\"attachment_2330\" aria-describedby=\"caption-attachment-2330\" style=\"width: 214px\" class=\"wp-caption alignleft\"><a rel=\"attachment wp-att-2330\" href=\"https:\/\/www.tucomarca.com\/wordpress\/segunda\/?attachment_id=2330\"><img loading=\"lazy\" decoding=\"async\" class=\"size-medium wp-image-2330\" src=\"https:\/\/www.tucomarca.com\/wordpress\/segunda\/wp-content\/uploads\/2012\/05\/turis-cartel-toros_PREVIO-214x300.jpg\" alt=\"Cartel anunciador del acto. tc.c\" width=\"214\" height=\"300\" srcset=\"https:\/\/www.tucomarca.com\/wordpress\/segunda\/wp-content\/uploads\/2012\/05\/turis-cartel-toros_PREVIO-214x300.jpg 214w, https:\/\/www.tucomarca.com\/wordpress\/segunda\/wp-content\/uploads\/2012\/05\/turis-cartel-toros_PREVIO.jpg 609w\" sizes=\"auto, (max-width: 214px) 100vw, 214px\" \/><\/a><figcaption id=\"caption-attachment-2330\" class=\"wp-caption-text\">Cartel anunciador del acto. tc.c<\/figcaption><\/figure>\n<p>El Teatre Ideal de Tur\u00eds se va a convertir este viernes, a partir de las 19&#8217;30 horas, en punto de referencia para el mundo taurino gracias a un acto en el que se va a combinar el homenaje a toda una carrera fotogr\u00e1fica, la de Francisco Cano \u201cCanito\u201d, y la reivindicaci\u00f3n y el apoyo a la fiesta de los toros en todas sus vertientes.<br \/>\nTras la inauguraci\u00f3n de la muestra fotogr\u00e1fica que quedar\u00e1 expuesta en el vest\u00edbulo del teatro se mantendr\u00e1 una charla coloquio a la que est\u00e1 previsto que asistan el Conseller de Gobernaci\u00f3n, Seraf\u00edn Castellano, Isidro Prieto, Diputado de Asuntos Taurinos de la Diputaci\u00f3n, los diestros Vicente Barrera y David Esteve y el presidente de la Federaci\u00f3n de Pe\u00f1as de Bous al Carrer, Modesto Mart\u00ednez, entre otros.<br \/>\nRepresentantes de numerosas pe\u00f1as taurinas de localidades de La Hoya de Bu\u00f1ol-Chiva y de La Ribera Alta as\u00ed como sus alcaldes y concejales, ganaderos, empresarios, periodistas y aficionados en general est\u00e1n convocados a este acto que culminar\u00e1 con la lectura de un manifiesto a cargo de la Alcaldesa de Tur\u00eds, Pilar Lozano.<br \/>\nLa m\u00e1xima autoridad turisana asegura que \u201ces un honor no s\u00f3lo rendir homenaje a Francisco Cano, que ha dejado plasmadas para las posteridad las mejores instant\u00e1neas relacionadas con el mundo taurino, sino tambi\u00e9n lanzar desde Tur\u00eds un mensaje de apoyo a la fiesta de los toros. Para nosotros es una satisfacci\u00f3n hacer esta reivindaci\u00f3n desde nuestro pueblo, donde existe una tradici\u00f3n casi centenaria, y ante una presencia de personalidades vinculadas a ella tan destacada y amplia\u201d.<br \/>\nPor su parte, Modesto Mart\u00ednez, Presidente de la Federaci\u00f3n de Pe\u00f1as, comenta que \u00abes importante que poblaciones con la tradici\u00f3n taurina tan arraigada como Tur\u00eds realicen actos reivindicando el papel fundamental de la fiesta dentro de la cultura popular valenciana\u201d<\/p>\n","protected":false},"excerpt":{"rendered":"<div class=\"mh-excerpt\">El Teatre Ideal de Tur\u00eds se va a convertir este viernes, a partir de las 19&#8217;30 horas, en punto de referencia para el mundo taurino gracias a un acto en el que se va a <a class=\"mh-excerpt-more\" href=\"https:\/\/www.tucomarca.com\/wordpress\/segunda\/turis-rinde-homenaje-al-fotografo-taurino-paco-cano-canito\/\" title=\"Tur\u00eds rinde homenaje al fot\u00f3grafo taurino Paco Cano \u00abCanito\u00bb\">[+] <\/a><\/div>\n","protected":false},"author":2,"featured_media":2330,"comment_status":"open","ping_status":"open","sticky":false,"template":"","format":"standard","meta":{"footnotes":""},"categories":[42,7,3,43],"tags":[241],"class_list":{"0":"post-2327","1":"post","2":"type-post","3":"status-publish","4":"format-standard","5":"has-post-thumbnail","7":"category-la-ribera","8":"category-ocio-y-cultura","9":"category-seccion","10":"category-turis","11":"tag-taurino"},"_links":{"self":[{"href":"https:\/\/www.tucomarca.com\/wordpress\/segunda\/wp-json\/wp\/v2\/posts\/2327","targetHints":{"allow":["GET"]}}],"collection":[{"href":"https:\/\/www.tucomarca.com\/wordpress\/segunda\/wp-json\/wp\/v2\/posts"}],"about":[{"href":"https:\/\/www.tucomarca.com\/wordpress\/segunda\/wp-json\/wp\/v2\/types\/post"}],"author":[{"embeddable":true,"href":"https:\/\/www.tucomarca.com\/wordpress\/segunda\/wp-json\/wp\/v2\/users\/2"}],"replies":[{"embeddable":true,"href":"https:\/\/www.tucomarca.com\/wordpress\/segunda\/wp-json\/wp\/v2\/comments?post=2327"}],"version-history":[{"count":0,"href":"https:\/\/www.tucomarca.com\/wordpress\/segunda\/wp-json\/wp\/v2\/posts\/2327\/revisions"}],"wp:featuredmedia":[{"embeddable":true,"href":"https:\/\/www.tucomarca.com\/wordpress\/segunda\/wp-json\/wp\/v2\/media\/2330"}],"wp:attachment":[{"href":"https:\/\/www.tucomarca.com\/wordpress\/segunda\/wp-json\/wp\/v2\/media?parent=2327"}],"wp:term":[{"taxonomy":"category","embeddable":true,"href":"https:\/\/www.tucomarca.com\/wordpress\/segunda\/wp-json\/wp\/v2\/categories?post=2327"},{"taxonomy":"post_tag","embeddable":true,"href":"https:\/\/www.tucomarca.com\/wordpress\/segunda\/wp-json\/wp\/v2\/tags?post=2327"}],"curies":[{"name":"wp","href":"https:\/\/api.w.org\/{rel}","templated":true}]}}