{"id":232777,"date":"2024-08-14T10:00:00","date_gmt":"2024-08-14T08:00:00","guid":{"rendered":"https:\/\/www.tucomarca.com\/wordpress\/segunda\/?p=232777"},"modified":"2024-08-14T13:16:17","modified_gmt":"2024-08-14T11:16:17","slug":"el-musico-enrique-subiela-villalba-de-la-sm-la-artistica-de-chiva-primer-premio-de-flauta-en-el-maurice-ravel-competition-2024","status":"publish","type":"post","link":"https:\/\/www.tucomarca.com\/wordpress\/segunda\/el-musico-enrique-subiela-villalba-de-la-sm-la-artistica-de-chiva-primer-premio-de-flauta-en-el-maurice-ravel-competition-2024\/","title":{"rendered":"El m\u00fasico Enrique Subiela Villalba de la SM \u201cLa Art\u00edstica de Chiva\u201d, primer premio de flauta en el \u201cMaurice Ravel competition 2024\u201d"},"content":{"rendered":"\n<p>El joven m\u00fasico, Enrique Subiela Villalba, de la Sociedad Musical \u201cLa Art\u00edstica de Chiva\u201d, obtiene el primer premio de flauta en el prestigioso concurso internacional \u201cMaurice Ravel competition 2024\u201d, que finaliz\u00f3 el pasado d\u00eda 27 de julio.<\/p>\n\n\n\n<p>El Maurice Ravel Competitons Paris 2024 es un prestigioso concurso internacional online en el que se invita a j\u00f3venes talentosos de todo el mundo a competir en varias categor\u00edas que a su vez se divide en diferentes grupos de edad para garantizar una competencia justa. Los participantes han de enviar videos y grabaciones, en lo que el jurado (en este a\u00f1o compuesto por destacadas personalidades de la m\u00fasica de Estados Unidos, Francia, Pa\u00edses Bajos, B\u00e9lgica y Espa\u00f1a), seleccionan a los ganadores que destacan por sus habilidades, una fuerte personalidad art\u00edstica y una creatividad excepcional en sus interpretaciones.<\/p>\n\n\n\n<p>Enrique Subiela ha sido galardonado con el primer premio de Flauta en la categor\u00eda Advenced Stars.<\/p>\n\n\n\n<figure class=\"wp-block-image size-large\"><img loading=\"lazy\" decoding=\"async\" width=\"1024\" height=\"716\" src=\"https:\/\/www.tucomarca.com\/wordpress\/segunda\/wp-content\/uploads\/2024\/08\/EnriqueSubiela-2-1024x716.jpg\" alt=\"\" class=\"wp-image-232781\" srcset=\"https:\/\/www.tucomarca.com\/wordpress\/segunda\/wp-content\/uploads\/2024\/08\/EnriqueSubiela-2-1024x716.jpg 1024w, https:\/\/www.tucomarca.com\/wordpress\/segunda\/wp-content\/uploads\/2024\/08\/EnriqueSubiela-2-300x210.jpg 300w, https:\/\/www.tucomarca.com\/wordpress\/segunda\/wp-content\/uploads\/2024\/08\/EnriqueSubiela-2-768x537.jpg 768w, https:\/\/www.tucomarca.com\/wordpress\/segunda\/wp-content\/uploads\/2024\/08\/EnriqueSubiela-2.jpg 1080w\" sizes=\"auto, (max-width: 1024px) 100vw, 1024px\" \/><\/figure>\n","protected":false},"excerpt":{"rendered":"<div class=\"mh-excerpt\">El joven m\u00fasico, Enrique Subiela Villalba, de la Sociedad Musical \u201cLa Art\u00edstica de Chiva\u201d, obtiene el primer premio de flauta en el prestigioso concurso internacional \u201cMaurice Ravel competition 2024\u201d, que finaliz\u00f3 el pasado d\u00eda 27 <a class=\"mh-excerpt-more\" href=\"https:\/\/www.tucomarca.com\/wordpress\/segunda\/el-musico-enrique-subiela-villalba-de-la-sm-la-artistica-de-chiva-primer-premio-de-flauta-en-el-maurice-ravel-competition-2024\/\" title=\"El m\u00fasico Enrique Subiela Villalba de la SM \u201cLa Art\u00edstica de Chiva\u201d, primer premio de flauta en el \u201cMaurice Ravel competition 2024\u201d\">[+] <\/a><\/div>\n","protected":false},"author":12,"featured_media":232783,"comment_status":"open","ping_status":"open","sticky":false,"template":"","format":"standard","meta":{"footnotes":""},"categories":[66,16,8,10,7,3],"tags":[10384,5952,14186],"class_list":{"0":"post-232777","1":"post","2":"type-post","3":"status-publish","4":"format-standard","5":"has-post-thumbnail","7":"category-musica","8":"category-chiva","9":"category-la-comarca","10":"category-la-hoya","11":"category-ocio-y-cultura","12":"category-seccion","13":"tag-chiva","14":"tag-la-hoya-de-bunol-chiva","15":"tag-sm-la-artistica-de-chiva-2"},"_links":{"self":[{"href":"https:\/\/www.tucomarca.com\/wordpress\/segunda\/wp-json\/wp\/v2\/posts\/232777","targetHints":{"allow":["GET"]}}],"collection":[{"href":"https:\/\/www.tucomarca.com\/wordpress\/segunda\/wp-json\/wp\/v2\/posts"}],"about":[{"href":"https:\/\/www.tucomarca.com\/wordpress\/segunda\/wp-json\/wp\/v2\/types\/post"}],"author":[{"embeddable":true,"href":"https:\/\/www.tucomarca.com\/wordpress\/segunda\/wp-json\/wp\/v2\/users\/12"}],"replies":[{"embeddable":true,"href":"https:\/\/www.tucomarca.com\/wordpress\/segunda\/wp-json\/wp\/v2\/comments?post=232777"}],"version-history":[{"count":0,"href":"https:\/\/www.tucomarca.com\/wordpress\/segunda\/wp-json\/wp\/v2\/posts\/232777\/revisions"}],"wp:featuredmedia":[{"embeddable":true,"href":"https:\/\/www.tucomarca.com\/wordpress\/segunda\/wp-json\/wp\/v2\/media\/232783"}],"wp:attachment":[{"href":"https:\/\/www.tucomarca.com\/wordpress\/segunda\/wp-json\/wp\/v2\/media?parent=232777"}],"wp:term":[{"taxonomy":"category","embeddable":true,"href":"https:\/\/www.tucomarca.com\/wordpress\/segunda\/wp-json\/wp\/v2\/categories?post=232777"},{"taxonomy":"post_tag","embeddable":true,"href":"https:\/\/www.tucomarca.com\/wordpress\/segunda\/wp-json\/wp\/v2\/tags?post=232777"}],"curies":[{"name":"wp","href":"https:\/\/api.w.org\/{rel}","templated":true}]}}