{"id":232799,"date":"2024-08-14T13:00:00","date_gmt":"2024-08-14T11:00:00","guid":{"rendered":"https:\/\/www.tucomarca.com\/wordpress\/segunda\/?p=232799"},"modified":"2024-08-14T13:11:17","modified_gmt":"2024-08-14T11:11:17","slug":"la-dana-causa-ya-danos-en-almendras-olivos-naranjas-y-caquis-en-la-ribera-y-la-plana-alta","status":"publish","type":"post","link":"https:\/\/www.tucomarca.com\/wordpress\/segunda\/la-dana-causa-ya-danos-en-almendras-olivos-naranjas-y-caquis-en-la-ribera-y-la-plana-alta\/","title":{"rendered":"La DANA causa ya da\u00f1os en almendras, olivos, naranjas y caquis en La Ribera y La Plana Alta"},"content":{"rendered":"\n<p class=\"has-black-color has-text-color has-link-color wp-elements-ab19f1f126867b7461d2adacb2b86ed8\"><a><strong>AVA-ASAJA solicita medidas fiscales para los agricultores afectados y espera que \u201cllueva m\u00e1s agua sin da\u00f1os para paliar la grave sequ\u00eda que estamos sufriendo\u201d<\/strong><\/a>.<\/p>\n\n\n\n<p>La DANA que est\u00e1 azotando desde ayer por la tarde la Comunitat Valenciana ya ha causado da\u00f1os agr\u00edcolas en \u00e1reas aisladas de las comarcas de La Plana Alta (Castell\u00f3n) y de La Ribera Alta y Baixa (Valencia). Seg\u00fan testimonios recogidos por la Asociaci\u00f3n Valenciana de Agricultores (AVA-ASAJA), los perjuicios se centran en los cultivos de almendras, olivos, c\u00edtricos (mandarinas y naranjas) y caquis, as\u00ed como en explotaciones que se sit\u00faan en zonas hondas por encharcamientos y arrastres de tierras.<\/p>\n\n\n\n<p>En la provincia de Castell\u00f3n, la combinaci\u00f3n de lluvias intensas, fuertes rachas de viento e incluso granizo (del tama\u00f1o de monedas de euro) tiraron al suelo hasta el 70% de las almendras. El delegado de Els Rosildos de AVA-ASAJA, Carlos P\u00e9rez, afirma que \u201cen los campos m\u00e1s afectados he perdido la mayor parte de la cosecha de almendras, cuando tan solo faltaba una semana para empezar a recolectarlas. En cambio, en otros campos donde apenas ten\u00eda almendras por culpa de la sequ\u00eda, no ha ca\u00eddo piedra, como si la tormenta supiera d\u00f3nde hacer da\u00f1o. El granizo tambi\u00e9n ha afectado a olivos, que tambi\u00e9n estaban muy mermados por la falta de precipitaciones. Por otra parte, las corrientes de agua han provocado graves arrastres de tierras en huertos hondos hasta llegar a barrancos y r\u00edos\u201d.<\/p>\n\n\n\n<p>En cuanto a La Ribera, la tormenta de granizo irrumpi\u00f3 en una franja discontinua de unos cinco kil\u00f3metros que va desde Alzira (la partida del Forn de Carrascosa) hasta los t\u00e9rminos de Benicull, Albalat de la Ribera y Poliny\u00e0 de X\u00faquer. La piedra, acompa\u00f1ada de agua en algunas zonas y m\u00e1s seca en otras, y el viento ocasionaron la ca\u00edda al suelo de c\u00edtricos y caquis, adem\u00e1s de da\u00f1os en las hojas. El delegado de Albalat de la Ribera de AVA-ASAJA, Pedro Juan Puchades, indica que \u201ca\u00fan es pronto para saber con certeza el grado de afecci\u00f3n, sobre todo en las naranjas, y habr\u00e1 que esperar la evoluci\u00f3n en los pr\u00f3ximos d\u00edas, pero esta tormenta supone un duro golpe en un a\u00f1o marcado por la sequ\u00eda y el aumento de los costes de producci\u00f3n\u201d.&nbsp;<\/p>\n\n\n\n<p>La organizaci\u00f3n agraria espera que \u201cojal\u00e1 llueva m\u00e1s agua en toda la Comunitat Valenciana, sin llegar a causar da\u00f1os, para aliviar la grave sequ\u00eda que estamos sufriendo. Necesitamos que los pantanos se llenen, que los acu\u00edferos se recarguen, que las plantaciones se salven y que las producciones ganen kilos\u201d. En referencia a los siniestros clim\u00e1ticos, AVA-ASAJA pide a Agroseguro que agilice las peritaciones de las parcelas afectadas a fin de que los agricultores perciban las indemnizaciones a la mayor prontitud posible. Asimismo, la asociaci\u00f3n presidida por Crist\u00f3bal Aguado reclama a las administraciones ayudas directas y medidas fiscales a los productores damnificados.<\/p>\n","protected":false},"excerpt":{"rendered":"<div class=\"mh-excerpt\">AVA-ASAJA solicita medidas fiscales para los agricultores afectados y espera que \u201cllueva m\u00e1s agua sin da\u00f1os para paliar la grave sequ\u00eda que estamos sufriendo\u201d. La DANA que est\u00e1 azotando desde ayer por la tarde la <a class=\"mh-excerpt-more\" href=\"https:\/\/www.tucomarca.com\/wordpress\/segunda\/la-dana-causa-ya-danos-en-almendras-olivos-naranjas-y-caquis-en-la-ribera-y-la-plana-alta\/\" title=\"La DANA causa ya da\u00f1os en almendras, olivos, naranjas y caquis en La Ribera y La Plana Alta\">[+] <\/a><\/div>\n","protected":false},"author":12,"featured_media":232800,"comment_status":"open","ping_status":"open","sticky":false,"template":"","format":"standard","meta":{"footnotes":""},"categories":[169,128,8,72,42,117,3,116,45],"tags":[85,328,3640],"class_list":{"0":"post-232799","1":"post","2":"type-post","3":"status-publish","4":"format-standard","5":"has-post-thumbnail","7":"category-agricultura-la-comarca","8":"category-infraestructuras","9":"category-la-comarca","10":"category-sin-categorizar","11":"category-la-ribera","12":"category-medio-ambiente-la-comarca","13":"category-seccion","14":"category-sucesos-la-comarca","15":"category-ventana","16":"tag-agricultura","17":"tag-ava-asaja","18":"tag-la-ribera-alta"},"_links":{"self":[{"href":"https:\/\/www.tucomarca.com\/wordpress\/segunda\/wp-json\/wp\/v2\/posts\/232799","targetHints":{"allow":["GET"]}}],"collection":[{"href":"https:\/\/www.tucomarca.com\/wordpress\/segunda\/wp-json\/wp\/v2\/posts"}],"about":[{"href":"https:\/\/www.tucomarca.com\/wordpress\/segunda\/wp-json\/wp\/v2\/types\/post"}],"author":[{"embeddable":true,"href":"https:\/\/www.tucomarca.com\/wordpress\/segunda\/wp-json\/wp\/v2\/users\/12"}],"replies":[{"embeddable":true,"href":"https:\/\/www.tucomarca.com\/wordpress\/segunda\/wp-json\/wp\/v2\/comments?post=232799"}],"version-history":[{"count":0,"href":"https:\/\/www.tucomarca.com\/wordpress\/segunda\/wp-json\/wp\/v2\/posts\/232799\/revisions"}],"wp:featuredmedia":[{"embeddable":true,"href":"https:\/\/www.tucomarca.com\/wordpress\/segunda\/wp-json\/wp\/v2\/media\/232800"}],"wp:attachment":[{"href":"https:\/\/www.tucomarca.com\/wordpress\/segunda\/wp-json\/wp\/v2\/media?parent=232799"}],"wp:term":[{"taxonomy":"category","embeddable":true,"href":"https:\/\/www.tucomarca.com\/wordpress\/segunda\/wp-json\/wp\/v2\/categories?post=232799"},{"taxonomy":"post_tag","embeddable":true,"href":"https:\/\/www.tucomarca.com\/wordpress\/segunda\/wp-json\/wp\/v2\/tags?post=232799"}],"curies":[{"name":"wp","href":"https:\/\/api.w.org\/{rel}","templated":true}]}}