{"id":232805,"date":"2024-08-14T12:00:00","date_gmt":"2024-08-14T10:00:00","guid":{"rendered":"https:\/\/www.tucomarca.com\/wordpress\/segunda\/?p=232805"},"modified":"2024-08-14T13:20:51","modified_gmt":"2024-08-14T11:20:51","slug":"el-ivcri-trabaja-en-la-documentacion-del-arte-rupestre-hallado-en-el-yacimiento-de-la-cueva-negra-de-ayora","status":"publish","type":"post","link":"https:\/\/www.tucomarca.com\/wordpress\/segunda\/el-ivcri-trabaja-en-la-documentacion-del-arte-rupestre-hallado-en-el-yacimiento-de-la-cueva-negra-de-ayora\/","title":{"rendered":"El IVCR+i trabaja en la documentaci\u00f3n del arte rupestre hallado en el yacimiento de la Cueva Negra de Ayora"},"content":{"rendered":"\n<p><strong>Los paneles descubiertos corresponden al Paleol\u00edtico Superior, lo que demuestra que la cavidad fue utilizada por humanos hace m\u00e1s de 12.000 a\u00f1os<\/strong>.<\/p>\n\n\n\n<p><strong>Este yacimiento ha proporcionado gran cantidad de material arqueol\u00f3gico de una amplia cronolog\u00eda, desde el Neol\u00edtico antiguo hasta la actualidad<\/strong>.<\/p>\n\n\n\n<p>El Institut Valenci\u00e0 de Conservaci\u00f3, Restauraci\u00f3 i Investigaci\u00f3 (IVCR+i), dependiente de la Conselleria de Educaci\u00f3n, Cultura, Universidades y Empleo, en colaboraci\u00f3n con el departamento de Prehistoria de la Universitat de Val\u00e8ncia, est\u00e1 realizando los trabajos de documentaci\u00f3n de las muestras de arte rupestre halladas en el yacimiento de la Cueva Negra, en el t\u00e9rmino municipal de Ayora.<\/p>\n\n\n\n<p>Este descubrimiento fue realizado recientemente por los espele\u00f3logos Javier Mart\u00ednez y Joaqu\u00edn Navarro y ha permitido demostrar que este espacio fue utilizado por los humanos durante el Paleol\u00edtico superior, hace m\u00e1s de 12.000 a\u00f1os.<\/p>\n\n\n\n<p>La Cueva Negra es una cavidad de largo recorrido situada en la Sierra de Palomeras, en Ayora. Se trata de un yacimiento arqueol\u00f3gico conocido desde principios de siglo XX, que ha proporcionado material arqueol\u00f3gico de una amplia cronolog\u00eda desde el Neol\u00edtico antiguo hasta la actualidad.<\/p>\n\n\n\n<p>La informaci\u00f3n arqueol\u00f3gica disponible hasta el momento indicaba que la cavidad hab\u00eda tenido diferentes usos a lo largo de su historia: como espacio de h\u00e1bitat durante el Neol\u00edtico antiguo (5000 a\u00f1os a de C); lugar de enterramiento en el Neol\u00edtico final (3000 a de C); cueva santuario en \u00e9poca ib\u00e9rica (siglo IV a de C); y redil de pastores en \u00e9poca medieval y actual.<\/p>\n\n\n\n<p>Ha sido recientemente cuando se han hallado muestras de su uso por parte de humanos desde mucho tiempo antes, durante la \u00e9poca del Paleol\u00edtico superior, lo que otorga un valor a\u00f1adido a este yacimiento.<\/p>\n\n\n\n<p>En este sentido, el proyecto que est\u00e1 desarrollando el IVCR+i y la Universitat de Val\u00e8ncia tiene por objeto la documentaci\u00f3n de este material rupestre descubierto en la cueva, donde se han identificado hasta el momento cuatro paneles con grabados en los que se representan signos geom\u00e9tricos como ret\u00edculas y animales, entre los que predominan los caballos. Los trabajos se completan, adem\u00e1s, con un estudio sobre el contexto arqueol\u00f3gico.<\/p>\n\n\n\n<p>La primera fase de esta campa\u00f1a de documentaci\u00f3n consiste en el estudio de los paneles conocidos mediante t\u00e9cnicas avanzadas de documentaci\u00f3n fotogram\u00e9trica. Asimismo, se est\u00e1 trabajando en la prospecci\u00f3n de las paredes para la localizaci\u00f3n de nuevos paneles con arte rupestre.<\/p>\n\n\n\n<p>Cabe se\u00f1alar que la Cueva Negra de Ayora ha sido hasta ahora un lugar muy frecuentado por excursionistas y espele\u00f3logos. Actualmente se encuentra protegida, para salvaguardar el arte rupestre que alberga y las poblaciones de murci\u00e9lagos que nidifican en su interior.<\/p>\n","protected":false},"excerpt":{"rendered":"<div class=\"mh-excerpt\">Los paneles descubiertos corresponden al Paleol\u00edtico Superior, lo que demuestra que la cavidad fue utilizada por humanos hace m\u00e1s de 12.000 a\u00f1os. Este yacimiento ha proporcionado gran cantidad de material arqueol\u00f3gico de una amplia cronolog\u00eda, <a class=\"mh-excerpt-more\" href=\"https:\/\/www.tucomarca.com\/wordpress\/segunda\/el-ivcri-trabaja-en-la-documentacion-del-arte-rupestre-hallado-en-el-yacimiento-de-la-cueva-negra-de-ayora\/\" title=\"El IVCR+i trabaja en la documentaci\u00f3n del arte rupestre hallado en el yacimiento de la Cueva Negra de Ayora\">[+] <\/a><\/div>\n","protected":false},"author":12,"featured_media":232806,"comment_status":"open","ping_status":"open","sticky":false,"template":"","format":"standard","meta":{"footnotes":""},"categories":[39,38,128,8,72,7,142,3,45],"tags":[10540,21088,2142,15855],"class_list":{"0":"post-232805","1":"post","2":"type-post","3":"status-publish","4":"format-standard","5":"has-post-thumbnail","7":"category-ayora","8":"category-ayora-cofrentes","9":"category-infraestructuras","10":"category-la-comarca","11":"category-sin-categorizar","12":"category-ocio-y-cultura","13":"category-politica-la-comarca","14":"category-seccion","15":"category-ventana","16":"tag-ayora-cofrentes","17":"tag-ivcri","18":"tag-la-comunitat","19":"tag-ocio-y-cultura"},"_links":{"self":[{"href":"https:\/\/www.tucomarca.com\/wordpress\/segunda\/wp-json\/wp\/v2\/posts\/232805","targetHints":{"allow":["GET"]}}],"collection":[{"href":"https:\/\/www.tucomarca.com\/wordpress\/segunda\/wp-json\/wp\/v2\/posts"}],"about":[{"href":"https:\/\/www.tucomarca.com\/wordpress\/segunda\/wp-json\/wp\/v2\/types\/post"}],"author":[{"embeddable":true,"href":"https:\/\/www.tucomarca.com\/wordpress\/segunda\/wp-json\/wp\/v2\/users\/12"}],"replies":[{"embeddable":true,"href":"https:\/\/www.tucomarca.com\/wordpress\/segunda\/wp-json\/wp\/v2\/comments?post=232805"}],"version-history":[{"count":0,"href":"https:\/\/www.tucomarca.com\/wordpress\/segunda\/wp-json\/wp\/v2\/posts\/232805\/revisions"}],"wp:featuredmedia":[{"embeddable":true,"href":"https:\/\/www.tucomarca.com\/wordpress\/segunda\/wp-json\/wp\/v2\/media\/232806"}],"wp:attachment":[{"href":"https:\/\/www.tucomarca.com\/wordpress\/segunda\/wp-json\/wp\/v2\/media?parent=232805"}],"wp:term":[{"taxonomy":"category","embeddable":true,"href":"https:\/\/www.tucomarca.com\/wordpress\/segunda\/wp-json\/wp\/v2\/categories?post=232805"},{"taxonomy":"post_tag","embeddable":true,"href":"https:\/\/www.tucomarca.com\/wordpress\/segunda\/wp-json\/wp\/v2\/tags?post=232805"}],"curies":[{"name":"wp","href":"https:\/\/api.w.org\/{rel}","templated":true}]}}