{"id":232811,"date":"2024-08-14T12:55:00","date_gmt":"2024-08-14T10:55:00","guid":{"rendered":"https:\/\/www.tucomarca.com\/wordpress\/segunda\/?p=232811"},"modified":"2024-09-02T19:02:45","modified_gmt":"2024-09-02T17:02:45","slug":"la-diputacion-iniciara-en-septiembre-las-obras-para-unir-siete-aguas-con-la-estacion-de-renfe-a-traves-de-un-carril-ciclopeatonal","status":"publish","type":"post","link":"https:\/\/www.tucomarca.com\/wordpress\/segunda\/la-diputacion-iniciara-en-septiembre-las-obras-para-unir-siete-aguas-con-la-estacion-de-renfe-a-traves-de-un-carril-ciclopeatonal\/","title":{"rendered":"La Diputaci\u00f3 iniciar\u00e1 en septiembre las obras para unir Siete Aguas con la estaci\u00f3n de Renfe a trav\u00e9s de un carril ciclopeatonal"},"content":{"rendered":"\n<h3 class=\"wp-block-heading\">El \u00e1rea de Carreteras que dirige la vicepresidenta segunda Reme Mazzolari adjudica las obras de construcci\u00f3n de la v\u00eda, que cuentan con un plazo de ejecuci\u00f3n de seis meses y un presupuesto de 700.000 euros.<\/h3>\n\n\n\n<p>Los vecinos del municipio de Siete Aguas ya est\u00e1n m\u00e1s cerca de poder recorrer de forma segura los dos kil\u00f3metros que separan el casco urbano del pueblo del apeadero de la estaci\u00f3n de Renfe.<\/p>\n\n\n\n<p>El \u00e1rea de Carreteras de la Diputaci\u00f3 de Val\u00e8ncia, encabezada por la vicepresidenta segunda Reme Mazzolari, ha anunciado, tras la adjudicaci\u00f3n del proyecto, que las obras para la construcci\u00f3n de la v\u00eda ciclopeatonal que unir\u00e1 el municipio de La Hoya de Bu\u00f1ol con la estaci\u00f3n de ferrocarril, comenzar\u00e1n durante la primera quincena de septiembre.<\/p>\n\n\n\n<p>La nueva infraestructura, que transcurrir\u00e1 a lo largo de la carretera que llega al municipio desde la A-3 y en cuyo trazado se encuentra el acceso al apeadero, cuenta con un presupuesto de 750.000 euros y un plazo de ejecuci\u00f3n de seis meses. Se trata de un claro ejemplo de la decidida apuesta por una movilidad ciclopeatonal de forma segura que est\u00e1 llevando a cabo la Diputaci\u00f3 de Val\u00e8ncia que dirige Vicent Momp\u00f3.<\/p>\n\n\n\n<p>\u201cLa Diputaci\u00f3 ha estimado oportuno el acondicionamiento de este itinerario peatonal y ciclista, con el objetivo de avanzar hacia un patr\u00f3n m\u00e1s equilibrado de movilidad en el que los desplazamientos a pie y en bicicleta tengan un papel cada vez m\u00e1s relevante, incidiendo en una mejora constante de los niveles de seguridad para facilitar esos trayectos, de tal forma que se realicen en condiciones de seguridad y confort adecuadas\u201d, ha explicado Reme Mazzolari.<\/p>\n\n\n\n<p>La obra dar\u00e1 soluci\u00f3n a las reivindicaciones de la poblaci\u00f3n, ya que actualmente la carretera que une ambos puntos (CV-388) no cuenta con unas condiciones m\u00ednimas de seguridad para que puedan transitar por los arcenes tanto los peatones como los ciclistas.<\/p>\n\n\n\n<p><strong>Detalles de la obra<\/strong><\/p>\n\n\n\n<p>Las obras proyectadas consisten en la construcci\u00f3n de una v\u00eda ciclopeatonal de 1.800 m desde el apeadero de Siete Aguas al n\u00facleo urbano, que discurrir\u00e1 junto a la plataforma actual de la CV-388, por su margen derecho en sentido Siete Aguas, y segregada de esta mediante un elemento separador.&nbsp;<\/p>\n\n\n\n<p>En el tramo que pasa sobre la plataforma del AVE, se segregar\u00e1n las v\u00edas ciclista y peatonal, continuando los ciclistas sobre la plataforma actual de la carretera (mediante el pintado de la v\u00eda ciclista sobre el pavimento actual del arc\u00e9n y parte de la calzada) y los peatones por la acera existente en el paso superior.<\/p>\n\n\n\n<p>Adem\u00e1s, con el fin de incrementar la seguridad de ciclistas y viandantes cuando sea de noche, el nuevo trazado contar\u00e1 con iluminaci\u00f3n fotoluminiscente en ambos lados de la v\u00eda ciclopeatonal. Tambi\u00e9n se va a llevar a cabo la instalaci\u00f3n de la se\u00f1alizaci\u00f3n vertical del itinerario ciclopeatonal y el pintado de la se\u00f1alizaci\u00f3n horizontal.<\/p>\n","protected":false},"excerpt":{"rendered":"<div class=\"mh-excerpt\">El \u00e1rea de Carreteras que dirige la vicepresidenta segunda Reme Mazzolari adjudica las obras de construcci\u00f3n de la v\u00eda, que cuentan con un plazo de ejecuci\u00f3n de seis meses y un presupuesto de 700.000 euros. <a class=\"mh-excerpt-more\" href=\"https:\/\/www.tucomarca.com\/wordpress\/segunda\/la-diputacion-iniciara-en-septiembre-las-obras-para-unir-siete-aguas-con-la-estacion-de-renfe-a-traves-de-un-carril-ciclopeatonal\/\" title=\"La Diputaci\u00f3 iniciar\u00e1 en septiembre las obras para unir Siete Aguas con la estaci\u00f3n de Renfe a trav\u00e9s de un carril ciclopeatonal\">[+] <\/a><\/div>\n","protected":false},"author":12,"featured_media":232814,"comment_status":"open","ping_status":"open","sticky":false,"template":"","format":"standard","meta":{"footnotes":""},"categories":[8,10,142,3,12,45],"tags":[10412,20938,5952,10381],"class_list":{"0":"post-232811","1":"post","2":"type-post","3":"status-publish","4":"format-standard","5":"has-post-thumbnail","7":"category-la-comarca","8":"category-la-hoya","9":"category-politica-la-comarca","10":"category-seccion","11":"category-siete-aguas","12":"category-ventana","13":"tag-infraestructuras","14":"tag-la-diputacio-de-valencia","15":"tag-la-hoya-de-bunol-chiva","16":"tag-siete-aguas"},"_links":{"self":[{"href":"https:\/\/www.tucomarca.com\/wordpress\/segunda\/wp-json\/wp\/v2\/posts\/232811","targetHints":{"allow":["GET"]}}],"collection":[{"href":"https:\/\/www.tucomarca.com\/wordpress\/segunda\/wp-json\/wp\/v2\/posts"}],"about":[{"href":"https:\/\/www.tucomarca.com\/wordpress\/segunda\/wp-json\/wp\/v2\/types\/post"}],"author":[{"embeddable":true,"href":"https:\/\/www.tucomarca.com\/wordpress\/segunda\/wp-json\/wp\/v2\/users\/12"}],"replies":[{"embeddable":true,"href":"https:\/\/www.tucomarca.com\/wordpress\/segunda\/wp-json\/wp\/v2\/comments?post=232811"}],"version-history":[{"count":0,"href":"https:\/\/www.tucomarca.com\/wordpress\/segunda\/wp-json\/wp\/v2\/posts\/232811\/revisions"}],"wp:featuredmedia":[{"embeddable":true,"href":"https:\/\/www.tucomarca.com\/wordpress\/segunda\/wp-json\/wp\/v2\/media\/232814"}],"wp:attachment":[{"href":"https:\/\/www.tucomarca.com\/wordpress\/segunda\/wp-json\/wp\/v2\/media?parent=232811"}],"wp:term":[{"taxonomy":"category","embeddable":true,"href":"https:\/\/www.tucomarca.com\/wordpress\/segunda\/wp-json\/wp\/v2\/categories?post=232811"},{"taxonomy":"post_tag","embeddable":true,"href":"https:\/\/www.tucomarca.com\/wordpress\/segunda\/wp-json\/wp\/v2\/tags?post=232811"}],"curies":[{"name":"wp","href":"https:\/\/api.w.org\/{rel}","templated":true}]}}