{"id":233436,"date":"2024-08-20T09:00:00","date_gmt":"2024-08-20T07:00:00","guid":{"rendered":"https:\/\/www.tucomarca.com\/wordpress\/segunda\/?p=233436"},"modified":"2024-08-20T19:28:27","modified_gmt":"2024-08-20T17:28:27","slug":"la-diputacio-de-valencia-invertira-27-millones-para-actualizar-en-tiempo-real-el-catastro-y-el-padron-de-los-municipios","status":"publish","type":"post","link":"https:\/\/www.tucomarca.com\/wordpress\/segunda\/la-diputacio-de-valencia-invertira-27-millones-para-actualizar-en-tiempo-real-el-catastro-y-el-padron-de-los-municipios\/","title":{"rendered":"La Diputaci\u00f3 de Val\u00e8ncia invertir\u00e1 2,7 millones para actualizar en tiempo real el catastro y el padr\u00f3n de los municipios"},"content":{"rendered":"\n<p><strong>El \u00e1rea de Innovaci\u00f3n que dirige Juan Ram\u00f3n Adsuara asume el reto de generar un programa de inteligencia artificial para recoger los cambios tanto en viviendas como en personas que registran los ayuntamientos<\/strong>.<\/p>\n\n\n\n<p><strong>\u201cLa Diputaci\u00f3n quiere ser l\u00edder en digitalizaci\u00f3n y por eso asumimos este proyecto inform\u00e1tico que estar\u00e1 operativo antes de terminar 2025 y que pondremos a disposici\u00f3n de todos los consistorios\u201d, asegura Adsuara<\/strong>.<\/p>\n\n\n\n<p>La Diputaci\u00f3 de Val\u00e8ncia da un paso m\u00e1s en su apuesta por la modernizaci\u00f3n electr\u00f3nica. Al \u00e9xito obtenido con la digitalizaci\u00f3n de los flujos tur\u00edsticos y los m\u00e1s de 300 proyectos de smartcities desarrollados en municipios de la provincia se suma ahora el reto de actualizar en tiempo real tanto el catastro como el padr\u00f3n de los ayuntamientos valencianos. Para alcanzar el objetivo, el \u00e1rea de Innovaci\u00f3n que dirige Juan Ram\u00f3n Adsuara invertir\u00e1 cerca de tres millones de euros, a los que se sumar\u00e1 la aportaci\u00f3n de 1,8 millones que realizar\u00e1 el Gobierno central.<\/p>\n\n\n\n<p>Precisamente el Ministerio de Econom\u00eda es el que ha trasladado a las diputaciones el reto de asumir la actualizaci\u00f3n del catastro y el padr\u00f3n de cada uno de los municipios de las distintas provincias. \u201cNo todas las diputaciones lo han hecho, pero en la de Valencia tenemos muy claro que vamos adelante con el proyecto porque va en la l\u00ednea de modernizaci\u00f3n electr\u00f3nica y apuesta por la digitalizaci\u00f3n que estableci\u00f3 desde el primer momento el presidente Vicent Momp\u00f3\u201d, explica el diputado de Innovaci\u00f3n, Administraci\u00f3n Electr\u00f3nica y Fondos Europeos.<\/p>\n\n\n\n<p>El proyecto combina las distintas responsabilidades de Adsuara en la Diputaci\u00f3n. Por una parte, el uso de la Inteligencia Artificial (IA) como base de esa innovaci\u00f3n que es uno de los ejes fundamentales de la gesti\u00f3n provincial. Por otro, la ayuda directa a los ayuntamientos para completar ese tr\u00e1nsito hacia una administraci\u00f3n electr\u00f3nica que mejore los servicios a la ciudadan\u00eda. Y por \u00faltimo esos fondos europeos que servir\u00e1n para financiar parte de la iniciativa a trav\u00e9s del Ejecutivo central.<\/p>\n\n\n\n<p><strong>Inteligencia Artificial<\/strong><\/p>\n\n\n\n<p>El reto que avanza Juan Ram\u00f3n Adsuara consiste en la generaci\u00f3n de un programa de IA que permitir\u00e1 a la Diputaci\u00f3n actualizar en tiempo real los datos de las viviendas y del INE de todos los municipios de la provincia. De esta forma, \u201cnuestros inform\u00e1ticos se encargar\u00e1n de depurar los datos y registrar electr\u00f3nicamente las altas y bajas de personas que se producen en el padr\u00f3n de cada ayuntamiento, as\u00ed como las compras y ventas de pisos que se dan en cada localidad y qui\u00e9nes son sus propietarios\u201d.<\/p>\n\n\n\n<p>El programa tiene un coste aproximado de tres millones de euros, que se financiar\u00e1 con la aportaci\u00f3n de 1,8 millones del Ministerio y 1,2 millones por parte de la Diputaci\u00f3n. La corporaci\u00f3n provincial \u201cdestinar\u00e1 otro mill\u00f3n y medio de euros para dotar a las oficinas del padr\u00f3n de los ayuntamientos valencianos del material inform\u00e1tico espec\u00edfico que permita la implantaci\u00f3n del nuevo programa de IA\u201d, explica Adsuara, quien detalla \u201cla entrega a los consistorios de monitores m\u00e1s grandes y ordenadores equipados con discos duros con mayor capacidad y rapidez\u201d.<\/p>\n\n\n\n<p><strong>Antes de 2026<\/strong><\/p>\n\n\n\n<p>El responsable provincial de Innovaci\u00f3n estima que el proyecto \u201cestar\u00e1 operativo a lo largo del pr\u00f3ximo a\u00f1o, en todo caso antes de 2026 que es cuando debemos justificarlo ante el Ministerio\u201d. Una vez est\u00e9 en marcha el programa, la Diputaci\u00f3n \u201ccompartir\u00e1 ese conocimiento con los t\u00e9cnicos inform\u00e1ticos de los municipios, que dispondr\u00e1n de esos datos generados con la actualizaci\u00f3n en tiempo real\u201d.<\/p>\n\n\n\n<p>En opini\u00f3n de Adsuara, \u201cdisponer de la informaci\u00f3n actualizada en materia de vivienda y de padr\u00f3n ofrece muchas opciones a los ayuntamientos para abordar iniciativas como los bonos escolares o el seguimiento de los mayores en soledad\u201d. \u201cLuego ya son los alcaldes y alcaldesas, con sus equipos de gobierno, los que decidir\u00e1n las pol\u00edticas que ponen en marcha en respuesta a las necesidades que puedan plantear estos indicadores\u201d, concluye el diputado de Innovaci\u00f3n, quien insiste en \u201creforzar el liderazgo de la Diputaci\u00f3n en modernizaci\u00f3n electr\u00f3nica para mejorar la vida de las personas\u201d.<\/p>\n\n\n\n<figure class=\"wp-block-image size-large\"><img loading=\"lazy\" decoding=\"async\" width=\"1024\" height=\"665\" src=\"https:\/\/www.tucomarca.com\/wordpress\/segunda\/wp-content\/uploads\/2024\/08\/1-Firma-convenio-proyectos-europeos-foto_Abulaila-7-1024x665.jpg\" alt=\"\" class=\"wp-image-233441\" srcset=\"https:\/\/www.tucomarca.com\/wordpress\/segunda\/wp-content\/uploads\/2024\/08\/1-Firma-convenio-proyectos-europeos-foto_Abulaila-7-1024x665.jpg 1024w, https:\/\/www.tucomarca.com\/wordpress\/segunda\/wp-content\/uploads\/2024\/08\/1-Firma-convenio-proyectos-europeos-foto_Abulaila-7-300x195.jpg 300w, https:\/\/www.tucomarca.com\/wordpress\/segunda\/wp-content\/uploads\/2024\/08\/1-Firma-convenio-proyectos-europeos-foto_Abulaila-7-768x499.jpg 768w, https:\/\/www.tucomarca.com\/wordpress\/segunda\/wp-content\/uploads\/2024\/08\/1-Firma-convenio-proyectos-europeos-foto_Abulaila-7-1536x998.jpg 1536w, https:\/\/www.tucomarca.com\/wordpress\/segunda\/wp-content\/uploads\/2024\/08\/1-Firma-convenio-proyectos-europeos-foto_Abulaila-7-2048x1331.jpg 2048w\" sizes=\"auto, (max-width: 1024px) 100vw, 1024px\" \/><\/figure>\n","protected":false},"excerpt":{"rendered":"<div class=\"mh-excerpt\">El \u00e1rea de Innovaci\u00f3n que dirige Juan Ram\u00f3n Adsuara asume el reto de generar un programa de inteligencia artificial para recoger los cambios tanto en viviendas como en personas que registran los ayuntamientos. \u201cLa Diputaci\u00f3n <a class=\"mh-excerpt-more\" href=\"https:\/\/www.tucomarca.com\/wordpress\/segunda\/la-diputacio-de-valencia-invertira-27-millones-para-actualizar-en-tiempo-real-el-catastro-y-el-padron-de-los-municipios\/\" title=\"La Diputaci\u00f3 de Val\u00e8ncia invertir\u00e1 2,7 millones para actualizar en tiempo real el catastro y el padr\u00f3n de los municipios\">[+] <\/a><\/div>\n","protected":false},"author":12,"featured_media":233439,"comment_status":"open","ping_status":"open","sticky":false,"template":"","format":"standard","meta":{"footnotes":""},"categories":[128,8,72,142,3,45],"tags":[10412,2142,20938],"class_list":{"0":"post-233436","1":"post","2":"type-post","3":"status-publish","4":"format-standard","5":"has-post-thumbnail","7":"category-infraestructuras","8":"category-la-comarca","9":"category-sin-categorizar","10":"category-politica-la-comarca","11":"category-seccion","12":"category-ventana","13":"tag-infraestructuras","14":"tag-la-comunitat","15":"tag-la-diputacio-de-valencia"},"_links":{"self":[{"href":"https:\/\/www.tucomarca.com\/wordpress\/segunda\/wp-json\/wp\/v2\/posts\/233436","targetHints":{"allow":["GET"]}}],"collection":[{"href":"https:\/\/www.tucomarca.com\/wordpress\/segunda\/wp-json\/wp\/v2\/posts"}],"about":[{"href":"https:\/\/www.tucomarca.com\/wordpress\/segunda\/wp-json\/wp\/v2\/types\/post"}],"author":[{"embeddable":true,"href":"https:\/\/www.tucomarca.com\/wordpress\/segunda\/wp-json\/wp\/v2\/users\/12"}],"replies":[{"embeddable":true,"href":"https:\/\/www.tucomarca.com\/wordpress\/segunda\/wp-json\/wp\/v2\/comments?post=233436"}],"version-history":[{"count":0,"href":"https:\/\/www.tucomarca.com\/wordpress\/segunda\/wp-json\/wp\/v2\/posts\/233436\/revisions"}],"wp:featuredmedia":[{"embeddable":true,"href":"https:\/\/www.tucomarca.com\/wordpress\/segunda\/wp-json\/wp\/v2\/media\/233439"}],"wp:attachment":[{"href":"https:\/\/www.tucomarca.com\/wordpress\/segunda\/wp-json\/wp\/v2\/media?parent=233436"}],"wp:term":[{"taxonomy":"category","embeddable":true,"href":"https:\/\/www.tucomarca.com\/wordpress\/segunda\/wp-json\/wp\/v2\/categories?post=233436"},{"taxonomy":"post_tag","embeddable":true,"href":"https:\/\/www.tucomarca.com\/wordpress\/segunda\/wp-json\/wp\/v2\/tags?post=233436"}],"curies":[{"name":"wp","href":"https:\/\/api.w.org\/{rel}","templated":true}]}}