{"id":233835,"date":"2024-08-23T07:30:00","date_gmt":"2024-08-23T05:30:00","guid":{"rendered":"https:\/\/www.tucomarca.com\/wordpress\/segunda\/?p=233835"},"modified":"2024-08-23T14:35:41","modified_gmt":"2024-08-23T12:35:41","slug":"opinion-a-bocajarro-el-tiempo-apremia-por-joseh-larrazabal","status":"publish","type":"post","link":"https:\/\/www.tucomarca.com\/wordpress\/segunda\/opinion-a-bocajarro-el-tiempo-apremia-por-joseh-larrazabal\/","title":{"rendered":"Opini\u00f3n. A bocajarro: \u00abEl tiempo apremia\u00bb, por J\u00f3seh Larraz\u00e1bal"},"content":{"rendered":"<div class=\"wp-block-image\">\n<figure class=\"alignleft size-full is-resized\"><img loading=\"lazy\" decoding=\"async\" width=\"279\" height=\"280\" src=\"https:\/\/www.tucomarca.com\/wordpress\/segunda\/wp-content\/uploads\/2024\/01\/Larrazabalnueva.jpg\" alt=\"\" class=\"wp-image-208146\" style=\"width:249px;height:auto\"\/><\/figure>\n<\/div>\n\n\n<p>De los 10 a\u00f1os que lleva Lim en el club, llevamos ya unos cuantos debatiendo y discrepando sobre la gesti\u00f3n de Lim en el club. No nos ponemos de acuerdo.<br>Hay varias l\u00edneas de opini\u00f3n en el Valencianismo.<br>Veamos.<\/p>\n\n\n\n<p>PRIMERA LINEA DE OPINI\u00d3N<br>Unos, los m\u00e1s ambiciosos y animosos, queremos echar a Lim y hemos tomado nuestras medidas como: no sacar el pase, no ir a Mestalla, no comprar en tiendas oficiales, incluso no ver al equipo ni por la TV (o muy poco). <br>Somos los que pensamos que la historia del Valencia sit\u00faa al equipo arriba y \u00abpeleando por los t\u00edtulos\u00bb.<br>Nos da grima ver c\u00f3mo cualquier fichaje de medio pelo ilusiona a muchos.<br>Somos los que pensamos que instalarse en mitad de tabla y no jugar en Europa, me refiero a Champions, es un fracaso.<br>Somos los que, lo digamos o lo ocultemos, opinamos que Lim solo se ir\u00e1 si pierde dinero y los caminos son los que hemos dicho muchas y ya hemos mencionado anteriormente. Somos los que pensamos que todo tiene un L\u00edmite y que con nuestro orgullo y sentimientos no juega nadie, \u00abantes muerto que vivir de rodillas\u00bb.<br>Somos los que pensamos que los medios de comunicaci\u00f3n \u00bfValencianistas? van a su conveniencia y manipulan a una gran parte de esta afici\u00f3n facilona, y como buenos valencianos, Meninfots.<br>Somos los que v\u00edctimas del desapego y la desafecci\u00f3n a la que nos ha llevado Lim perdemos el inter\u00e9s por lo que ocurre en VCLIM y su entorno (lo reconozcamos o no)<br>Somos los que pensamos que el NOU ESTADI no se acabar\u00e1 nunca, al menos mientras est\u00e9 Lim a los mandos de este club.<br>Somos los que pensamos que a los pol\u00edticos no les importa un \u00e1pice el vcf, solo hacen lo que les conviene a sus intereses pol\u00edticos y personales.<br>En fin, nosotros, los que nos situamos en esta l\u00ednea, somos todos eso y algunas cosas m\u00e1s que prefiero omitir.<\/p>\n\n\n\n<p>SEGUNDA LINEA DE OPINI\u00d3N<br>Por otro lado hay una gran parte de la afici\u00f3n que opinan de manera muy diferente.Van a Mestalla se sacan el abono o la entrada y lo llenan. Tambi\u00e9n contribuyen a los 9 millones netos de ganancias que las tiendas oficiales proporcionan a Lim.<br>Quieren que se vaya el Singapur\u00e9s, no todos, pero no toman ninguna medida para que esto suceda.<br>Se van dejando manejar y sin darse cuenta van asumiendo la situaci\u00f3n actual como normal, \u00abesto es lo que hay\u00bb.<br>Les hace ilusi\u00f3n cualquier fichaje de medio pelo, y se dan por satisfechos con que el vcf no baje a segunda o se posicione en mitad de tabla. Adem\u00e1s celebrar\u00edan con \u00abalfombra roja\u00bbque el vcf quedara 7\u00ba y jugara esa competici\u00f3n, tercera division europea, llamada CONFERENCE LEAGUE.<br>Aceptar\u00edan y compartir\u00edan de buen grado que los medios de comunicaci\u00f3n, de manera interesada, publicaran a bombo y platillo que el VCF se mete en Europa\u2026<\/p>\n\n\n\n<p>\u00bfQUIENES CONFORMAN LA AFICI\u00d3N DEL VCF HOY POR HOY?<br>Pues una gran parte de ellos son los semi-adolescentes adolescentes que ocupan la grada de animaci\u00f3n y siguen con sus c\u00e1nticos de siempre pensando que ayudan al equipo, pero \u00bfqu\u00e9 pasa con Lim? pues que blanquean su imagen y su gesti\u00f3n. Un punto del equipo es un punto positivo para el casillero de Lim y su nefasta vinculaci\u00f3n con el club.<br>Tambi\u00e9n est\u00e1n los que van al f\u00fatbol a pasar la tarde con la se\u00f1ora y los-las ni\u00f1as, a merendar y a lucir bufanda o gorrita vcf.<br>Luego est\u00e1n los de siempre, los veteranos que llevan muchos a\u00f1os yendo a Mestalla y se sacan el pase caiga quien caiga.<br>Bienvenida sea tambi\u00e9n la incorporaci\u00f3n de la mujer al mundo del f\u00fatbol. Ah\u00ed est\u00e1n, formando parte de la afici\u00f3n del VCF y de algunas de las lineas de opini\u00f3n mencionadas anteriormente.<br>Si se gana al Madrid o Barcelona, \u00a1uffffff! Lim es un crack y ya tenemos la temporada hecha. Desgraciadamente est\u00e1 ha sido una de las lineas de opini\u00f3n de los aficionados durante muchos a\u00f1os.<br>No siempre han existido esos que quieren o queremos que el vcf compita en lo m\u00e1s alto por todos los t\u00edtulos. Aclaro que \u00abcompetir\u00bb no es tener la obligaci\u00f3n de ganar, como otros, por presupuesto, pero si que debe ser el objetivo inicial de un gran Valencia.<br>No hablemos de esos momentos de locura si se gana la Copa del Rey aunque los rivales que han quedado el camino sean de risa. En esos casos se olvida todo y se piensa que Lim no lo hace tan mal.<br>En fin\u2026 es lo que hay.<br>Solo mencionar a la asociaci\u00f3n LIBERTAD VCF, que sigue haciendo lo que puede, aunque el varapalo que nos llevamos todos cuando se convoc\u00f3 el \u00abvaciado de Mestalla\u00bb hace unos meses fue de \u00f3rdago, vamos, para tirar la toalla y enviar a los 40.000 que entraron a Mestalla, y a \u00ablos medios de manipulaci\u00f3n\u00bb, que no de comunicaci\u00f3n, que ensalzaron esa actitud, a un sitio que no quiero mencionar por educaci\u00f3n.<br>No afloj\u00e9is, sois lo \u00fanico que nos queda para no dejar al vcf abandonado a su suerte.<br>Muchos sobrevivimos entre lo que nos dice la cabeza y lo que nos dicta el coraz\u00f3n.<br>De momento seguimos en la lucha, pero\u2026 \u00bfhasta cuando?<br>El tiempo pasa r\u00e1pido, y la decepci\u00f3n es mala compa\u00f1era de viaje.<\/p>\n","protected":false},"excerpt":{"rendered":"<div class=\"mh-excerpt\">De los 10 a\u00f1os que lleva Lim en el club, llevamos ya unos cuantos debatiendo y discrepando sobre la gesti\u00f3n de Lim en el club. No nos ponemos de acuerdo.Hay varias l\u00edneas de opini\u00f3n en <a class=\"mh-excerpt-more\" href=\"https:\/\/www.tucomarca.com\/wordpress\/segunda\/opinion-a-bocajarro-el-tiempo-apremia-por-joseh-larrazabal\/\" title=\"Opini\u00f3n. A bocajarro: \u00abEl tiempo apremia\u00bb, por J\u00f3seh Larraz\u00e1bal\">[+] <\/a><\/div>\n","protected":false},"author":13,"featured_media":208146,"comment_status":"open","ping_status":"open","sticky":false,"template":"","format":"standard","meta":{"footnotes":""},"categories":[3358,6,30,3],"tags":[15480,1810],"class_list":{"0":"post-233835","1":"post","2":"type-post","3":"status-publish","4":"format-standard","5":"has-post-thumbnail","7":"category-canal-valencia-cf","8":"category-deportes","9":"category-opinion","10":"category-seccion","11":"tag-joseh-larrazabal","12":"tag-valencia-cf"},"_links":{"self":[{"href":"https:\/\/www.tucomarca.com\/wordpress\/segunda\/wp-json\/wp\/v2\/posts\/233835","targetHints":{"allow":["GET"]}}],"collection":[{"href":"https:\/\/www.tucomarca.com\/wordpress\/segunda\/wp-json\/wp\/v2\/posts"}],"about":[{"href":"https:\/\/www.tucomarca.com\/wordpress\/segunda\/wp-json\/wp\/v2\/types\/post"}],"author":[{"embeddable":true,"href":"https:\/\/www.tucomarca.com\/wordpress\/segunda\/wp-json\/wp\/v2\/users\/13"}],"replies":[{"embeddable":true,"href":"https:\/\/www.tucomarca.com\/wordpress\/segunda\/wp-json\/wp\/v2\/comments?post=233835"}],"version-history":[{"count":0,"href":"https:\/\/www.tucomarca.com\/wordpress\/segunda\/wp-json\/wp\/v2\/posts\/233835\/revisions"}],"wp:featuredmedia":[{"embeddable":true,"href":"https:\/\/www.tucomarca.com\/wordpress\/segunda\/wp-json\/wp\/v2\/media\/208146"}],"wp:attachment":[{"href":"https:\/\/www.tucomarca.com\/wordpress\/segunda\/wp-json\/wp\/v2\/media?parent=233835"}],"wp:term":[{"taxonomy":"category","embeddable":true,"href":"https:\/\/www.tucomarca.com\/wordpress\/segunda\/wp-json\/wp\/v2\/categories?post=233835"},{"taxonomy":"post_tag","embeddable":true,"href":"https:\/\/www.tucomarca.com\/wordpress\/segunda\/wp-json\/wp\/v2\/tags?post=233835"}],"curies":[{"name":"wp","href":"https:\/\/api.w.org\/{rel}","templated":true}]}}