{"id":234063,"date":"2024-08-26T08:00:00","date_gmt":"2024-08-26T06:00:00","guid":{"rendered":"https:\/\/www.tucomarca.com\/wordpress\/segunda\/?p=234063"},"modified":"2024-08-26T12:04:50","modified_gmt":"2024-08-26T10:04:50","slug":"ivacei-mejorara-ocho-areas-industriales-de-la-serrania-y-la-hoya-de-bunol-chiva-con-una-inversion-de-un-millon-de-euros","status":"publish","type":"post","link":"https:\/\/www.tucomarca.com\/wordpress\/segunda\/ivacei-mejorara-ocho-areas-industriales-de-la-serrania-y-la-hoya-de-bunol-chiva-con-una-inversion-de-un-millon-de-euros\/","title":{"rendered":"Ivace+i mejorar\u00e1 ocho \u00e1reas industriales de La Serran\u00eda, de Cheste y de Chiva con una inversi\u00f3n de un mill\u00f3n de euros"},"content":{"rendered":"\n<h3 class=\"wp-block-heading\">Se han concedido cerca de 500.000 euros a la comarca de los Serranos a trav\u00e9s de la l\u00ednea de actuaci\u00f3n dirigida a municipios en riesgo de despoblaci\u00f3n.<\/h3>\n\n\n\n<h3 class=\"wp-block-heading\">La consellera Nuria Montes destaca la importancia de estas ayudas para modernizar los espacios industriales y contribuir a fijar la poblaci\u00f3n.<\/h3>\n\n\n\n<p>Ivace+i mejorar\u00e1 ocho \u00e1reas industriales de las comarcas de los Serranos y la Hoya de Bu\u00f1ol a los que destinar\u00e1 1.058.250 millones de euros a trav\u00e9s de la convocatoria de 2024 para la mejora, modernizaci\u00f3n y dotaci\u00f3n de infraestructuras y servicios en los pol\u00edgonos industriales de la Comunitat Valenciana, que cuenta con un presupuesto de 33,5 millones de euros.<\/p>\n\n\n\n<p>De este modo, Ivace+i ha concedido 496.494,23 euros a los municipios de Higueruelas y Villar del Arzobispo en los Serranos y 561.755,92 euros a Cheste y Chiva en la Hoya de Bu\u00f1ol, con la finalidad de mejorar las instalaciones y modernizar la imagen de sus \u00e1reas industriales.<\/p>\n\n\n\n<p>La consellera de Innovaci\u00f3n, Industria, Comercio y Turismo y presidenta de Ivace+i, Nuria Montes, ha subrayado que estas subvenciones \u201ccontribuyen tambi\u00e9n a frenar el fen\u00f3meno de la despoblaci\u00f3n de los municipios de interior de la Comunitat Valenciana, y en este caso de la provincia de Valencia\u201d.<\/p>\n\n\n\n<p><strong>Los Serranos<\/strong><\/p>\n\n\n\n<p>As\u00ed, ha detallado que el total de las ayudas concedidas a los Serranos se incluyen en la l\u00ednea de actuaci\u00f3n dirigida a localidades que est\u00e1n en riesgo de despoblamiento \u201cpara que puedan modernizar sus espacios industriales de manera que sean m\u00e1s atractivos para la implantaci\u00f3n de nuevos proyectos que generen empleo y ayuden a fijar y atraer poblaci\u00f3n\u201d.<\/p>\n\n\n\n<p>En concreto, en esta comarca se ha beneficiado el pol\u00edgono industrial de Higueruelas (32.176,94 euros) y San Vicente (104.325,65 euros), La Balsilla y La Loma de Villar del Arzobispo, con 179.995,82 euros cada uno.<\/p>\n\n\n\n<p>Por su parte, en la Hoya de Bu\u00f1ol se mejorar\u00e1n las \u00e1reas industriales de Cheste: Pino Blay (140.755,13 euros), Castilla y ampliaci\u00f3n Castilla con 140.796,25 euros cada una, y la Pah\u00edlla de Chiva (139.388,29 euros).<\/p>\n\n\n\n<p><strong>Actuaciones subvencionables<\/strong><\/p>\n\n\n\n<p>Entre las actuaciones subvencionables en estas comarcas cabe destacar la delimitaci\u00f3n de nuevas zonas de aparcamiento, la implantaci\u00f3n de ecoparque, la mejora viaria, de zonas verdes y del alumbrado p\u00fablico mediante medidas de eficiencia energ\u00e9tica.<\/p>\n\n\n\n<p>Tambi\u00e9n se instalar\u00e1n aparcamientos para bicicletas y patinetes que mejorar\u00e1n la movilidad sostenible, se incrementar\u00e1 la seguridad mediante vigilancia a trav\u00e9s de CCTV conectado a la Polic\u00eda Local y se mejorar\u00e1n los servicios contra incendios, la se\u00f1alizaci\u00f3n del tr\u00e1fico, la identificaci\u00f3n de las calles y el saneamiento de aguas.<\/p>\n","protected":false},"excerpt":{"rendered":"<div class=\"mh-excerpt\">Se han concedido cerca de 500.000 euros a la comarca de los Serranos a trav\u00e9s de la l\u00ednea de actuaci\u00f3n dirigida a municipios en riesgo de despoblaci\u00f3n. La consellera Nuria Montes destaca la importancia de <a class=\"mh-excerpt-more\" href=\"https:\/\/www.tucomarca.com\/wordpress\/segunda\/ivacei-mejorara-ocho-areas-industriales-de-la-serrania-y-la-hoya-de-bunol-chiva-con-una-inversion-de-un-millon-de-euros\/\" title=\"Ivace+i mejorar\u00e1 ocho \u00e1reas industriales de La Serran\u00eda, de Cheste y de Chiva con una inversi\u00f3n de un mill\u00f3n de euros\">[+] <\/a><\/div>\n","protected":false},"author":13,"featured_media":230075,"comment_status":"open","ping_status":"open","sticky":false,"template":"","format":"standard","meta":{"footnotes":""},"categories":[128,8,10,59,142,3,45],"tags":[21117,5952,10400],"class_list":{"0":"post-234063","1":"post","2":"type-post","3":"status-publish","4":"format-standard","5":"has-post-thumbnail","7":"category-infraestructuras","8":"category-la-comarca","9":"category-la-hoya","10":"category-los-serranos","11":"category-politica-la-comarca","12":"category-seccion","13":"category-ventana","14":"tag-ivacei","15":"tag-la-hoya-de-bunol-chiva","16":"tag-los-serranos"},"_links":{"self":[{"href":"https:\/\/www.tucomarca.com\/wordpress\/segunda\/wp-json\/wp\/v2\/posts\/234063","targetHints":{"allow":["GET"]}}],"collection":[{"href":"https:\/\/www.tucomarca.com\/wordpress\/segunda\/wp-json\/wp\/v2\/posts"}],"about":[{"href":"https:\/\/www.tucomarca.com\/wordpress\/segunda\/wp-json\/wp\/v2\/types\/post"}],"author":[{"embeddable":true,"href":"https:\/\/www.tucomarca.com\/wordpress\/segunda\/wp-json\/wp\/v2\/users\/13"}],"replies":[{"embeddable":true,"href":"https:\/\/www.tucomarca.com\/wordpress\/segunda\/wp-json\/wp\/v2\/comments?post=234063"}],"version-history":[{"count":0,"href":"https:\/\/www.tucomarca.com\/wordpress\/segunda\/wp-json\/wp\/v2\/posts\/234063\/revisions"}],"wp:featuredmedia":[{"embeddable":true,"href":"https:\/\/www.tucomarca.com\/wordpress\/segunda\/wp-json\/wp\/v2\/media\/230075"}],"wp:attachment":[{"href":"https:\/\/www.tucomarca.com\/wordpress\/segunda\/wp-json\/wp\/v2\/media?parent=234063"}],"wp:term":[{"taxonomy":"category","embeddable":true,"href":"https:\/\/www.tucomarca.com\/wordpress\/segunda\/wp-json\/wp\/v2\/categories?post=234063"},{"taxonomy":"post_tag","embeddable":true,"href":"https:\/\/www.tucomarca.com\/wordpress\/segunda\/wp-json\/wp\/v2\/tags?post=234063"}],"curies":[{"name":"wp","href":"https:\/\/api.w.org\/{rel}","templated":true}]}}