{"id":2349,"date":"2012-05-25T09:31:05","date_gmt":"2012-05-25T07:31:05","guid":{"rendered":"http:\/\/www.tucomarca.com\/wordpress\/segunda\/?p=2349"},"modified":"2012-05-25T10:01:27","modified_gmt":"2012-05-25T08:01:27","slug":"el-patronato-provincial-de-turismo-patrocina-la-feria-valenciana-de-la-miel-de-montroy","status":"publish","type":"post","link":"https:\/\/www.tucomarca.com\/wordpress\/segunda\/el-patronato-provincial-de-turismo-patrocina-la-feria-valenciana-de-la-miel-de-montroy\/","title":{"rendered":"El Patronato Provincial de Turismo patrocina la Feria Valenciana de la Miel de Montroy"},"content":{"rendered":"<figure id=\"attachment_2350\" aria-describedby=\"caption-attachment-2350\" style=\"width: 300px\" class=\"wp-caption alignleft\"><a href=\"https:\/\/www.tucomarca.com\/wordpress\/segunda\/wp-content\/uploads\/2012\/05\/alcaldemontroy.jpg\"><img loading=\"lazy\" decoding=\"async\" class=\"size-medium wp-image-2350  \" title=\"SONY DSC\" src=\"https:\/\/www.tucomarca.com\/wordpress\/segunda\/wp-content\/uploads\/2012\/05\/alcaldemontroy-300x199.jpg\" alt=\"El diputado de Turismo junto al alcalde de Montroy.\" width=\"300\" height=\"199\" srcset=\"https:\/\/www.tucomarca.com\/wordpress\/segunda\/wp-content\/uploads\/2012\/05\/alcaldemontroy-300x199.jpg 300w, https:\/\/www.tucomarca.com\/wordpress\/segunda\/wp-content\/uploads\/2012\/05\/alcaldemontroy-1024x680.jpg 1024w, https:\/\/www.tucomarca.com\/wordpress\/segunda\/wp-content\/uploads\/2012\/05\/alcaldemontroy.jpg 1176w\" sizes=\"auto, (max-width: 300px) 100vw, 300px\" \/><\/a><figcaption id=\"caption-attachment-2350\" class=\"wp-caption-text\">El diputado de Turismo junto al alcalde de Montroy.<\/figcaption><\/figure>\n<p>El Patronato Provincial de Turismo Val\u00e8ncia, Terra i Mar patrocinar\u00e1 la Feria Valenciana de la Miel, que tendr\u00e1 lugar del 9 al 11 de noviembre, en Montroy.<\/p>\n<p>El certamen tur\u00edstico contar\u00e1 con expositores de la localidad, de la comarca de la Ribera Alta y del resto de la provincia de Valencia para ofrecer la m\u00e1s completa oferta comercial y gastron\u00f3mica y sobre todo miel y productos derivados.<\/p>\n<p>El diputado de Turismo, Ernesto Sanju\u00e1n, ha comentado al respecto que \u201cesta reuni\u00f3n ha permitido concretar la ayuda de la Diputaci\u00f3n de Valencia para patrocinar este evento que consigue aglutinar una amplia muestra de la oferta de la zona y adem\u00e1s, es una manera de difundir y promocionar los sectores m\u00e1s representativos de la econom\u00eda local\u201d.<\/p>\n<p>Por su parte, el alcalde de Montroy, Antonio Polo, ha comentado que \u201cdesde el Ayuntamiento de Montroy, con la colaboraci\u00f3n del Patronato de Turismo, potenciaremos una iniciativa muy importante para nosotros y para los valencianos, la Feria Valenciana de la Miel, que se celebra en Montroy hace ya 17 a\u00f1os\u201d.<\/p>\n<p>El diputado de Turismo, Ernesto Sanju\u00e1n, se reuni\u00f3 ayer con el alcalde de Montroy, Antonio Polo, quien solicit\u00f3 la colaboraci\u00f3n para la puesta en marcha del certamen gastron\u00f3mico.<\/p>\n","protected":false},"excerpt":{"rendered":"<div class=\"mh-excerpt\">El Patronato Provincial de Turismo Val\u00e8ncia, Terra i Mar patrocinar\u00e1 la Feria Valenciana de la Miel, que tendr\u00e1 lugar del 9 al 11 de noviembre, en Montroy. El certamen tur\u00edstico contar\u00e1 con expositores de la <a class=\"mh-excerpt-more\" href=\"https:\/\/www.tucomarca.com\/wordpress\/segunda\/el-patronato-provincial-de-turismo-patrocina-la-feria-valenciana-de-la-miel-de-montroy\/\" title=\"El Patronato Provincial de Turismo patrocina la Feria Valenciana de la Miel de Montroy\">[+] <\/a><\/div>\n","protected":false},"author":1,"featured_media":2350,"comment_status":"open","ping_status":"open","sticky":false,"template":"","format":"standard","meta":{"footnotes":""},"categories":[169,8,42,160,3],"tags":[],"class_list":{"0":"post-2349","1":"post","2":"type-post","3":"status-publish","4":"format-standard","5":"has-post-thumbnail","7":"category-agricultura-la-comarca","8":"category-la-comarca","9":"category-la-ribera","10":"category-montroi","11":"category-seccion"},"_links":{"self":[{"href":"https:\/\/www.tucomarca.com\/wordpress\/segunda\/wp-json\/wp\/v2\/posts\/2349","targetHints":{"allow":["GET"]}}],"collection":[{"href":"https:\/\/www.tucomarca.com\/wordpress\/segunda\/wp-json\/wp\/v2\/posts"}],"about":[{"href":"https:\/\/www.tucomarca.com\/wordpress\/segunda\/wp-json\/wp\/v2\/types\/post"}],"author":[{"embeddable":true,"href":"https:\/\/www.tucomarca.com\/wordpress\/segunda\/wp-json\/wp\/v2\/users\/1"}],"replies":[{"embeddable":true,"href":"https:\/\/www.tucomarca.com\/wordpress\/segunda\/wp-json\/wp\/v2\/comments?post=2349"}],"version-history":[{"count":0,"href":"https:\/\/www.tucomarca.com\/wordpress\/segunda\/wp-json\/wp\/v2\/posts\/2349\/revisions"}],"wp:featuredmedia":[{"embeddable":true,"href":"https:\/\/www.tucomarca.com\/wordpress\/segunda\/wp-json\/wp\/v2\/media\/2350"}],"wp:attachment":[{"href":"https:\/\/www.tucomarca.com\/wordpress\/segunda\/wp-json\/wp\/v2\/media?parent=2349"}],"wp:term":[{"taxonomy":"category","embeddable":true,"href":"https:\/\/www.tucomarca.com\/wordpress\/segunda\/wp-json\/wp\/v2\/categories?post=2349"},{"taxonomy":"post_tag","embeddable":true,"href":"https:\/\/www.tucomarca.com\/wordpress\/segunda\/wp-json\/wp\/v2\/tags?post=2349"}],"curies":[{"name":"wp","href":"https:\/\/api.w.org\/{rel}","templated":true}]}}