{"id":2353,"date":"2012-05-25T09:38:22","date_gmt":"2012-05-25T07:38:22","guid":{"rendered":"http:\/\/www.tucomarca.com\/wordpress\/segunda\/?p=2353"},"modified":"2012-05-25T09:38:22","modified_gmt":"2012-05-25T07:38:22","slug":"la-diputacion-distribuye-473-000-euros-en-ayudas-a-20-aldeas-y-pedanias-de-los-serranos","status":"publish","type":"post","link":"https:\/\/www.tucomarca.com\/wordpress\/segunda\/la-diputacion-distribuye-473-000-euros-en-ayudas-a-20-aldeas-y-pedanias-de-los-serranos\/","title":{"rendered":"La Diputaci\u00f3n distribuye 473.000 euros en ayudas a 20 aldeas y pedan\u00edas de Los Serranos"},"content":{"rendered":"<figure id=\"attachment_2354\" aria-describedby=\"caption-attachment-2354\" style=\"width: 300px\" class=\"wp-caption alignleft\"><a href=\"https:\/\/www.tucomarca.com\/wordpress\/segunda\/wp-content\/uploads\/2012\/05\/juanjomedina2.jpg\"><img loading=\"lazy\" decoding=\"async\" class=\"size-medium wp-image-2354 \" title=\"juanjomedina2\" src=\"https:\/\/www.tucomarca.com\/wordpress\/segunda\/wp-content\/uploads\/2012\/05\/juanjomedina2-300x210.jpg\" alt=\"El diputado Juan Jos\u00e9 Medina.\" width=\"300\" height=\"210\" srcset=\"https:\/\/www.tucomarca.com\/wordpress\/segunda\/wp-content\/uploads\/2012\/05\/juanjomedina2-300x210.jpg 300w, https:\/\/www.tucomarca.com\/wordpress\/segunda\/wp-content\/uploads\/2012\/05\/juanjomedina2-1024x717.jpg 1024w, https:\/\/www.tucomarca.com\/wordpress\/segunda\/wp-content\/uploads\/2012\/05\/juanjomedina2.jpg 1393w\" sizes=\"auto, (max-width: 300px) 100vw, 300px\" \/><\/a><figcaption id=\"caption-attachment-2354\" class=\"wp-caption-text\">El diputado Juan Jos\u00e9 Medina.<\/figcaption><\/figure>\n<p>La Diputaci\u00f3n de Valencia distribuir\u00e1 este a\u00f1o un total de 473.000 euros entre 20 aldeas y pedan\u00edas de Los Serranos, para acometer nuevos proyectos de desarrollo de estos peque\u00f1os n\u00facleos de poblaci\u00f3n.<\/p>\n<p>El Plan de N\u00facleos impulsado por la instituci\u00f3n provincial desde 1996 es un programa dirigido a resolver las carencias de las poblaciones de \u00e1mbito territorial inferior al municipio \u00abcon el objetivo de que cualquier vecino, viva en el n\u00facleo que viva, cuente con los mismos servicios, equipamientos e infraestructuras, que el ciudadano que reside en el municipio\u00bb, seg\u00fan ha explicado el diputado de Cooperaci\u00f3n Municipal, Juan Jos\u00e9 Medina.<\/p>\n<p>La Diputaci\u00f3n ha destinado este a\u00f1o un total de 3.200.000 euros a la mejora de infraestructuras y servicios de aldeas y pedan\u00edas.<\/p>\n<p>El plan permitir\u00e1 ejecutar en localidades alejadas de los n\u00facleos urbanos grandes 120 proyectos b\u00e1sicos e indispensables relacionados con la dotaci\u00f3n de equipamiento, urbanizaci\u00f3n de calles, alumbrado p\u00fablico y construcci\u00f3n de edificios, entre otros.<\/p>\n<p>Medina ha afirmado que el programa provincial \u00abmantiene este a\u00f1o la misma inversi\u00f3n que en los \u00faltimos ejercicios para seguir dando servicio a todos los ciudadanos de la provincia, independientemente de su lugar de residencia\u00bb.<\/p>\n<p>MUNICIPIO\/obra\/subvenci\u00f3n (euros)<\/p>\n<p>ALPUENTE\/ Alumbrado y acondicionamiento del parque infantil y construcci\u00f3n local social en La Cuevarruz\/15.000<\/p>\n<p>ALPUENTE\/ Rehabilitaci\u00f3n y acondicionamiento local social y pavimentaci\u00f3n de calles en Baldovar\/ 15.000<\/p>\n<p>ALPUENTE\/ Rehabilitaci\u00f3n Casa de la Maestra 2\u00aa fase en El Collado\/15.000<\/p>\n<p>ALPUENTE\/ Pavimentaci\u00f3n calles en La Almeza\/15.000<\/p>\n<p>ALPUENTE \/ Renovaci\u00f3n red de aguas y alcantarillado y repavimentaci\u00f3n. Reconstrucci\u00f3n escalera acceso local social en Campo de Abajo\/15.000<\/p>\n<p>ALPUENTE\/ Expropiaci\u00f3n terrenos para instalaci\u00f3n depuradora y rectificaci\u00f3n l\u00ednea alumbrado p\u00fablico en Las Eras\/15.000<\/p>\n<p>ALPUENTE \/ Pavimentaci\u00f3n calles en Corcolilla\/15.000<\/p>\n<p>ALPUENTE\/ Reparaci\u00f3n fuente y abrevadero. Pavimentaci\u00f3n calles en el Hontanar\/15.000<\/p>\n<p>ALPUENTE\/ Acondicionamiento Casas de los Maestros y alumbrado p\u00fablico en Campo de Arriba\/15.000<\/p>\n<p>ANDILLA \/Acondicionamiento de viales en Artaj-Andilla\/25.000<\/p>\n<p>ARAS DE LOS OLMOS \/Infraestructuras de abastecimiento y saneamiento en la aldea de Losilla\/45.000<\/p>\n<p>BENAG\u00c9BER\/ N\u00facleo Las Colonias: urbanizaci\u00f3n calles 2\u00aa fase\/ 30.000<\/p>\n<p>BENAG\u00c9BER \/N\u00facleo Las Colonias: mejora alumbrado p\u00fablico\/30.000<\/p>\n<p>BENAG\u00c9BER \/N\u00facleo El Pantano: Mejora alumbrado p\u00fablico\/30.000<\/p>\n<p>BENAG\u00c9BER \/N\u00facleo El Pantano: acondicionamiento infraestructuras seguridad vial\/30.000<\/p>\n<p>CALLES\/ Reposici\u00f3n motor de agua y ampliaci\u00f3n de placas fotovoltaicas alumbrado y sede social en aldea de Alcotas\/20.000<\/p>\n<p>CHELVA \/Pavimentaci\u00f3n calles en aldea de Villar de Tejas\/42.500<\/p>\n<p>CHELVA \/Pavimentaci\u00f3n de calles en aldea de Ahillas\/42.500<\/p>\n<p>CHULILLA\/ Mantenimiento, mejora y ampliaci\u00f3n del alumbrado p\u00fablico en Barrio de la Ermita\/3.000<\/p>\n<p>CHULILLA \/Mantenimiento de la piscina municipal en Barrio de la Ermita\/15.000<\/p>\n<p>LA YESA\/ Edificio multiusos en la Cuevarruz, 2\u00aa fase\/25.000<\/p>\n","protected":false},"excerpt":{"rendered":"<div class=\"mh-excerpt\">La Diputaci\u00f3n de Valencia distribuir\u00e1 este a\u00f1o un total de 473.000 euros entre 20 aldeas y pedan\u00edas de Los Serranos, para acometer nuevos proyectos de desarrollo de estos peque\u00f1os n\u00facleos de poblaci\u00f3n. El Plan de <a class=\"mh-excerpt-more\" href=\"https:\/\/www.tucomarca.com\/wordpress\/segunda\/la-diputacion-distribuye-473-000-euros-en-ayudas-a-20-aldeas-y-pedanias-de-los-serranos\/\" title=\"La Diputaci\u00f3n distribuye 473.000 euros en ayudas a 20 aldeas y pedan\u00edas de Los Serranos\">[+] <\/a><\/div>\n","protected":false},"author":1,"featured_media":2354,"comment_status":"open","ping_status":"open","sticky":false,"template":"","format":"standard","meta":{"footnotes":""},"categories":[198,191,101,141,190,188,192,103,59],"tags":[],"class_list":{"0":"post-2353","1":"post","2":"type-post","3":"status-publish","4":"format-standard","5":"has-post-thumbnail","7":"category-alpuente","8":"category-andilla","9":"category-aras-de-olmos","10":"category-benageber","11":"category-calles","12":"category-chelva","13":"category-chulilla","14":"category-la-yesa","15":"category-los-serranos"},"_links":{"self":[{"href":"https:\/\/www.tucomarca.com\/wordpress\/segunda\/wp-json\/wp\/v2\/posts\/2353","targetHints":{"allow":["GET"]}}],"collection":[{"href":"https:\/\/www.tucomarca.com\/wordpress\/segunda\/wp-json\/wp\/v2\/posts"}],"about":[{"href":"https:\/\/www.tucomarca.com\/wordpress\/segunda\/wp-json\/wp\/v2\/types\/post"}],"author":[{"embeddable":true,"href":"https:\/\/www.tucomarca.com\/wordpress\/segunda\/wp-json\/wp\/v2\/users\/1"}],"replies":[{"embeddable":true,"href":"https:\/\/www.tucomarca.com\/wordpress\/segunda\/wp-json\/wp\/v2\/comments?post=2353"}],"version-history":[{"count":0,"href":"https:\/\/www.tucomarca.com\/wordpress\/segunda\/wp-json\/wp\/v2\/posts\/2353\/revisions"}],"wp:featuredmedia":[{"embeddable":true,"href":"https:\/\/www.tucomarca.com\/wordpress\/segunda\/wp-json\/wp\/v2\/media\/2354"}],"wp:attachment":[{"href":"https:\/\/www.tucomarca.com\/wordpress\/segunda\/wp-json\/wp\/v2\/media?parent=2353"}],"wp:term":[{"taxonomy":"category","embeddable":true,"href":"https:\/\/www.tucomarca.com\/wordpress\/segunda\/wp-json\/wp\/v2\/categories?post=2353"},{"taxonomy":"post_tag","embeddable":true,"href":"https:\/\/www.tucomarca.com\/wordpress\/segunda\/wp-json\/wp\/v2\/tags?post=2353"}],"curies":[{"name":"wp","href":"https:\/\/api.w.org\/{rel}","templated":true}]}}