{"id":23533,"date":"2014-02-25T14:40:06","date_gmt":"2014-02-25T11:40:06","guid":{"rendered":"http:\/\/www.tucomarca.com\/wordpress\/segunda\/?p=23533"},"modified":"2014-02-25T14:40:06","modified_gmt":"2014-02-25T11:40:06","slug":"la-diputacion-presenta-en-la-ribera-alta-el-plan-provincial-de-inversiones-2014-2015","status":"publish","type":"post","link":"https:\/\/www.tucomarca.com\/wordpress\/segunda\/la-diputacion-presenta-en-la-ribera-alta-el-plan-provincial-de-inversiones-2014-2015\/","title":{"rendered":"La Diputaci\u00f3n presenta en la Ribera Alta el Plan provincial de Inversiones 2014-2015"},"content":{"rendered":"<p>El vicepresidente primero de la Diputaci\u00f3n de Valencia y diputado de Cooperaci\u00f3n Municipal, Juan Jos\u00e9 Medina, presenta este mi\u00e9rcoles 26 de febrero, en la Casa de la Cultura de La Pobla Llarga, las nuevas inversiones previstas por la corporaci\u00f3n provincial en la comarca de la Ribera Alta para los a\u00f1os 2014-2015, a trav\u00e9s de su Plan provincial de Inversiones y Empleo.<\/p>\n<p>Medina presidir\u00e1 un encuentro con los alcaldes de la comarca, al que tambi\u00e9n asistir\u00e1n los diputados provinciales de Carreteras, Isidro Prieto; Administraci\u00f3n, Carlota Navarro; Bienestar Social y Sanidad, Amparo Mora; y Educaci\u00f3n, Oreto Segura.<\/p>\n","protected":false},"excerpt":{"rendered":"<div class=\"mh-excerpt\">El vicepresidente primero de la Diputaci\u00f3n de Valencia y diputado de Cooperaci\u00f3n Municipal, Juan Jos\u00e9 Medina, presenta este mi\u00e9rcoles 26 de febrero, en la Casa de la Cultura de La Pobla Llarga, las nuevas inversiones <a class=\"mh-excerpt-more\" href=\"https:\/\/www.tucomarca.com\/wordpress\/segunda\/la-diputacion-presenta-en-la-ribera-alta-el-plan-provincial-de-inversiones-2014-2015\/\" title=\"La Diputaci\u00f3n presenta en la Ribera Alta el Plan provincial de Inversiones 2014-2015\">[+] <\/a><\/div>\n","protected":false},"author":2,"featured_media":0,"comment_status":"open","ping_status":"open","sticky":false,"template":"","format":"standard","meta":{"footnotes":""},"categories":[4,3],"tags":[3436,204,2126,3437,1407],"class_list":{"0":"post-23533","1":"post","2":"type-post","3":"status-publish","4":"format-standard","6":"category-agenda","7":"category-seccion","8":"tag-2014-2015","9":"tag-diputacion","10":"tag-inversiones","11":"tag-pobla-llarga","12":"tag-ribera-alta"},"_links":{"self":[{"href":"https:\/\/www.tucomarca.com\/wordpress\/segunda\/wp-json\/wp\/v2\/posts\/23533","targetHints":{"allow":["GET"]}}],"collection":[{"href":"https:\/\/www.tucomarca.com\/wordpress\/segunda\/wp-json\/wp\/v2\/posts"}],"about":[{"href":"https:\/\/www.tucomarca.com\/wordpress\/segunda\/wp-json\/wp\/v2\/types\/post"}],"author":[{"embeddable":true,"href":"https:\/\/www.tucomarca.com\/wordpress\/segunda\/wp-json\/wp\/v2\/users\/2"}],"replies":[{"embeddable":true,"href":"https:\/\/www.tucomarca.com\/wordpress\/segunda\/wp-json\/wp\/v2\/comments?post=23533"}],"version-history":[{"count":0,"href":"https:\/\/www.tucomarca.com\/wordpress\/segunda\/wp-json\/wp\/v2\/posts\/23533\/revisions"}],"wp:attachment":[{"href":"https:\/\/www.tucomarca.com\/wordpress\/segunda\/wp-json\/wp\/v2\/media?parent=23533"}],"wp:term":[{"taxonomy":"category","embeddable":true,"href":"https:\/\/www.tucomarca.com\/wordpress\/segunda\/wp-json\/wp\/v2\/categories?post=23533"},{"taxonomy":"post_tag","embeddable":true,"href":"https:\/\/www.tucomarca.com\/wordpress\/segunda\/wp-json\/wp\/v2\/tags?post=23533"}],"curies":[{"name":"wp","href":"https:\/\/api.w.org\/{rel}","templated":true}]}}