{"id":235656,"date":"2024-09-06T11:00:00","date_gmt":"2024-09-06T09:00:00","guid":{"rendered":"https:\/\/www.tucomarca.com\/wordpress\/segunda\/?p=235656"},"modified":"2024-09-06T11:00:28","modified_gmt":"2024-09-06T09:00:28","slug":"la-poesia-de-delmundo-mila-llena-la-biblioteca-de-siete-aguas","status":"publish","type":"post","link":"https:\/\/www.tucomarca.com\/wordpress\/segunda\/la-poesia-de-delmundo-mila-llena-la-biblioteca-de-siete-aguas\/","title":{"rendered":"La poes\u00eda de Delmundo Mil\u00e0 llena la biblioteca de Siete Aguas"},"content":{"rendered":"\n<p>La biblioteca municipal de Siete Aguas se llen\u00f3 de sensibilidad y arte con la presentaci\u00f3n del nuevo poemario de Delmundo Mil\u00e0, titulado <em>\u00abViaje a los confines de la nada\u00bb<\/em>, desarrollada d\u00eda atr\u00e1s.<\/p>\n\n\n\n<p>El autor recit\u00f3 un total de quince poemas, acompa\u00f1ado al piano por Arturo Cus\u00ed, cuya m\u00fasica complement\u00f3 a la perfecci\u00f3n la profundidad y el lirismo de las palabras de Mil\u00e0.<\/p>\n\n\n\n<p>La velada po\u00e9tica no solo estuvo marcada por los versos del autor, sino tambi\u00e9n por dos emotivos bises: uno sobre un poema de Vicent Andr\u00e9s Estell\u00e9s y otro titulado <em>\u00abLa verdad de Eva\u00bb<\/em>. Marian puso su voz en la presentaci\u00f3n, sumando emoci\u00f3n a cada pasaje.<\/p>\n\n\n\n<p>El p\u00fablico asistente disfrut\u00f3 de una experiencia \u00edntima y conmovedora, donde poes\u00eda y m\u00fasica se entrelazaron en una atm\u00f3sfera m\u00e1gica que hizo de la presentaci\u00f3n un momento inolvidable.<\/p>\n\n\n\n<p>\u00abQuiero agradecer al concejal de Cultura de Siete Aguas, Vicente Mora, la magn\u00edfica atenci\u00f3n que prest\u00f3 en todo momento para hacer posible el recital en la Biblioteca Municipal. A Arturo Cus\u00ed que acompa\u00f1\u00f3 deliciosamente al piano cada uno de los quince poemas que seleccion\u00e9 para este recital presentaci\u00f3n del poemario &#8216;Viaje a los confines de la nada&#8217; y los dos bises sobre un poema de Vicent Andr\u00e8s Estell\u00e9s y &#8216;la verdad de Eva&#8217;. Marian puso la voz y la pasi\u00f3n necesaria, como s\u00f3lo ella puede hacerlo, en la presentaci\u00f3n de mi libro\u00bb, en palabras del autor.<\/p>\n\n\n\n<p>\u00abTambi\u00e9n estimo la colaboraci\u00f3n de Estela y Cecilia con la venta de los libros, Pepe S\u00e1ez por el montaje de la escenograf\u00eda, as\u00ed como a Marisa en la realizaci\u00f3n del acto en ese pueblo ya tan m\u00edo como suyo\u00bb, ha finalizado Delmundo Mil\u00e0.<\/p>\n\n\n\n<figure class=\"wp-block-gallery has-nested-images columns-2 is-cropped wp-block-gallery-1 is-layout-flex wp-block-gallery-is-layout-flex\">\n<figure class=\"wp-block-image size-large\"><img loading=\"lazy\" decoding=\"async\" width=\"595\" height=\"1024\" data-id=\"235939\" src=\"https:\/\/www.tucomarca.com\/wordpress\/segunda\/wp-content\/uploads\/2024\/09\/Mila7Aguas04-595x1024.jpg\" alt=\"\" class=\"wp-image-235939\" srcset=\"https:\/\/www.tucomarca.com\/wordpress\/segunda\/wp-content\/uploads\/2024\/09\/Mila7Aguas04-595x1024.jpg 595w, https:\/\/www.tucomarca.com\/wordpress\/segunda\/wp-content\/uploads\/2024\/09\/Mila7Aguas04-174x300.jpg 174w, https:\/\/www.tucomarca.com\/wordpress\/segunda\/wp-content\/uploads\/2024\/09\/Mila7Aguas04-768x1321.jpg 768w, https:\/\/www.tucomarca.com\/wordpress\/segunda\/wp-content\/uploads\/2024\/09\/Mila7Aguas04-893x1536.jpg 893w, https:\/\/www.tucomarca.com\/wordpress\/segunda\/wp-content\/uploads\/2024\/09\/Mila7Aguas04.jpg 1181w\" sizes=\"auto, (max-width: 595px) 100vw, 595px\" \/><\/figure>\n\n\n\n<figure class=\"wp-block-image size-large\"><img loading=\"lazy\" decoding=\"async\" width=\"738\" height=\"1024\" data-id=\"235935\" src=\"https:\/\/www.tucomarca.com\/wordpress\/segunda\/wp-content\/uploads\/2024\/09\/Mila7Aguas02-738x1024.jpg\" alt=\"\" class=\"wp-image-235935\" srcset=\"https:\/\/www.tucomarca.com\/wordpress\/segunda\/wp-content\/uploads\/2024\/09\/Mila7Aguas02-738x1024.jpg 738w, https:\/\/www.tucomarca.com\/wordpress\/segunda\/wp-content\/uploads\/2024\/09\/Mila7Aguas02-216x300.jpg 216w, https:\/\/www.tucomarca.com\/wordpress\/segunda\/wp-content\/uploads\/2024\/09\/Mila7Aguas02-768x1065.jpg 768w, https:\/\/www.tucomarca.com\/wordpress\/segunda\/wp-content\/uploads\/2024\/09\/Mila7Aguas02-1107x1536.jpg 1107w, https:\/\/www.tucomarca.com\/wordpress\/segunda\/wp-content\/uploads\/2024\/09\/Mila7Aguas02.jpg 1181w\" sizes=\"auto, (max-width: 738px) 100vw, 738px\" \/><\/figure>\n\n\n\n<figure class=\"wp-block-image size-large\"><img loading=\"lazy\" decoding=\"async\" width=\"1024\" height=\"629\" data-id=\"235937\" src=\"https:\/\/www.tucomarca.com\/wordpress\/segunda\/wp-content\/uploads\/2024\/09\/Mila7Aguas03-1024x629.jpg\" alt=\"\" class=\"wp-image-235937\" srcset=\"https:\/\/www.tucomarca.com\/wordpress\/segunda\/wp-content\/uploads\/2024\/09\/Mila7Aguas03-1024x629.jpg 1024w, https:\/\/www.tucomarca.com\/wordpress\/segunda\/wp-content\/uploads\/2024\/09\/Mila7Aguas03-300x184.jpg 300w, https:\/\/www.tucomarca.com\/wordpress\/segunda\/wp-content\/uploads\/2024\/09\/Mila7Aguas03-768x471.jpg 768w, https:\/\/www.tucomarca.com\/wordpress\/segunda\/wp-content\/uploads\/2024\/09\/Mila7Aguas03.jpg 1181w\" sizes=\"auto, (max-width: 1024px) 100vw, 1024px\" \/><\/figure>\n\n\n\n<figure class=\"wp-block-image size-large\"><img loading=\"lazy\" decoding=\"async\" width=\"945\" height=\"1024\" data-id=\"235941\" src=\"https:\/\/www.tucomarca.com\/wordpress\/segunda\/wp-content\/uploads\/2024\/09\/Mila7Aguas05-945x1024.jpg\" alt=\"\" class=\"wp-image-235941\" srcset=\"https:\/\/www.tucomarca.com\/wordpress\/segunda\/wp-content\/uploads\/2024\/09\/Mila7Aguas05-945x1024.jpg 945w, https:\/\/www.tucomarca.com\/wordpress\/segunda\/wp-content\/uploads\/2024\/09\/Mila7Aguas05-277x300.jpg 277w, https:\/\/www.tucomarca.com\/wordpress\/segunda\/wp-content\/uploads\/2024\/09\/Mila7Aguas05-768x832.jpg 768w, https:\/\/www.tucomarca.com\/wordpress\/segunda\/wp-content\/uploads\/2024\/09\/Mila7Aguas05.jpg 1181w\" sizes=\"auto, (max-width: 945px) 100vw, 945px\" \/><\/figure>\n<\/figure>\n","protected":false},"excerpt":{"rendered":"<div class=\"mh-excerpt\">La biblioteca municipal de Siete Aguas se llen\u00f3 de sensibilidad y arte con la presentaci\u00f3n del nuevo poemario de Delmundo Mil\u00e0, titulado \u00abViaje a los confines de la nada\u00bb, desarrollada d\u00eda atr\u00e1s. El autor recit\u00f3 <a class=\"mh-excerpt-more\" href=\"https:\/\/www.tucomarca.com\/wordpress\/segunda\/la-poesia-de-delmundo-mila-llena-la-biblioteca-de-siete-aguas\/\" title=\"La poes\u00eda de Delmundo Mil\u00e0 llena la biblioteca de Siete Aguas\">[+] <\/a><\/div>\n","protected":false},"author":12,"featured_media":235933,"comment_status":"open","ping_status":"open","sticky":false,"template":"","format":"gallery","meta":{"footnotes":""},"categories":[18,8,10,7,3,12],"tags":[21148,19978,5952,10381],"class_list":{"0":"post-235656","1":"post","2":"type-post","3":"status-publish","4":"format-gallery","5":"has-post-thumbnail","7":"category-bunol","8":"category-la-comarca","9":"category-la-hoya","10":"category-ocio-y-cultura","11":"category-seccion","12":"category-siete-aguas","13":"tag-biblioteca-municipal-de-siete-aguas","14":"tag-delmundo-mila","15":"tag-la-hoya-de-bunol-chiva","16":"tag-siete-aguas","17":"post_format-post-format-gallery"},"_links":{"self":[{"href":"https:\/\/www.tucomarca.com\/wordpress\/segunda\/wp-json\/wp\/v2\/posts\/235656","targetHints":{"allow":["GET"]}}],"collection":[{"href":"https:\/\/www.tucomarca.com\/wordpress\/segunda\/wp-json\/wp\/v2\/posts"}],"about":[{"href":"https:\/\/www.tucomarca.com\/wordpress\/segunda\/wp-json\/wp\/v2\/types\/post"}],"author":[{"embeddable":true,"href":"https:\/\/www.tucomarca.com\/wordpress\/segunda\/wp-json\/wp\/v2\/users\/12"}],"replies":[{"embeddable":true,"href":"https:\/\/www.tucomarca.com\/wordpress\/segunda\/wp-json\/wp\/v2\/comments?post=235656"}],"version-history":[{"count":0,"href":"https:\/\/www.tucomarca.com\/wordpress\/segunda\/wp-json\/wp\/v2\/posts\/235656\/revisions"}],"wp:featuredmedia":[{"embeddable":true,"href":"https:\/\/www.tucomarca.com\/wordpress\/segunda\/wp-json\/wp\/v2\/media\/235933"}],"wp:attachment":[{"href":"https:\/\/www.tucomarca.com\/wordpress\/segunda\/wp-json\/wp\/v2\/media?parent=235656"}],"wp:term":[{"taxonomy":"category","embeddable":true,"href":"https:\/\/www.tucomarca.com\/wordpress\/segunda\/wp-json\/wp\/v2\/categories?post=235656"},{"taxonomy":"post_tag","embeddable":true,"href":"https:\/\/www.tucomarca.com\/wordpress\/segunda\/wp-json\/wp\/v2\/tags?post=235656"}],"curies":[{"name":"wp","href":"https:\/\/api.w.org\/{rel}","templated":true}]}}