{"id":235697,"date":"2024-09-04T12:12:00","date_gmt":"2024-09-04T10:12:00","guid":{"rendered":"https:\/\/www.tucomarca.com\/wordpress\/segunda\/?p=235697"},"modified":"2024-09-04T17:50:00","modified_gmt":"2024-09-04T15:50:00","slug":"la-comarca-del-valle-de-ayora-cofrentes-recibira-cerca-de-19-000-euros-de-la-diputacio-de-valencia-para-fomentar-la-movilidad-de-los-vecinos","status":"publish","type":"post","link":"https:\/\/www.tucomarca.com\/wordpress\/segunda\/la-comarca-del-valle-de-ayora-cofrentes-recibira-cerca-de-19-000-euros-de-la-diputacio-de-valencia-para-fomentar-la-movilidad-de-los-vecinos\/","title":{"rendered":"La comarca del Valle de Ayora-Cofrentes recibir\u00e1 cerca de 19.000 euros de la Diputaci\u00f3 de Val\u00e8ncia para fomentar la movilidad de los vecinos"},"content":{"rendered":"\n<h3 class=\"wp-block-heading\">La instituci\u00f3n provincial otorga a los seis municipios rurales de la comarca estas ayudas para favorecer los desplazamientos a demanda, servicios p\u00fablicos de veh\u00edculo compartido o el transporte regular ya sea por razones de ocio o asuntos personales.<\/h3>\n\n\n\n<h3 class=\"wp-block-heading\">Cofrentes, Cortes de Pall\u00e1s, Jalance, Jarafuel, Teresa de Cofrentes y Zarra se beneficiar\u00e1n de estas ayudas, que podr\u00e1n adecuar a las caracter\u00edsticas particulares de cada poblaci\u00f3n.<\/h3>\n\n\n\n<p>La Diputaci\u00f3 de Val\u00e8ncia destina a la comarca del Valle de Ayora-Cofrentes un total de 18.800 euros para promover que los vecinos de sus municipios de car\u00e1cter rural o en riesgo de despoblaci\u00f3n puedan acceder a servicios de transporte a demanda, ya sea a trav\u00e9s de taxis, veh\u00edculos de uso compartido o transporte regular.<\/p>\n\n\n\n<p>As\u00ed, cada uno de los siete municipios incluidos en este programa recibir\u00e1n una cantidad que oscila entre los 2.900 hasta los 3.300 euros por ayuntamiento. Concretamente, se trata de las poblaciones de Cofrentes, Cortes de Pall\u00e1s, Jalance, Jarafuel, Teresa de Cofrentes y Zarra.<\/p>\n\n\n\n<p>Las asignaciones se han realizado en funci\u00f3n de variables como el n\u00famero de habitantes, la densidad de tr\u00e1fico o la distancia a servicios de referencia, entre otras; complementando as\u00ed las ayudas de la Generalitat Valenciana al transporte rural en los municipios de interior.<\/p>\n\n\n\n<p>Una de las claves de este programa es que son los propios consistorios los que habilitan los procedimientos para que la ciudadan\u00eda pueda hacer uso de este servicio en funci\u00f3n de las caracter\u00edsticas de la demanda de cada poblaci\u00f3n.<\/p>\n\n\n\n<p>Adem\u00e1s, este ejercicio el plan presenta como novedad el hecho de que las personas beneficiarias podr\u00e1n hacer uso del transporte rural a demanda no solo por razones m\u00e9dicas o de relaci\u00f3n con la Administraci\u00f3n, sino de forma libre, incluyendo el ocio o asuntos personales y familiares.<\/p>\n\n\n\n<p>El presidente de la Diputaci\u00f3 de Val\u00e8ncia, Vicent Momp\u00f3, indica que \u201cfavorecer la movilidad entre municipios rurales es clave para fijar poblaci\u00f3n, especialmente en comarcas en las que hay servicios mancomunados\u201d. En este sentido, ha apuntado que la estrategia para combatir la despoblaci\u00f3n \u201cdebe facilitar las sinergias por territorios\u201d y subraya que \u201cel acceso a cualquier producto o servicio, la vida social, acad\u00e9mica y familiar con esenciales para la dignidad de las personas y el crecimiento de las comunidades de interior\u201d.<\/p>\n\n\n\n<p>125 municipios beneficiados<br>&nbsp;<br>Una vez los propios ayuntamientos han aceptado o rechazado la adhesi\u00f3n a estas ayudas de la Diputaci\u00f3 de Val\u00e8ncia, en las que se establec\u00eda una cantidad preasignada de entre 1.700 y 5.600 euros por consistorio, la dotaci\u00f3n global del programa se ha establecido en 359.000 euros, que llegar\u00e1 a 125 municipios de la provincia.<\/p>\n\n\n\n<p>En este sentido, el diputado de Desarrollo Rural, Avelino Mascarell, destaca que \u201c9 de cada 10 poblaciones han aceptado esta ayuda, lo que demuestra el gran inter\u00e9s que suscita el programa\u201d y aclara que \u201cser\u00e1n los propios consistorios los que habiliten los procedimientos para que la ciudadan\u00eda pueda hacer uso de este servicio en funci\u00f3n de las caracter\u00edsticas de la demanda de cada poblaci\u00f3n\u201d.<\/p>\n\n\n\n<p>En todos los casos, se trata de municipios declarados \u201cde d\u00e9bil tr\u00e1fico de transporte p\u00fablico\u201d en el Decreto Ley 11\/22 de la Generalitat Valenciana, y podr\u00e1n poner en marcha sus propias iniciativas hasta el 31 de diciembre de 2024.<\/p>\n\n\n\n<p>ASIGNACIONES POR MUNICIPIOS: EL VALLE DE AYORA-COFRENTES<\/p>\n\n\n\n<figure class=\"wp-block-table\"><table><tbody><tr><td>El Valle de Ayora-Cofrentes<\/td><td>Ayto. de Cofrentes<\/td><td>3.175,85 \u20ac<\/td><\/tr><tr><td>El Valle de Ayora-Cofrentes<\/td><td>Ayto. de Cortes de Pall\u00e1s<\/td><td>2.910,55 \u20ac<\/td><\/tr><tr><td>El Valle de Ayora-Cofrentes<\/td><td>Ayto. de Jalance<\/td><td>3.092,75 \u20ac<\/td><\/tr><tr><td>El Valle de Ayora-Cofrentes<\/td><td>Ayto. de Jarafuel<\/td><td>3.231,45 \u20ac<\/td><\/tr><tr><td>El Valle de Ayora-Cofrentes<\/td><td>Ayto. de Teresa de Cofrentes<\/td><td>3.275,35 \u20ac<\/td><\/tr><tr><td>El Valle de Ayora-Cofrentes<\/td><td>Ayto. de Zarra<\/td><td>3.144,85 \u20ac<\/td><\/tr><\/tbody><\/table><\/figure>\n","protected":false},"excerpt":{"rendered":"<div class=\"mh-excerpt\">La instituci\u00f3n provincial otorga a los seis municipios rurales de la comarca estas ayudas para favorecer los desplazamientos a demanda, servicios p\u00fablicos de veh\u00edculo compartido o el transporte regular ya sea por razones de ocio <a class=\"mh-excerpt-more\" href=\"https:\/\/www.tucomarca.com\/wordpress\/segunda\/la-comarca-del-valle-de-ayora-cofrentes-recibira-cerca-de-19-000-euros-de-la-diputacio-de-valencia-para-fomentar-la-movilidad-de-los-vecinos\/\" title=\"La comarca del Valle de Ayora-Cofrentes recibir\u00e1 cerca de 19.000 euros de la Diputaci\u00f3 de Val\u00e8ncia para fomentar la movilidad de los vecinos\">[+] <\/a><\/div>\n","protected":false},"author":12,"featured_media":110100,"comment_status":"open","ping_status":"open","sticky":false,"template":"","format":"standard","meta":{"footnotes":""},"categories":[38,41,40,128,230,231,8,142,3,232,45,233],"tags":[10540,10393,10392,10684,10453,10609],"class_list":{"0":"post-235697","1":"post","2":"type-post","3":"status-publish","4":"format-standard","5":"has-post-thumbnail","7":"category-ayora-cofrentes","8":"category-cofrentes","9":"category-cortes-de-pallas","10":"category-infraestructuras","11":"category-jalance","12":"category-jarafuel","13":"category-la-comarca","14":"category-politica-la-comarca","15":"category-seccion","16":"category-teresa-de-cofrentes","17":"category-ventana","18":"category-zarra","19":"tag-ayora-cofrentes","20":"tag-cofrentes","21":"tag-cortes-de-pallas","22":"tag-jalance","23":"tag-teresa-de-cofrentes","24":"tag-zarra"},"_links":{"self":[{"href":"https:\/\/www.tucomarca.com\/wordpress\/segunda\/wp-json\/wp\/v2\/posts\/235697","targetHints":{"allow":["GET"]}}],"collection":[{"href":"https:\/\/www.tucomarca.com\/wordpress\/segunda\/wp-json\/wp\/v2\/posts"}],"about":[{"href":"https:\/\/www.tucomarca.com\/wordpress\/segunda\/wp-json\/wp\/v2\/types\/post"}],"author":[{"embeddable":true,"href":"https:\/\/www.tucomarca.com\/wordpress\/segunda\/wp-json\/wp\/v2\/users\/12"}],"replies":[{"embeddable":true,"href":"https:\/\/www.tucomarca.com\/wordpress\/segunda\/wp-json\/wp\/v2\/comments?post=235697"}],"version-history":[{"count":0,"href":"https:\/\/www.tucomarca.com\/wordpress\/segunda\/wp-json\/wp\/v2\/posts\/235697\/revisions"}],"wp:featuredmedia":[{"embeddable":true,"href":"https:\/\/www.tucomarca.com\/wordpress\/segunda\/wp-json\/wp\/v2\/media\/110100"}],"wp:attachment":[{"href":"https:\/\/www.tucomarca.com\/wordpress\/segunda\/wp-json\/wp\/v2\/media?parent=235697"}],"wp:term":[{"taxonomy":"category","embeddable":true,"href":"https:\/\/www.tucomarca.com\/wordpress\/segunda\/wp-json\/wp\/v2\/categories?post=235697"},{"taxonomy":"post_tag","embeddable":true,"href":"https:\/\/www.tucomarca.com\/wordpress\/segunda\/wp-json\/wp\/v2\/tags?post=235697"}],"curies":[{"name":"wp","href":"https:\/\/api.w.org\/{rel}","templated":true}]}}