{"id":235744,"date":"2024-09-03T11:45:00","date_gmt":"2024-09-03T09:45:00","guid":{"rendered":"https:\/\/www.tucomarca.com\/wordpress\/segunda\/?p=235744"},"modified":"2024-09-03T18:52:18","modified_gmt":"2024-09-03T16:52:18","slug":"la-volta-a-valencia-presenta-una-nueva-edicion-estrenando-prueba-femenina","status":"publish","type":"post","link":"https:\/\/www.tucomarca.com\/wordpress\/segunda\/la-volta-a-valencia-presenta-una-nueva-edicion-estrenando-prueba-femenina\/","title":{"rendered":"La Volta a Val\u00e8ncia presenta una nueva edici\u00f3n estrenando prueba femenina"},"content":{"rendered":"\n<h3 class=\"wp-block-heading\">La Diputaci\u00f3 de Val\u00e8ncia acoge la presentaci\u00f3n de la 14\u00aa edici\u00f3n de la ronda ciclista valenciana, una de las carreras m\u00e1s importantes a nivel nacional en la categor\u00eda \u00e9lite\/sub-23.<\/h3>\n\n\n\n<h3 class=\"wp-block-heading\">La prueba femenina debuta este jueves 5 de septiembre entre Godella y Foios, mientras que la carrera masculina tendr\u00e1 lugar los d\u00edas 6, 7 y 8 de septiembre con las etapas de Chiva, Cheste-Ayora y Moncada.<\/h3>\n\n\n\n<p>El Patio dels Scala de la Diputaci\u00f3 de Val\u00e8ncia ha acogido este martes la presentaci\u00f3n de la 14\u00aa edici\u00f3n de la Volta a Val\u00e8ncia, que este a\u00f1o tiene como principal novedad la disputa, por primera vez, de una prueba ciclista femenina, la Volta a Val\u00e8ncia Women, que tendr\u00e1 lugar este jueves 5 de septiembre entre las localidades de Godella y Foios. Por su parte, la carrera masculina, plenamente consolidada como referente a nivel nacional dentro de la categor\u00eda \u00e9lite\/sub-23, mantiene sus tres etapas, que se celebrar\u00e1n los d\u00edas 6,7 y 8 de septiembre.<\/p>\n\n\n\n<p>En un acto que ha contado con la participaci\u00f3n del diputado de Deportes de la Diputaci\u00f3 de Val\u00e8ncia, Pedro Cuesta; el presidente de la Federaci\u00f3n de Ciclismo de la Comunitat Valenciana, Jos\u00e9 Enrique Guti\u00e9rrez; y la directora de la Volta a Val\u00e8ncia, G\u00e1dor Mart\u00edn; el presidente de la corporaci\u00f3n provincial, Vicent Momp\u00f3, ha destacado la relevancia que tiene la Volta a Val\u00e8ncia como lanzadera de futuros profesionales. \u201cAqu\u00ed se preparan las mejores candidatas y candidatos que aspiran a dominar el ciclismo mundial. Muchos de los actuales n\u00fameros uno bien saben lo que es coronar nuestros puertos m\u00e1s emblem\u00e1ticos\u201d, ha subrayado Momp\u00f3, que tambi\u00e9n ha felicitado a la organizaci\u00f3n \u201cpor apostar por el ciclismo femenino. Las mujeres vienen pedaleando con fuerza en los \u00faltimos a\u00f1os, demostrando que merecen un lugar destacado en nuestro calendario deportivo\u201d.<\/p>\n\n\n\n<p>El diputado de Deportes, Pedro Cuesta, ha resaltado, por su parte, el beneficio que tiene la disputa de una competici\u00f3n de esta magnitud para la provincia de Valencia, \u201cun gran escaparate para mostrar el potencial que tiene nuestra tierra. La Volta a\u00fana deporte y turismo, y nos brinda distintos tipos de oportunidades. Es una ocasi\u00f3n para los ciclistas que buscan dar el salto al profesionalismo y adem\u00e1s nos ayuda a mostrar la belleza y la versatilidad de nuestros municipios\u201d.<\/p>\n\n\n\n<p>La internacionalizaci\u00f3n de la Volta a Val\u00e8ncia contin\u00faa increment\u00e1ndose a\u00f1o tras a\u00f1o, con una mayor presencia tanto de equipos como de ciclistas extranjeros. En este sentido, el presidente de la Federaci\u00f3n de Ciclismo de la Comunitat Valenciana, Jos\u00e9 Enrique Guti\u00e9rrez, ha manifestado que \u201centre todos estamos trabajando para que esta competici\u00f3n sea un referente a nivel mundial, con la participaci\u00f3n de los mejores ciclistas de la categor\u00eda\u201d.<\/p>\n\n\n\n<p><strong>Recorrido y participaci\u00f3n<\/strong><\/p>\n\n\n\n<p>Durante el acto de presentaci\u00f3n se ha detallado el recorrido de las etapas que componen la Volta a Val\u00e8ncia de 2024, que este a\u00f1o pasar\u00e1 por un total de 20 municipios de la provincia. En lo referente al debut de la Volta a Val\u00e8ncia Women, las localidades de&nbsp;Godella&nbsp;como l\u00ednea de salida y Foios como l\u00ednea de meta, se convertir\u00e1n este jueves 5 de septiembre en el escenario de una prueba que tendr\u00e1 93 kil\u00f3metros de recorrido. Se dar\u00e1n dos vueltas al circuito central alrededor de N\u00e1quera, con sendos pasos de monta\u00f1a por Las Canteras y un esprint intermedio en el kil\u00f3metro 51 en la localidad. Posteriormente, las ciclistas se dirigir\u00e1n a&nbsp;Foios&nbsp;con el esprint intermedio de La Florida (km. 80) y la meta volante de Museros (km. 88) con el pelot\u00f3n ya preparado para la resoluci\u00f3n de la prueba en un final favorable.<\/p>\n\n\n\n<p>La directora de la prueba, G\u00e1dor Mart\u00edn, ha declarado que \u201cnuestro objetivo es que con el paso del tiempo la carrera femenina se vaya consolidando y se iguale en importancia a la masculina. Este a\u00f1o ya hemos logrado una gran presencia de medios de comunicaci\u00f3n para cubrir este evento, como es el caso de RTVE\u201d.<\/p>\n\n\n\n<p>La&nbsp;prueba masculina de la Volta a Val\u00e8ncia&nbsp;mantiene las tres jornadas para los ciclistas \u00e9lite y sub-23. La etapa inicial en&nbsp;Chiva&nbsp;ser\u00e1 una contrarreloj individual de 4\u20196 kil\u00f3metros que concluir\u00e1 en las rampas del castillo, adoquinado y con varias curvas cerradas, en horario vespertino para el disfrute de todos los aficionados. Un recorrido espectacular para especialistas que marcar\u00e1 tambi\u00e9n las primeras diferencias.<\/p>\n\n\n\n<p>La segunda jornada llevar\u00e1 al pelot\u00f3n desde&nbsp;Cheste&nbsp;hasta Ayora con 139 kil\u00f3metros de recorrido para la considerada como etapa reina. Tras superar la meta volante de Alborache (km. 21) la carrera encadena las ascensiones a Cuesta Roya (3\u00aa categor\u00eda) y Monte de la Cruz (2\u00aa categor\u00eda) en menos de 10 kil\u00f3metros, atravesando la localidad de Bu\u00f1ol en dos ocasiones. Tras un terreno complicado para disputar la segunda meta volante en Alborache (km. 55), la carretera se empina de manera constante hasta Venta Gaeta, el esprint especial del kil\u00f3metro 83. Despu\u00e9s de un descenso hacia Cofrentes, se subir\u00e1n dos ascensiones con Jalance (no puntuable, km. 125) y Zarra (puerto de 3\u00aa categor\u00eda) a tan solo 3 kil\u00f3metros de la meta en&nbsp;Ayora.<\/p>\n\n\n\n<p>El desenlace de la competici\u00f3n se vivir\u00e1 con la tercera etapa en&nbsp;Moncada. Ser\u00e1n 134 kil\u00f3metros con un circuito de 32 kil\u00f3metros aproximadamente en el que se disputar\u00e1n esprints especiales en Rocafort (km. 4 y 73) adem\u00e1s de metas volantes al paso por la meta de Moncada (km. 35 y 102). La velocidad, la complejidad del recorrido y la carretera ascendente hacia N\u00e1quera marcar\u00e1n al vencedor final de esta edici\u00f3n 2024.<\/p>\n\n\n\n<p>En cuanto a la participaci\u00f3n, 170 ciclistas procedentes de 14 nacionalidades diferentes afrontar\u00e1n la Volta Val\u00e8ncia \u00e9lite y sub-23 masculina. Del total de 23 equipos, destacan las tres escuadras extranjeras que consolidan el car\u00e1cter internacional de la prueba, con la presencia del conjunto italiano&nbsp;Campana, que ya ha competido en varias pruebas en Espa\u00f1a; la estructura&nbsp;Kamen Pazin&nbsp;de Croacia; as\u00ed como el equipo&nbsp;AVC Aix en Provence,&nbsp;defensor del t\u00edtulo de Adrien Maire el a\u00f1o pasado en la Volta Val\u00e8ncia.<\/p>\n\n\n\n<p>Entre los equipos nacionales, destacan los equipos filiales de conjuntos profesionales como el&nbsp;Equipo Cortizo,&nbsp;que lidera el r\u00e1nking de la temporada 2024 con m\u00e1s de 30 victorias, y promociona a sus talentos al Burgos BH; el&nbsp;Caja Rural ALEA&nbsp;de Caja Rural Seguros RGA o el&nbsp;Team Polti Kometa&nbsp;que el a\u00f1o pasado gan\u00f3 la etapa final en Ayora. Tambi\u00e9n estar\u00e1 en la l\u00ednea de salida el&nbsp;Illes Balears Arabay&nbsp;que subi\u00f3 al p\u00f3dium en 2023 con el ahora profesional Edgar Curto.<\/p>\n","protected":false},"excerpt":{"rendered":"<div class=\"mh-excerpt\">La Diputaci\u00f3 de Val\u00e8ncia acoge la presentaci\u00f3n de la 14\u00aa edici\u00f3n de la ronda ciclista valenciana, una de las carreras m\u00e1s importantes a nivel nacional en la categor\u00eda \u00e9lite\/sub-23. La prueba femenina debuta este jueves <a class=\"mh-excerpt-more\" href=\"https:\/\/www.tucomarca.com\/wordpress\/segunda\/la-volta-a-valencia-presenta-una-nueva-edicion-estrenando-prueba-femenina\/\" title=\"La Volta a Val\u00e8ncia presenta una nueva edici\u00f3n estrenando prueba femenina\">[+] <\/a><\/div>\n","protected":false},"author":12,"featured_media":235745,"comment_status":"open","ping_status":"open","sticky":false,"template":"","format":"standard","meta":{"footnotes":""},"categories":[39,38,17,16,173,6,8,10,3,45],"tags":[10391,10540,339,10384,402,10379,3677,5952,18824],"class_list":{"0":"post-235744","1":"post","2":"type-post","3":"status-publish","4":"format-standard","5":"has-post-thumbnail","7":"category-ayora","8":"category-ayora-cofrentes","9":"category-cheste","10":"category-chiva","11":"category-ciclismo","12":"category-deportes","13":"category-la-comarca","14":"category-la-hoya","15":"category-seccion","16":"category-ventana","17":"tag-ayora","18":"tag-ayora-cofrentes","19":"tag-cheste-2","20":"tag-chiva","21":"tag-ciclismo-2","22":"tag-deportes","23":"tag-diputacio-de-valencia","24":"tag-la-hoya-de-bunol-chiva","25":"tag-vicent-mompo"},"_links":{"self":[{"href":"https:\/\/www.tucomarca.com\/wordpress\/segunda\/wp-json\/wp\/v2\/posts\/235744","targetHints":{"allow":["GET"]}}],"collection":[{"href":"https:\/\/www.tucomarca.com\/wordpress\/segunda\/wp-json\/wp\/v2\/posts"}],"about":[{"href":"https:\/\/www.tucomarca.com\/wordpress\/segunda\/wp-json\/wp\/v2\/types\/post"}],"author":[{"embeddable":true,"href":"https:\/\/www.tucomarca.com\/wordpress\/segunda\/wp-json\/wp\/v2\/users\/12"}],"replies":[{"embeddable":true,"href":"https:\/\/www.tucomarca.com\/wordpress\/segunda\/wp-json\/wp\/v2\/comments?post=235744"}],"version-history":[{"count":0,"href":"https:\/\/www.tucomarca.com\/wordpress\/segunda\/wp-json\/wp\/v2\/posts\/235744\/revisions"}],"wp:featuredmedia":[{"embeddable":true,"href":"https:\/\/www.tucomarca.com\/wordpress\/segunda\/wp-json\/wp\/v2\/media\/235745"}],"wp:attachment":[{"href":"https:\/\/www.tucomarca.com\/wordpress\/segunda\/wp-json\/wp\/v2\/media?parent=235744"}],"wp:term":[{"taxonomy":"category","embeddable":true,"href":"https:\/\/www.tucomarca.com\/wordpress\/segunda\/wp-json\/wp\/v2\/categories?post=235744"},{"taxonomy":"post_tag","embeddable":true,"href":"https:\/\/www.tucomarca.com\/wordpress\/segunda\/wp-json\/wp\/v2\/tags?post=235744"}],"curies":[{"name":"wp","href":"https:\/\/api.w.org\/{rel}","templated":true}]}}