{"id":235797,"date":"2024-09-04T10:00:00","date_gmt":"2024-09-04T08:00:00","guid":{"rendered":"https:\/\/www.tucomarca.com\/wordpress\/segunda\/?p=235797"},"modified":"2024-09-04T17:22:51","modified_gmt":"2024-09-04T15:22:51","slug":"benaguasil-felicita-a-su-vecino-mas-longevo-ramon-barea-que-cumple-cien-anos","status":"publish","type":"post","link":"https:\/\/www.tucomarca.com\/wordpress\/segunda\/benaguasil-felicita-a-su-vecino-mas-longevo-ramon-barea-que-cumple-cien-anos\/","title":{"rendered":"Benaguasil felicita a su vecino m\u00e1s longevo, Ram\u00f3n Barea, que cumple cien a\u00f1os"},"content":{"rendered":"\n<h3 class=\"wp-block-heading\">El alcalde quiso felicitarlo personalmente por este hito.<\/h3>\n\n\n\n<h3 class=\"wp-block-heading\">Ram\u00f3n ha llegado a los 100 a\u00f1os de vida en plena forma f\u00edsica y mental.<\/h3>\n\n\n\n<p>El vecino de Benaguasil, Ram\u00f3n Barea Balaguer cumpli\u00f3 hace unos d\u00edas 100 a\u00f1os de edad. Y en esta efem\u00e9ride tan especial quiso felicitarlo personalmente el alcalde de Benaguasil, Ximo Segarra.<\/p>\n\n\n\n<p>En nombre de todo Benaguasil el primer edil le entreg\u00f3 a Ram\u00f3n su partida de nacimiento, adem\u00e1s de un ramo de flores, el escudo del municipio y un cuadro conmemorativo con motivo de su 100 cumplea\u00f1os, dese\u00e1ndole que cumpla muchos a\u00f1os m\u00e1s rodeado de sus seres queridos y con la excelente salud y el gran sentido del humor de los que goza en la actualidad.<\/p>\n\n\n\n<p>Ram\u00f3n Barea naci\u00f3 el 31 de agosto de 1924. Se ha dedicado durante su vida laboral a la agricultura y es padre de tres hijos, abuelo de 5 nietos y bisabuelo de 6 biznietos. A pesar de haber alcanzado un siglo de vida, Ram\u00f3n se encuentra bien de salud, manteniendo intactas sus facultades.<\/p>\n\n\n\n<p>Rodeado de su familia, amigos y seres queridos Ram\u00f3n ha celebrado su siglo de vida junto a los suyos en una gran fiesta de cumplea\u00f1os para festejar los 100 a\u00f1os de un hombre que actualmente es el abuelo m\u00e1s longevo de Benaguasil.<\/p>\n\n\n\n<figure class=\"wp-block-image size-large\"><img loading=\"lazy\" decoding=\"async\" width=\"1024\" height=\"683\" src=\"https:\/\/www.tucomarca.com\/wordpress\/segunda\/wp-content\/uploads\/2024\/09\/BenaguasilRamonBarea100_01-1024x683.jpg\" alt=\"\" class=\"wp-image-235802\" srcset=\"https:\/\/www.tucomarca.com\/wordpress\/segunda\/wp-content\/uploads\/2024\/09\/BenaguasilRamonBarea100_01-1024x683.jpg 1024w, https:\/\/www.tucomarca.com\/wordpress\/segunda\/wp-content\/uploads\/2024\/09\/BenaguasilRamonBarea100_01-300x200.jpg 300w, https:\/\/www.tucomarca.com\/wordpress\/segunda\/wp-content\/uploads\/2024\/09\/BenaguasilRamonBarea100_01-768x512.jpg 768w, https:\/\/www.tucomarca.com\/wordpress\/segunda\/wp-content\/uploads\/2024\/09\/BenaguasilRamonBarea100_01-1536x1024.jpg 1536w, https:\/\/www.tucomarca.com\/wordpress\/segunda\/wp-content\/uploads\/2024\/09\/BenaguasilRamonBarea100_01.jpg 1920w\" sizes=\"auto, (max-width: 1024px) 100vw, 1024px\" \/><\/figure>\n\n\n\n<figure class=\"wp-block-image size-large\"><img loading=\"lazy\" decoding=\"async\" width=\"1024\" height=\"866\" src=\"https:\/\/www.tucomarca.com\/wordpress\/segunda\/wp-content\/uploads\/2024\/09\/BenaguasilRamonBarea100_02-1024x866.jpg\" alt=\"\" class=\"wp-image-235804\" srcset=\"https:\/\/www.tucomarca.com\/wordpress\/segunda\/wp-content\/uploads\/2024\/09\/BenaguasilRamonBarea100_02-1024x866.jpg 1024w, https:\/\/www.tucomarca.com\/wordpress\/segunda\/wp-content\/uploads\/2024\/09\/BenaguasilRamonBarea100_02-300x254.jpg 300w, https:\/\/www.tucomarca.com\/wordpress\/segunda\/wp-content\/uploads\/2024\/09\/BenaguasilRamonBarea100_02-768x650.jpg 768w, https:\/\/www.tucomarca.com\/wordpress\/segunda\/wp-content\/uploads\/2024\/09\/BenaguasilRamonBarea100_02.jpg 1536w\" sizes=\"auto, (max-width: 1024px) 100vw, 1024px\" \/><\/figure>\n","protected":false},"excerpt":{"rendered":"<div class=\"mh-excerpt\">El alcalde quiso felicitarlo personalmente por este hito. Ram\u00f3n ha llegado a los 100 a\u00f1os de vida en plena forma f\u00edsica y mental. El vecino de Benaguasil, Ram\u00f3n Barea Balaguer cumpli\u00f3 hace unos d\u00edas 100 <a class=\"mh-excerpt-more\" href=\"https:\/\/www.tucomarca.com\/wordpress\/segunda\/benaguasil-felicita-a-su-vecino-mas-longevo-ramon-barea-que-cumple-cien-anos\/\" title=\"Benaguasil felicita a su vecino m\u00e1s longevo, Ram\u00f3n Barea, que cumple cien a\u00f1os\">[+] <\/a><\/div>\n","protected":false},"author":12,"featured_media":235800,"comment_status":"open","ping_status":"open","sticky":false,"template":"","format":"image","meta":{"footnotes":""},"categories":[172,46,8,3],"tags":[10429,10395,33],"class_list":{"0":"post-235797","1":"post","2":"type-post","3":"status-publish","4":"format-image","5":"has-post-thumbnail","7":"category-benaguasil","8":"category-camp-de-turia","9":"category-la-comarca","10":"category-seccion","11":"tag-benaguasil","12":"tag-camp-de-turia","13":"tag-sucesos","14":"post_format-post-format-image"},"_links":{"self":[{"href":"https:\/\/www.tucomarca.com\/wordpress\/segunda\/wp-json\/wp\/v2\/posts\/235797","targetHints":{"allow":["GET"]}}],"collection":[{"href":"https:\/\/www.tucomarca.com\/wordpress\/segunda\/wp-json\/wp\/v2\/posts"}],"about":[{"href":"https:\/\/www.tucomarca.com\/wordpress\/segunda\/wp-json\/wp\/v2\/types\/post"}],"author":[{"embeddable":true,"href":"https:\/\/www.tucomarca.com\/wordpress\/segunda\/wp-json\/wp\/v2\/users\/12"}],"replies":[{"embeddable":true,"href":"https:\/\/www.tucomarca.com\/wordpress\/segunda\/wp-json\/wp\/v2\/comments?post=235797"}],"version-history":[{"count":0,"href":"https:\/\/www.tucomarca.com\/wordpress\/segunda\/wp-json\/wp\/v2\/posts\/235797\/revisions"}],"wp:featuredmedia":[{"embeddable":true,"href":"https:\/\/www.tucomarca.com\/wordpress\/segunda\/wp-json\/wp\/v2\/media\/235800"}],"wp:attachment":[{"href":"https:\/\/www.tucomarca.com\/wordpress\/segunda\/wp-json\/wp\/v2\/media?parent=235797"}],"wp:term":[{"taxonomy":"category","embeddable":true,"href":"https:\/\/www.tucomarca.com\/wordpress\/segunda\/wp-json\/wp\/v2\/categories?post=235797"},{"taxonomy":"post_tag","embeddable":true,"href":"https:\/\/www.tucomarca.com\/wordpress\/segunda\/wp-json\/wp\/v2\/tags?post=235797"}],"curies":[{"name":"wp","href":"https:\/\/api.w.org\/{rel}","templated":true}]}}