{"id":235826,"date":"2024-09-05T12:00:00","date_gmt":"2024-09-05T10:00:00","guid":{"rendered":"https:\/\/www.tucomarca.com\/wordpress\/segunda\/?p=235826"},"modified":"2024-09-05T13:10:18","modified_gmt":"2024-09-05T11:10:18","slug":"la-diputacio-de-valencia-y-el-gremio-de-artistas-falleros-plantaran-monumentos-en-los-municipios-del-rincon-de-ademuz","status":"publish","type":"post","link":"https:\/\/www.tucomarca.com\/wordpress\/segunda\/la-diputacio-de-valencia-y-el-gremio-de-artistas-falleros-plantaran-monumentos-en-los-municipios-del-rincon-de-ademuz\/","title":{"rendered":"La Diputaci\u00f3 de Val\u00e8ncia y el Gremio de Artistas Falleros plantar\u00e1n monumentos en los municipios del Rinc\u00f3n de Ademuz"},"content":{"rendered":"\n<h3 class=\"wp-block-heading\">El nuevo convenio contempla una inversi\u00f3n de 300.000 euros de la corporaci\u00f3n que preside Vicent Momp\u00f3 para plantar fallas en 30 municipios sin tradici\u00f3n fallera de nueve comarcas valencianas.<\/h3>\n\n\n\n<h3 class=\"wp-block-heading\">Ademuz, Castielfabib, Casas Altas, Casas Bajas, Torrebaja y Vallanca, en el Rinc\u00f3n, y Dome\u00f1o, en la Serran\u00eda, tendr\u00e1n sus fallas. La idea es \u201cacercar el arte y la tradici\u00f3n fallera a todos los rincones de la provincia\u201d.<\/h3>\n\n\n\n<p>Seis de los siete municipios del Rinc\u00f3n de Ademuz plantar\u00e1n monumentos entre los meses de septiembre y noviembre gracias a la colaboraci\u00f3n entre la Diputaci\u00f3 de Val\u00e8ncia y el Gremio de Artistas Falleros para difundir el arte y la tradici\u00f3n entre los municipios menos acostumbrados a esta fiesta. Ademuz, Castielfabib, Casas Altas, Casas Bajas, Torrebaja y Vallanca, en el Rinc\u00f3n, y Dome\u00f1o, en la Serran\u00eda, disfrutar\u00e1n este a\u00f1o de las Fallas.<\/p>\n\n\n\n<p>Precisamente el municipio de Castielfabib estrena la ruta fallera de la Diputaci\u00f3 por las comarcas valencianas. La falla plantada por Fran Tarazona es el primero de los 30 monumentos que la corporaci\u00f3n provincial y el Gremio plantar\u00e1n en otros tantos municipios sin tradici\u00f3n o con escasa actividad fallera, en el marco de las ayudas que la Diputaci\u00f3n que preside Vicent Momp\u00f3 viene concediendo a distintos sectores tradicionales vinculados a las fiestas.<\/p>\n\n\n\n<p>La subvenci\u00f3n alcanza los 300.000 euros y se traduce en la iniciativa del Gremio de plantar fallas en pueblos de nueve comarcas valencianas, la mayor parte durante el mes de octubre. Los m\u00e1s madrugadores ser\u00e1n, adem\u00e1s de Castielfabib, Torrebaja, Alfarp y L\u2019\u00c8nova, que plantar\u00e1n sus monumentos a finales de este mes. El presidente Momp\u00f3 considera que las fiestas \u201cson parte de nuestras se\u00f1as de identidad y, como tales, seguiremos contribuyendo a su difusi\u00f3n\u201d.<\/p>\n\n\n\n<p>Vicent Momp\u00f3 destaca \u201cel trabajo que realizan estos sectores tradicionales, a los que la Diputaci\u00f3n apoy\u00f3 especialmente en tiempos de pandemia y con los que hemos prolongado la colaboraci\u00f3n como parte importante que son de nuestro tejido productivo\u201d. \u201cLa iniciativa del Gremio de Artistas Falleros, al igual que la de los pirot\u00e9cnicos, ha funcionado muy bien en estos \u00faltimos a\u00f1os, acercando el arte y la tradici\u00f3n fallera a rincones de la provincia, especialmente del interior, que no ten\u00edan ese contacto con la fiesta, y por eso mantenemos el proyecto para llegar a m\u00e1s municipios\u201d, a\u00f1ade Momp\u00f3.<\/p>\n\n\n\n<p>La mayor parte de los monumentos se plantar\u00e1n en octubre, coincidiendo con la celebraci\u00f3n del D\u00eda de la Comunitat Valenciana, aunque en casos concretos, como Alfarras\u00ed, Benig\u00e0nim, Jarafuel, Navarr\u00e9s, R\u00e0fol de Salem y Villargordo del Cabriel esperar\u00e1n a noviembre. El \u00faltimo municipio en plantar ser\u00e1 Zarra durante el puente de diciembre.<\/p>\n\n\n\n<p><strong>30 pueblos de nueve comarcas<\/strong><\/p>\n\n\n\n<p>La quinta colaboraci\u00f3n consecutiva entre el Gremio y la Diputaci\u00f3n se plasma en la creaci\u00f3n de 30 monumentos que se plantar\u00e1n en Aielo de Rugat, Alfarras\u00ed, Benicolet, Benisuera, Benissoda, Montaverner, Montitxelvo, Pinet, R\u00e0fol de Salem y Benig\u00e0nim (la Vall d\u2019Albaida); Ador, Benifl\u00e0, Castellonet de la Conquesta y Guardamar de la Safor (la Safor); Dome\u00f1o (la Serran\u00eda); Villargordo del Cabriel y Sinarcas (Plana Utiel-Requena); L\u2019\u00c8nova y Alfarp (la Ribera Alta); Quartell y Torres Torres (Camp de Morvedre); Jarafuel y Zarra (Valle de Ayora); y Navarr\u00e9s (la Canal).<\/p>\n\n\n\n<p>Una treintena de artistas, muchos de ellos j\u00f3venes que dan sus primeros pasos en el universo creativo de las fallas, participan en esta nueva colaboraci\u00f3n de la Diputaci\u00f3n y el Gremio que se traducir\u00e1 en la plant\u00e0 de monumentos en las calles de pueblos poco acostumbrados a disfrutar del arte fallero.<\/p>\n","protected":false},"excerpt":{"rendered":"<div class=\"mh-excerpt\">El nuevo convenio contempla una inversi\u00f3n de 300.000 euros de la corporaci\u00f3n que preside Vicent Momp\u00f3 para plantar fallas en 30 municipios sin tradici\u00f3n fallera de nueve comarcas valencianas. Ademuz, Castielfabib, Casas Altas, Casas Bajas, <a class=\"mh-excerpt-more\" href=\"https:\/\/www.tucomarca.com\/wordpress\/segunda\/la-diputacio-de-valencia-y-el-gremio-de-artistas-falleros-plantaran-monumentos-en-los-municipios-del-rincon-de-ademuz\/\" title=\"La Diputaci\u00f3 de Val\u00e8ncia y el Gremio de Artistas Falleros plantar\u00e1n monumentos en los municipios del Rinc\u00f3n de Ademuz\">[+] <\/a><\/div>\n","protected":false},"author":12,"featured_media":235829,"comment_status":"open","ping_status":"open","sticky":false,"template":"","format":"standard","meta":{"footnotes":""},"categories":[49,223,224,225,226,187,128,8,59,142,3,228,229,45],"tags":[10397,10472,10451,17520,10441,20938,10400,10587,18253,18824],"class_list":{"0":"post-235826","1":"post","2":"type-post","3":"status-publish","4":"format-standard","5":"has-post-thumbnail","7":"category-ademuz","8":"category-ademuz-ademuz","9":"category-casas-altas","10":"category-casas-bajas","11":"category-castielfabib","12":"category-domeno","13":"category-infraestructuras","14":"category-la-comarca","15":"category-los-serranos","16":"category-politica-la-comarca","17":"category-seccion","18":"category-torrebaja","19":"category-vallanca","20":"category-ventana","21":"tag-ademuz","22":"tag-casas-altas","23":"tag-casas-bajas","24":"tag-castielfabib","25":"tag-domeno","26":"tag-la-diputacio-de-valencia","27":"tag-los-serranos","28":"tag-torrebaja","29":"tag-vallanca","30":"tag-vicent-mompo"},"_links":{"self":[{"href":"https:\/\/www.tucomarca.com\/wordpress\/segunda\/wp-json\/wp\/v2\/posts\/235826","targetHints":{"allow":["GET"]}}],"collection":[{"href":"https:\/\/www.tucomarca.com\/wordpress\/segunda\/wp-json\/wp\/v2\/posts"}],"about":[{"href":"https:\/\/www.tucomarca.com\/wordpress\/segunda\/wp-json\/wp\/v2\/types\/post"}],"author":[{"embeddable":true,"href":"https:\/\/www.tucomarca.com\/wordpress\/segunda\/wp-json\/wp\/v2\/users\/12"}],"replies":[{"embeddable":true,"href":"https:\/\/www.tucomarca.com\/wordpress\/segunda\/wp-json\/wp\/v2\/comments?post=235826"}],"version-history":[{"count":0,"href":"https:\/\/www.tucomarca.com\/wordpress\/segunda\/wp-json\/wp\/v2\/posts\/235826\/revisions"}],"wp:featuredmedia":[{"embeddable":true,"href":"https:\/\/www.tucomarca.com\/wordpress\/segunda\/wp-json\/wp\/v2\/media\/235829"}],"wp:attachment":[{"href":"https:\/\/www.tucomarca.com\/wordpress\/segunda\/wp-json\/wp\/v2\/media?parent=235826"}],"wp:term":[{"taxonomy":"category","embeddable":true,"href":"https:\/\/www.tucomarca.com\/wordpress\/segunda\/wp-json\/wp\/v2\/categories?post=235826"},{"taxonomy":"post_tag","embeddable":true,"href":"https:\/\/www.tucomarca.com\/wordpress\/segunda\/wp-json\/wp\/v2\/tags?post=235826"}],"curies":[{"name":"wp","href":"https:\/\/api.w.org\/{rel}","templated":true}]}}