{"id":235966,"date":"2024-09-06T08:57:00","date_gmt":"2024-09-06T06:57:00","guid":{"rendered":"https:\/\/www.tucomarca.com\/wordpress\/segunda\/?p=235966"},"modified":"2024-09-06T19:44:38","modified_gmt":"2024-09-06T17:44:38","slug":"el-institut-valencia-de-cultura-y-berklee-valencia-presentan-sus-nuevos-cursos-para-bandas-sinfonicas","status":"publish","type":"post","link":"https:\/\/www.tucomarca.com\/wordpress\/segunda\/el-institut-valencia-de-cultura-y-berklee-valencia-presentan-sus-nuevos-cursos-para-bandas-sinfonicas\/","title":{"rendered":"El Institut Valenci\u00e0 de Cultura y Berklee Valencia presentan sus nuevos cursos para bandas sinf\u00f3nicas"},"content":{"rendered":"\n<h3 class=\"wp-block-heading\">Los cursos de interpretaci\u00f3n, arreglos y direcci\u00f3n para bandas sinf\u00f3nicas tendr\u00e1n lugar los s\u00e1bados entre el 21 de septiembre y el 9 de noviembre.<\/h3>\n\n\n\n<h3 class=\"wp-block-heading\">Los cursos, ofrecidos por el IVC y Berklee, se destinan exclusivamente a los miembros de las sociedades musicales federadas en la FSMCV.<\/h3>\n\n\n\n<p>El Institut Valenci\u00e0 de Cultura y Berklee Valencia renuevan, un a\u00f1o m\u00e1s, su convenio de colaboraci\u00f3n para la integraci\u00f3n de las sociedades musicales de la Comunitat Valenciana en los cursos de Berklee en Val\u00e8ncia.<\/p>\n\n\n\n<p>En la oferta formativa para 2024, se incluyen tres cursos en espa\u00f1ol en interpretaci\u00f3n, arreglos y direcci\u00f3n. Los cursos, destinados exclusivamente a los miembros de las sociedades musicales federadas en la FSMCV, son gratuitos, sin coste de matr\u00edcula.<\/p>\n\n\n\n<p>Los distintos programas se impartir\u00e1n los s\u00e1bados en formato presencial en las instalaciones de Berklee Valencia, entre el 21 de septiembre y el 9 de noviembre, con dos modalidades: activo y oyente.<\/p>\n\n\n\n<p>Las modalidades de direcci\u00f3n y de arreglos y composici\u00f3n dispondr\u00e1n de 8 plazas activas por especialidad, el resto de alumnos participar\u00e1n como oyentes. En el caso del programa de interpretaci\u00f3n todos los inscritos participar\u00e1n de forma activa. En el momento de la inscripci\u00f3n, que puede realizarse a trav\u00e9s de la web de Berklee Valencia, se deber\u00e1 rellenar el formulario de la modalidad de preferencia.<\/p>\n\n\n\n<p>Este a\u00f1o, como novedad, se incluye la modalidad de interpretaci\u00f3n que permitir\u00e1 a los admitidos participar en sesiones grupales con m\u00fasicos y profesores del campus de Berklee en Val\u00e8ncia, as\u00ed como recibir formaci\u00f3n en m\u00fasica moderna y asistir como int\u00e9rprete a las pr\u00e1cticas del alumnado de composici\u00f3n.<\/p>\n\n\n\n<p>Adem\u00e1s, el curso pondr\u00e1 el broche final con un concierto el 9 de noviembre a las 19.00 horas en el Teatre Mart\u00edn i Soler de les Arts, en el que colaborar\u00e1n estudiantes de las tres especialidades.<\/p>\n\n\n\n<p>Este curso contar\u00e1 con los profesores de Berklee Valencia Daniel Flors, Enrique Hernandis, Sergio Jim\u00e9nez Lacima, Timotej Kotnik, Sergio Mart\u00ednez, Federico Nathan, Vicente Ortiz Gimeno y Mariano Steimberg as\u00ed como con el director y catedr\u00e1tico de composici\u00f3n en el Conservatori Superior de M\u00fasica Joaqu\u00edn Rodrigo de Val\u00e8ncia Andr\u00e9s Valero, o el director de La Societat Musical L\u2019Alian\u00e7a de Mutxamel, del Centre Art\u00edstic Cultural Verge de la Pau d\u2019Agost y de la Uni\u00f3 Musical de Polop de la Marina, Jos\u00e9 Vicente Algado, entre otros.<\/p>\n\n\n\n<p>El plazo de presentaci\u00f3n de solicitudes est\u00e1 abierto hasta las 23.59 horas del 10 de septiembre de 2024 en la web de&nbsp;<a href=\"http:\/\/valencia.berklee.edu\">Berklee Valencia<\/a>.<\/p>\n\n\n\n<p>Los alumnos seleccionados para formar parte del curso, tanto en la modalidad activa como de oyente, se comunicar\u00e1n el 13 de septiembre de 2024.<\/p>\n","protected":false},"excerpt":{"rendered":"<div class=\"mh-excerpt\">Los cursos de interpretaci\u00f3n, arreglos y direcci\u00f3n para bandas sinf\u00f3nicas tendr\u00e1n lugar los s\u00e1bados entre el 21 de septiembre y el 9 de noviembre. Los cursos, ofrecidos por el IVC y Berklee, se destinan exclusivamente <a class=\"mh-excerpt-more\" href=\"https:\/\/www.tucomarca.com\/wordpress\/segunda\/el-institut-valencia-de-cultura-y-berklee-valencia-presentan-sus-nuevos-cursos-para-bandas-sinfonicas\/\" title=\"El Institut Valenci\u00e0 de Cultura y Berklee Valencia presentan sus nuevos cursos para bandas sinf\u00f3nicas\">[+] <\/a><\/div>\n","protected":false},"author":12,"featured_media":235967,"comment_status":"open","ping_status":"open","sticky":false,"template":"","format":"standard","meta":{"footnotes":""},"categories":[66,72,7,3],"tags":[13272,17757,2142,15855],"class_list":{"0":"post-235966","1":"post","2":"type-post","3":"status-publish","4":"format-standard","5":"has-post-thumbnail","7":"category-musica","8":"category-sin-categorizar","9":"category-ocio-y-cultura","10":"category-seccion","11":"tag-institut-valencia-de-cultura","12":"tag-ivc","13":"tag-la-comunitat","14":"tag-ocio-y-cultura"},"_links":{"self":[{"href":"https:\/\/www.tucomarca.com\/wordpress\/segunda\/wp-json\/wp\/v2\/posts\/235966","targetHints":{"allow":["GET"]}}],"collection":[{"href":"https:\/\/www.tucomarca.com\/wordpress\/segunda\/wp-json\/wp\/v2\/posts"}],"about":[{"href":"https:\/\/www.tucomarca.com\/wordpress\/segunda\/wp-json\/wp\/v2\/types\/post"}],"author":[{"embeddable":true,"href":"https:\/\/www.tucomarca.com\/wordpress\/segunda\/wp-json\/wp\/v2\/users\/12"}],"replies":[{"embeddable":true,"href":"https:\/\/www.tucomarca.com\/wordpress\/segunda\/wp-json\/wp\/v2\/comments?post=235966"}],"version-history":[{"count":0,"href":"https:\/\/www.tucomarca.com\/wordpress\/segunda\/wp-json\/wp\/v2\/posts\/235966\/revisions"}],"wp:featuredmedia":[{"embeddable":true,"href":"https:\/\/www.tucomarca.com\/wordpress\/segunda\/wp-json\/wp\/v2\/media\/235967"}],"wp:attachment":[{"href":"https:\/\/www.tucomarca.com\/wordpress\/segunda\/wp-json\/wp\/v2\/media?parent=235966"}],"wp:term":[{"taxonomy":"category","embeddable":true,"href":"https:\/\/www.tucomarca.com\/wordpress\/segunda\/wp-json\/wp\/v2\/categories?post=235966"},{"taxonomy":"post_tag","embeddable":true,"href":"https:\/\/www.tucomarca.com\/wordpress\/segunda\/wp-json\/wp\/v2\/tags?post=235966"}],"curies":[{"name":"wp","href":"https:\/\/api.w.org\/{rel}","templated":true}]}}