{"id":236271,"date":"2024-09-10T09:30:00","date_gmt":"2024-09-10T07:30:00","guid":{"rendered":"https:\/\/www.tucomarca.com\/wordpress\/segunda\/?p=236271"},"modified":"2024-09-10T14:49:31","modified_gmt":"2024-09-10T12:49:31","slug":"la-concejalia-de-cultura-del-ayuntamiento-de-cheste-presenta-la-programacion-de-la-temporada-2024-2025","status":"publish","type":"post","link":"https:\/\/www.tucomarca.com\/wordpress\/segunda\/la-concejalia-de-cultura-del-ayuntamiento-de-cheste-presenta-la-programacion-de-la-temporada-2024-2025\/","title":{"rendered":"La concejal\u00eda de Cultura del Ayuntamiento de Cheste presenta la programaci\u00f3n de la temporada 2024-2025"},"content":{"rendered":"\n<p>La agenda cultural de la nueva temporada 2024-2025 ya est\u00e1 disponible para la ciudadan\u00eda en formato f\u00edsico, en diferentes puntos de la localidad, y en digital, en la web municipal cheste.es. Las personas interesadas ya pueden acudir a recoger su ejemplar en las oficinas del Ayuntamiento, en la biblioteca municipal, el centro de Formaci\u00f3n de Personas Adultas, en el teatro Liceo, en los quioscos, en la oficina de Turismo y el Sal\u00f3n de T\u00e9 Verdi.<\/p>\n\n\n<div class=\"wp-block-image\">\n<figure class=\"alignleft size-large is-resized\"><img loading=\"lazy\" decoding=\"async\" width=\"755\" height=\"1024\" src=\"https:\/\/www.tucomarca.com\/wordpress\/segunda\/wp-content\/uploads\/2024\/09\/ChesteAgenda24-25-755x1024.jpg\" alt=\"\" class=\"wp-image-236320\" style=\"width:417px;height:auto\" srcset=\"https:\/\/www.tucomarca.com\/wordpress\/segunda\/wp-content\/uploads\/2024\/09\/ChesteAgenda24-25-755x1024.jpg 755w, https:\/\/www.tucomarca.com\/wordpress\/segunda\/wp-content\/uploads\/2024\/09\/ChesteAgenda24-25-221x300.jpg 221w, https:\/\/www.tucomarca.com\/wordpress\/segunda\/wp-content\/uploads\/2024\/09\/ChesteAgenda24-25-768x1042.jpg 768w, https:\/\/www.tucomarca.com\/wordpress\/segunda\/wp-content\/uploads\/2024\/09\/ChesteAgenda24-25.jpg 886w\" sizes=\"auto, (max-width: 755px) 100vw, 755px\" \/><\/figure>\n<\/div>\n\n\n<p>\u201cUna temporada m\u00e1s hemos trabajado para ofrecer una programaci\u00f3n cultural llena de propuestas de todas las disciplinas art\u00edsticas y para diferentes edades, gustos y sensibilidades\u201d, ha declarado la concejala de Cultura, M\u00aa \u00c1ngeles Llorente. \u201cEsperamos que la poblaci\u00f3n pueda encontrar en esta agenda m\u00faltiples posibilidades para hacer una pausa en los quehaceres cotidianos, que les facilite vivir momentos especiales y relativizar preocupaciones, ya que eso es lo que busca la Cultura, romper la monoton\u00eda y remover el alma en una b\u00fasqueda incesante de momentos de bienestar, placer y felicidad\u201d.<\/p>\n\n\n\n<p>Bajo el lema \u201cExplosi\u00f3n cultural\u00bb, la programaci\u00f3n contempla, un a\u00f1o m\u00e1s, las actividades y ciclos que se han desarrollado con \u00e9xito en otras temporadas, como la Muestra de teatro no profesional, El Festival de Arte Urbano Graffitea Cheste, el cine de actualidad, la Feria del libro, M\u00fasica en Primavera, las Serenatas, el cinef\u00f3rum y el club de lectura; adem\u00e1s de nuevas actividades y espect\u00e1culos, programados puntualmente, e iniciativas novedosas, como el proyecto de divulgaci\u00f3n musical \u201cShhc\u00fachame\u201d, con el que se pretende ofrecer formaci\u00f3n musical a trav\u00e9s de un m\u00e9todo pedag\u00f3gico activo, din\u00e1mico y creativo, de la mano del profesor y director musical, Bernardo Mora-Fandos.<\/p>\n\n\n\n<p>La agenda tambi\u00e9n presenta actividades educativas promovidas por la concejal\u00eda de Educaci\u00f3n que han funcionado en los cursos pasados, como el teatro en ingl\u00e9s y en valenciano, los talleres de arte urbano, los de creaci\u00f3n literaria, enmarcados en el Certamen Literario; o El Gran juego del Ajedrez el mercadillo solidario, entre otras.<\/p>\n","protected":false},"excerpt":{"rendered":"<div class=\"mh-excerpt\">La agenda cultural de la nueva temporada 2024-2025 ya est\u00e1 disponible para la ciudadan\u00eda en formato f\u00edsico, en diferentes puntos de la localidad, y en digital, en la web municipal cheste.es. Las personas interesadas ya <a class=\"mh-excerpt-more\" href=\"https:\/\/www.tucomarca.com\/wordpress\/segunda\/la-concejalia-de-cultura-del-ayuntamiento-de-cheste-presenta-la-programacion-de-la-temporada-2024-2025\/\" title=\"La concejal\u00eda de Cultura del Ayuntamiento de Cheste presenta la programaci\u00f3n de la temporada 2024-2025\">[+] <\/a><\/div>\n","protected":false},"author":13,"featured_media":236320,"comment_status":"open","ping_status":"open","sticky":false,"template":"","format":"standard","meta":{"footnotes":""},"categories":[4,17,8,10,7,3],"tags":[339,5952,15855],"class_list":{"0":"post-236271","1":"post","2":"type-post","3":"status-publish","4":"format-standard","5":"has-post-thumbnail","7":"category-agenda","8":"category-cheste","9":"category-la-comarca","10":"category-la-hoya","11":"category-ocio-y-cultura","12":"category-seccion","13":"tag-cheste-2","14":"tag-la-hoya-de-bunol-chiva","15":"tag-ocio-y-cultura"},"_links":{"self":[{"href":"https:\/\/www.tucomarca.com\/wordpress\/segunda\/wp-json\/wp\/v2\/posts\/236271","targetHints":{"allow":["GET"]}}],"collection":[{"href":"https:\/\/www.tucomarca.com\/wordpress\/segunda\/wp-json\/wp\/v2\/posts"}],"about":[{"href":"https:\/\/www.tucomarca.com\/wordpress\/segunda\/wp-json\/wp\/v2\/types\/post"}],"author":[{"embeddable":true,"href":"https:\/\/www.tucomarca.com\/wordpress\/segunda\/wp-json\/wp\/v2\/users\/13"}],"replies":[{"embeddable":true,"href":"https:\/\/www.tucomarca.com\/wordpress\/segunda\/wp-json\/wp\/v2\/comments?post=236271"}],"version-history":[{"count":0,"href":"https:\/\/www.tucomarca.com\/wordpress\/segunda\/wp-json\/wp\/v2\/posts\/236271\/revisions"}],"wp:featuredmedia":[{"embeddable":true,"href":"https:\/\/www.tucomarca.com\/wordpress\/segunda\/wp-json\/wp\/v2\/media\/236320"}],"wp:attachment":[{"href":"https:\/\/www.tucomarca.com\/wordpress\/segunda\/wp-json\/wp\/v2\/media?parent=236271"}],"wp:term":[{"taxonomy":"category","embeddable":true,"href":"https:\/\/www.tucomarca.com\/wordpress\/segunda\/wp-json\/wp\/v2\/categories?post=236271"},{"taxonomy":"post_tag","embeddable":true,"href":"https:\/\/www.tucomarca.com\/wordpress\/segunda\/wp-json\/wp\/v2\/tags?post=236271"}],"curies":[{"name":"wp","href":"https:\/\/api.w.org\/{rel}","templated":true}]}}