{"id":23635,"date":"2014-02-27T12:02:21","date_gmt":"2014-02-27T09:02:21","guid":{"rendered":"http:\/\/www.tucomarca.com\/wordpress\/segunda\/?p=23635"},"modified":"2014-02-27T12:08:29","modified_gmt":"2014-02-27T09:08:29","slug":"andres-valero-es-el-elegido-por-%c2%abla-artistica%c2%bb-de-bunol-para-sustituir-a-henrie-adams-durante-su-excedencia","status":"publish","type":"post","link":"https:\/\/www.tucomarca.com\/wordpress\/segunda\/andres-valero-es-el-elegido-por-%c2%abla-artistica%c2%bb-de-bunol-para-sustituir-a-henrie-adams-durante-su-excedencia\/","title":{"rendered":"Andr\u00e9s Valero es el elegido por \u00abLa Art\u00edstica\u00bb de Bu\u00f1ol para sustituir a Henrie Adams durante su excedencia"},"content":{"rendered":"<p><figure id=\"attachment_23643\" aria-describedby=\"caption-attachment-23643\" style=\"width: 300px\" class=\"wp-caption alignleft\"><a href=\"https:\/\/www.tucomarca.com\/wordpress\/segunda\/?attachment_id=23643\" rel=\"attachment wp-att-23643\"><img loading=\"lazy\" decoding=\"async\" src=\"https:\/\/www.tucomarca.com\/wordpress\/segunda\/wp-content\/uploads\/2014\/02\/A.Valero-e1393492096172-300x210.jpg\" alt=\"\" title=\"A.Valero\" width=\"300\" height=\"210\" class=\"size-medium wp-image-23643\" srcset=\"https:\/\/www.tucomarca.com\/wordpress\/segunda\/wp-content\/uploads\/2014\/02\/A.Valero-e1393492096172-300x210.jpg 300w, https:\/\/www.tucomarca.com\/wordpress\/segunda\/wp-content\/uploads\/2014\/02\/A.Valero-e1393492096172.jpg 507w\" sizes=\"auto, (max-width: 300px) 100vw, 300px\" \/><\/a><figcaption id=\"caption-attachment-23643\" class=\"wp-caption-text\">Andr\u00e9s Valero. tc.c<\/figcaption><\/figure>Seg\u00fan adelant\u00f3 este semanario en su edici\u00f3n impresa, Andr\u00e9s Valero Castells, joven y talentoso director nacido Silla en el a\u00f1o 1973, ha sido el elegido por la junta directiva de la Sociedad Musical \u00abLa Art\u00edstica\u00bb de Bu\u00f1ol para dirigir a la Banda Sinf\u00f3nica durante los tres meses de excedencia de su titular, Henrie Adams.<br \/>\nEl presidente de la entidad, Guillermo Ayter, ha confirmado esta noticia tras la ratificaci\u00f3n por parte de los directivos consultados la pasada semana y tras comunicarlo a los m\u00fasicos a finales de la pasada semana.<br \/>\nAndr\u00e9s Valero es un reconocido compositor y director que ha trabajado en anteriores ocasiones con \u00abLa Art\u00edstica\u00bb, por lo que conoce perfectamente la idiosincrasia de la entidad bu\u00f1olense.<br \/>\nOtro de los aspectos a subrayar es la estrecha relaci\u00f3n que le une a Henrie Adams, por lo que conoce a la perfecci\u00f3n las posibilidades de una plantilla con la que va a tener la oportunidad de trabajar durante varios meses.<br \/>\nEn principio, Andr\u00e9s Valero protagonizar\u00e1 el concierto previsto en la Bienal de M\u00fasica, aunque no se descarta que pueda ofrecer otra actuaci\u00f3n m\u00e1s.<br \/>\n\u00abLa decisi\u00f3n ha sido asumida con total normalidad por los m\u00fasicos, quienes comenzar\u00e1n a trabajar con el director a principios de mayo. A d\u00eda de hoy, todav\u00eda est\u00e1 por ver si Valero dar\u00e1 alg\u00fan concierto m\u00e1s al margen del previsto en la Bienal o si es otro el que protagoniza el que est\u00e1 programado para el d\u00eda de la presentaci\u00f3n de las Reinas, el 2 de agosto\u00bb, ha explicado el presidente de \u00abLos Feos\u00bb.<br \/>\nTal como anticip\u00f3 este semanario en su n\u00famero anterior, Henrie Adams s\u00ed que estar\u00e1 al frente de la Banda Sinf\u00f3nica durante el concierto \u00abMano a mano\u00bb previsto en el auditorio a mediados de agosto, una de las citas musicales m\u00e1s destacadas del a\u00f1o.<br \/>\nA la espera de que llegue el director elegido para sustituir provisionalmente a Henrie Adams, la agrupaci\u00f3n prepara el concierto programado para el pr\u00f3ximo 8 de marzo en el teatro Montecarlo y en el que compartir\u00e1 cartel con la Banda Sinf\u00f3nica Ateneo Musical de La Vila Joiosa.<\/p>\n","protected":false},"excerpt":{"rendered":"<div class=\"mh-excerpt\">Seg\u00fan adelant\u00f3 este semanario en su edici\u00f3n impresa, Andr\u00e9s Valero Castells, joven y talentoso director nacido Silla en el a\u00f1o 1973, ha sido el elegido por la junta directiva de la Sociedad Musical \u00abLa Art\u00edstica\u00bb <a class=\"mh-excerpt-more\" href=\"https:\/\/www.tucomarca.com\/wordpress\/segunda\/andres-valero-es-el-elegido-por-%c2%abla-artistica%c2%bb-de-bunol-para-sustituir-a-henrie-adams-durante-su-excedencia\/\" title=\"Andr\u00e9s Valero es el elegido por \u00abLa Art\u00edstica\u00bb de Bu\u00f1ol para sustituir a Henrie Adams durante su excedencia\">[+] <\/a><\/div>\n","protected":false},"author":2,"featured_media":23643,"comment_status":"open","ping_status":"open","sticky":false,"template":"","format":"standard","meta":{"footnotes":""},"categories":[18,66,8,10,7,3],"tags":[3464,627,3463,3462,3465],"class_list":{"0":"post-23635","1":"post","2":"type-post","3":"status-publish","4":"format-standard","5":"has-post-thumbnail","7":"category-bunol","8":"category-musica","9":"category-la-comarca","10":"category-la-hoya","11":"category-ocio-y-cultura","12":"category-seccion","13":"tag-andres-valero","14":"tag-artistica","15":"tag-excedencia","16":"tag-henrie-adams","17":"tag-sustituto"},"_links":{"self":[{"href":"https:\/\/www.tucomarca.com\/wordpress\/segunda\/wp-json\/wp\/v2\/posts\/23635","targetHints":{"allow":["GET"]}}],"collection":[{"href":"https:\/\/www.tucomarca.com\/wordpress\/segunda\/wp-json\/wp\/v2\/posts"}],"about":[{"href":"https:\/\/www.tucomarca.com\/wordpress\/segunda\/wp-json\/wp\/v2\/types\/post"}],"author":[{"embeddable":true,"href":"https:\/\/www.tucomarca.com\/wordpress\/segunda\/wp-json\/wp\/v2\/users\/2"}],"replies":[{"embeddable":true,"href":"https:\/\/www.tucomarca.com\/wordpress\/segunda\/wp-json\/wp\/v2\/comments?post=23635"}],"version-history":[{"count":0,"href":"https:\/\/www.tucomarca.com\/wordpress\/segunda\/wp-json\/wp\/v2\/posts\/23635\/revisions"}],"wp:featuredmedia":[{"embeddable":true,"href":"https:\/\/www.tucomarca.com\/wordpress\/segunda\/wp-json\/wp\/v2\/media\/23643"}],"wp:attachment":[{"href":"https:\/\/www.tucomarca.com\/wordpress\/segunda\/wp-json\/wp\/v2\/media?parent=23635"}],"wp:term":[{"taxonomy":"category","embeddable":true,"href":"https:\/\/www.tucomarca.com\/wordpress\/segunda\/wp-json\/wp\/v2\/categories?post=23635"},{"taxonomy":"post_tag","embeddable":true,"href":"https:\/\/www.tucomarca.com\/wordpress\/segunda\/wp-json\/wp\/v2\/tags?post=23635"}],"curies":[{"name":"wp","href":"https:\/\/api.w.org\/{rel}","templated":true}]}}