{"id":236580,"date":"2024-09-12T10:07:00","date_gmt":"2024-09-12T08:07:00","guid":{"rendered":"https:\/\/www.tucomarca.com\/wordpress\/segunda\/?p=236580"},"modified":"2024-09-12T18:38:17","modified_gmt":"2024-09-12T16:38:17","slug":"la-directora-general-de-igualdad-y-la-secretaria-autonomica-de-la-generalitat-presentan-la-campana-corresponsabilidad-es-querer-en-bunol","status":"publish","type":"post","link":"https:\/\/www.tucomarca.com\/wordpress\/segunda\/la-directora-general-de-igualdad-y-la-secretaria-autonomica-de-la-generalitat-presentan-la-campana-corresponsabilidad-es-querer-en-bunol\/","title":{"rendered":"La Directora General de Igualdad y la Secretaria Auton\u00f3mica de la Generalitat presentan la Campa\u00f1a \u201cCorresponsabilidad es Querer\u201d en Bu\u00f1ol"},"content":{"rendered":"\n<h3 class=\"wp-block-heading\">En la Plaza de las Ventas se ha instalado una caravana y un peque\u00f1o decorado donde los vecinos de la localidad han participado activamente respondiendo a las preguntas de los t\u00e9cnicos de la Generalitat para conocer el grado de corresponsabilidad y conciliaci\u00f3n en el \u00e1mbito laboral y familiar tiene la poblaci\u00f3n.<\/h3>\n\n\n\n<p>Esta ma\u00f1ana la Directora General de Igualdad y del Instituto de las Mujeres, Davinia Bono, y la Secretaria Auton\u00f3mica de Igualdad y Diversidad, Asunci\u00f3n Quinz\u00e1, han visitado Bu\u00f1ol para presentar y arrancar aqu\u00ed la campa\u00f1a \u00abCorresponsabilidad es Querer\u00bb, puesta en marcha por primera vez por este ente auton\u00f3mico.<\/p>\n\n\n\n<p>Virginia Sanz, Alcaldesa de Bu\u00f1ol, y Luc\u00eda Villar, concejala de Infancia, Juventud y Mayores, han acompa\u00f1ado al personal de la Generalitat desplazado hasta Bu\u00f1ol para conocer de cerca la opini\u00f3n de la ciudadan\u00eda a trav\u00e9s de un peque\u00f1o decorado que simulaba el sof\u00e1 de un hogar y respondiendo unas simples preguntas conocer la corresponsabilidad de los vecinos en su \u00e1mbito familiar.<\/p>\n\n\n\n<p>Numerosas personas de diferentes edades han pasado por este observatorio, que analizar\u00e1 la visi\u00f3n de los vecinos de las diversas ciudades que van a visitar a lo largo de la Comunitat Valenciana hasta el mes pr\u00f3ximo sobre corresponsabilidad y conciliaci\u00f3n familiar y laboral. Esta campa\u00f1a es la primera vez que se pone en marcha por esta instituci\u00f3n auton\u00f3mica.<\/p>\n\n\n\n<figure class=\"wp-block-gallery has-nested-images columns-2 is-cropped wp-block-gallery-1 is-layout-flex wp-block-gallery-is-layout-flex\">\n<figure class=\"wp-block-image size-large\"><img loading=\"lazy\" decoding=\"async\" width=\"766\" height=\"1024\" data-id=\"236584\" src=\"https:\/\/www.tucomarca.com\/wordpress\/segunda\/wp-content\/uploads\/2024\/09\/BunolCorresponsabilidad02-766x1024.jpg\" alt=\"\" class=\"wp-image-236584\" srcset=\"https:\/\/www.tucomarca.com\/wordpress\/segunda\/wp-content\/uploads\/2024\/09\/BunolCorresponsabilidad02-766x1024.jpg 766w, https:\/\/www.tucomarca.com\/wordpress\/segunda\/wp-content\/uploads\/2024\/09\/BunolCorresponsabilidad02-224x300.jpg 224w, https:\/\/www.tucomarca.com\/wordpress\/segunda\/wp-content\/uploads\/2024\/09\/BunolCorresponsabilidad02-768x1027.jpg 768w, https:\/\/www.tucomarca.com\/wordpress\/segunda\/wp-content\/uploads\/2024\/09\/BunolCorresponsabilidad02-1149x1536.jpg 1149w, https:\/\/www.tucomarca.com\/wordpress\/segunda\/wp-content\/uploads\/2024\/09\/BunolCorresponsabilidad02.jpg 1496w\" sizes=\"auto, (max-width: 766px) 100vw, 766px\" \/><\/figure>\n\n\n\n<figure class=\"wp-block-image size-large\"><img loading=\"lazy\" decoding=\"async\" width=\"766\" height=\"1024\" data-id=\"236586\" src=\"https:\/\/www.tucomarca.com\/wordpress\/segunda\/wp-content\/uploads\/2024\/09\/BunolCorresponsabilidad03-766x1024.jpg\" alt=\"\" class=\"wp-image-236586\" srcset=\"https:\/\/www.tucomarca.com\/wordpress\/segunda\/wp-content\/uploads\/2024\/09\/BunolCorresponsabilidad03-766x1024.jpg 766w, https:\/\/www.tucomarca.com\/wordpress\/segunda\/wp-content\/uploads\/2024\/09\/BunolCorresponsabilidad03-224x300.jpg 224w, https:\/\/www.tucomarca.com\/wordpress\/segunda\/wp-content\/uploads\/2024\/09\/BunolCorresponsabilidad03-768x1027.jpg 768w, https:\/\/www.tucomarca.com\/wordpress\/segunda\/wp-content\/uploads\/2024\/09\/BunolCorresponsabilidad03-1149x1536.jpg 1149w, https:\/\/www.tucomarca.com\/wordpress\/segunda\/wp-content\/uploads\/2024\/09\/BunolCorresponsabilidad03.jpg 1496w\" sizes=\"auto, (max-width: 766px) 100vw, 766px\" \/><\/figure>\n\n\n\n<figure class=\"wp-block-image size-large\"><img loading=\"lazy\" decoding=\"async\" width=\"1024\" height=\"766\" data-id=\"236588\" src=\"https:\/\/www.tucomarca.com\/wordpress\/segunda\/wp-content\/uploads\/2024\/09\/BunolCorresponsabilidad04-1024x766.jpg\" alt=\"\" class=\"wp-image-236588\" srcset=\"https:\/\/www.tucomarca.com\/wordpress\/segunda\/wp-content\/uploads\/2024\/09\/BunolCorresponsabilidad04-1024x766.jpg 1024w, https:\/\/www.tucomarca.com\/wordpress\/segunda\/wp-content\/uploads\/2024\/09\/BunolCorresponsabilidad04-300x224.jpg 300w, https:\/\/www.tucomarca.com\/wordpress\/segunda\/wp-content\/uploads\/2024\/09\/BunolCorresponsabilidad04-768x574.jpg 768w, https:\/\/www.tucomarca.com\/wordpress\/segunda\/wp-content\/uploads\/2024\/09\/BunolCorresponsabilidad04-1536x1149.jpg 1536w, https:\/\/www.tucomarca.com\/wordpress\/segunda\/wp-content\/uploads\/2024\/09\/BunolCorresponsabilidad04-326x245.jpg 326w, https:\/\/www.tucomarca.com\/wordpress\/segunda\/wp-content\/uploads\/2024\/09\/BunolCorresponsabilidad04-80x60.jpg 80w, https:\/\/www.tucomarca.com\/wordpress\/segunda\/wp-content\/uploads\/2024\/09\/BunolCorresponsabilidad04.jpg 2000w\" sizes=\"auto, (max-width: 1024px) 100vw, 1024px\" \/><\/figure>\n\n\n\n<figure class=\"wp-block-image size-large\"><img loading=\"lazy\" decoding=\"async\" width=\"1024\" height=\"766\" data-id=\"236590\" src=\"https:\/\/www.tucomarca.com\/wordpress\/segunda\/wp-content\/uploads\/2024\/09\/BunolCorresponsabilidad05-1024x766.jpg\" alt=\"\" class=\"wp-image-236590\" srcset=\"https:\/\/www.tucomarca.com\/wordpress\/segunda\/wp-content\/uploads\/2024\/09\/BunolCorresponsabilidad05-1024x766.jpg 1024w, https:\/\/www.tucomarca.com\/wordpress\/segunda\/wp-content\/uploads\/2024\/09\/BunolCorresponsabilidad05-300x224.jpg 300w, https:\/\/www.tucomarca.com\/wordpress\/segunda\/wp-content\/uploads\/2024\/09\/BunolCorresponsabilidad05-768x574.jpg 768w, https:\/\/www.tucomarca.com\/wordpress\/segunda\/wp-content\/uploads\/2024\/09\/BunolCorresponsabilidad05-1536x1149.jpg 1536w, https:\/\/www.tucomarca.com\/wordpress\/segunda\/wp-content\/uploads\/2024\/09\/BunolCorresponsabilidad05-326x245.jpg 326w, https:\/\/www.tucomarca.com\/wordpress\/segunda\/wp-content\/uploads\/2024\/09\/BunolCorresponsabilidad05-80x60.jpg 80w, https:\/\/www.tucomarca.com\/wordpress\/segunda\/wp-content\/uploads\/2024\/09\/BunolCorresponsabilidad05.jpg 2000w\" sizes=\"auto, (max-width: 1024px) 100vw, 1024px\" \/><\/figure>\n\n\n\n<figure class=\"wp-block-image size-large\"><img loading=\"lazy\" decoding=\"async\" width=\"1024\" height=\"766\" data-id=\"236592\" src=\"https:\/\/www.tucomarca.com\/wordpress\/segunda\/wp-content\/uploads\/2024\/09\/BunolCorresponsabilidad06-1024x766.jpg\" alt=\"\" class=\"wp-image-236592\" srcset=\"https:\/\/www.tucomarca.com\/wordpress\/segunda\/wp-content\/uploads\/2024\/09\/BunolCorresponsabilidad06-1024x766.jpg 1024w, https:\/\/www.tucomarca.com\/wordpress\/segunda\/wp-content\/uploads\/2024\/09\/BunolCorresponsabilidad06-300x224.jpg 300w, https:\/\/www.tucomarca.com\/wordpress\/segunda\/wp-content\/uploads\/2024\/09\/BunolCorresponsabilidad06-768x574.jpg 768w, https:\/\/www.tucomarca.com\/wordpress\/segunda\/wp-content\/uploads\/2024\/09\/BunolCorresponsabilidad06-1536x1149.jpg 1536w, https:\/\/www.tucomarca.com\/wordpress\/segunda\/wp-content\/uploads\/2024\/09\/BunolCorresponsabilidad06-326x245.jpg 326w, https:\/\/www.tucomarca.com\/wordpress\/segunda\/wp-content\/uploads\/2024\/09\/BunolCorresponsabilidad06-80x60.jpg 80w, https:\/\/www.tucomarca.com\/wordpress\/segunda\/wp-content\/uploads\/2024\/09\/BunolCorresponsabilidad06.jpg 2000w\" sizes=\"auto, (max-width: 1024px) 100vw, 1024px\" \/><\/figure>\n\n\n\n<figure class=\"wp-block-image size-large\"><img loading=\"lazy\" decoding=\"async\" width=\"766\" height=\"1024\" data-id=\"236594\" src=\"https:\/\/www.tucomarca.com\/wordpress\/segunda\/wp-content\/uploads\/2024\/09\/BunolCorresponsabilidad07-766x1024.jpg\" alt=\"\" class=\"wp-image-236594\" srcset=\"https:\/\/www.tucomarca.com\/wordpress\/segunda\/wp-content\/uploads\/2024\/09\/BunolCorresponsabilidad07-766x1024.jpg 766w, https:\/\/www.tucomarca.com\/wordpress\/segunda\/wp-content\/uploads\/2024\/09\/BunolCorresponsabilidad07-224x300.jpg 224w, https:\/\/www.tucomarca.com\/wordpress\/segunda\/wp-content\/uploads\/2024\/09\/BunolCorresponsabilidad07-768x1027.jpg 768w, https:\/\/www.tucomarca.com\/wordpress\/segunda\/wp-content\/uploads\/2024\/09\/BunolCorresponsabilidad07-1149x1536.jpg 1149w, https:\/\/www.tucomarca.com\/wordpress\/segunda\/wp-content\/uploads\/2024\/09\/BunolCorresponsabilidad07.jpg 1496w\" sizes=\"auto, (max-width: 766px) 100vw, 766px\" \/><\/figure>\n<\/figure>\n","protected":false},"excerpt":{"rendered":"<div class=\"mh-excerpt\">En la Plaza de las Ventas se ha instalado una caravana y un peque\u00f1o decorado donde los vecinos de la localidad han participado activamente respondiendo a las preguntas de los t\u00e9cnicos de la Generalitat para <a class=\"mh-excerpt-more\" href=\"https:\/\/www.tucomarca.com\/wordpress\/segunda\/la-directora-general-de-igualdad-y-la-secretaria-autonomica-de-la-generalitat-presentan-la-campana-corresponsabilidad-es-querer-en-bunol\/\" title=\"La Directora General de Igualdad y la Secretaria Auton\u00f3mica de la Generalitat presentan la Campa\u00f1a \u201cCorresponsabilidad es Querer\u201d en Bu\u00f1ol\">[+] <\/a><\/div>\n","protected":false},"author":12,"featured_media":236582,"comment_status":"open","ping_status":"open","sticky":false,"template":"","format":"gallery","meta":{"footnotes":""},"categories":[18,128,8,10,142,3],"tags":[10385,21177,5952],"class_list":{"0":"post-236580","1":"post","2":"type-post","3":"status-publish","4":"format-gallery","5":"has-post-thumbnail","7":"category-bunol","8":"category-infraestructuras","9":"category-la-comarca","10":"category-la-hoya","11":"category-politica-la-comarca","12":"category-seccion","13":"tag-bunol","14":"tag-corresponsabilidad-es-querer","15":"tag-la-hoya-de-bunol-chiva","16":"post_format-post-format-gallery"},"_links":{"self":[{"href":"https:\/\/www.tucomarca.com\/wordpress\/segunda\/wp-json\/wp\/v2\/posts\/236580","targetHints":{"allow":["GET"]}}],"collection":[{"href":"https:\/\/www.tucomarca.com\/wordpress\/segunda\/wp-json\/wp\/v2\/posts"}],"about":[{"href":"https:\/\/www.tucomarca.com\/wordpress\/segunda\/wp-json\/wp\/v2\/types\/post"}],"author":[{"embeddable":true,"href":"https:\/\/www.tucomarca.com\/wordpress\/segunda\/wp-json\/wp\/v2\/users\/12"}],"replies":[{"embeddable":true,"href":"https:\/\/www.tucomarca.com\/wordpress\/segunda\/wp-json\/wp\/v2\/comments?post=236580"}],"version-history":[{"count":0,"href":"https:\/\/www.tucomarca.com\/wordpress\/segunda\/wp-json\/wp\/v2\/posts\/236580\/revisions"}],"wp:featuredmedia":[{"embeddable":true,"href":"https:\/\/www.tucomarca.com\/wordpress\/segunda\/wp-json\/wp\/v2\/media\/236582"}],"wp:attachment":[{"href":"https:\/\/www.tucomarca.com\/wordpress\/segunda\/wp-json\/wp\/v2\/media?parent=236580"}],"wp:term":[{"taxonomy":"category","embeddable":true,"href":"https:\/\/www.tucomarca.com\/wordpress\/segunda\/wp-json\/wp\/v2\/categories?post=236580"},{"taxonomy":"post_tag","embeddable":true,"href":"https:\/\/www.tucomarca.com\/wordpress\/segunda\/wp-json\/wp\/v2\/tags?post=236580"}],"curies":[{"name":"wp","href":"https:\/\/api.w.org\/{rel}","templated":true}]}}