{"id":23667,"date":"2014-02-27T21:19:25","date_gmt":"2014-02-27T18:19:25","guid":{"rendered":"http:\/\/www.tucomarca.com\/wordpress\/segunda\/?p=23667"},"modified":"2014-02-27T21:19:25","modified_gmt":"2014-02-27T18:19:25","slug":"el-ayuntamiento-de-benifaio-creara-una-partida-de-28-000-euros-en-su-presupuesto-prorrogado-para-ejecutar-un-plan-de-ocupacion","status":"publish","type":"post","link":"https:\/\/www.tucomarca.com\/wordpress\/segunda\/el-ayuntamiento-de-benifaio-creara-una-partida-de-28-000-euros-en-su-presupuesto-prorrogado-para-ejecutar-un-plan-de-ocupacion\/","title":{"rendered":"El Ayuntamiento de Benifai\u00f3 crear\u00e1 una partida de 28.000 euros en su presupuesto prorrogado para ejecutar un plan de ocupaci\u00f3n"},"content":{"rendered":"<p>El Ayuntamiento de Benifai\u00f3 continua trabajando con el presupuesto prorrogado de 2013 a la espera de llevar en un pr\u00f3ximo pleno la aprobaci\u00f3n del presupuesto de 2014.<br \/>\nEn la sesi\u00f3n plenaria del pasado martes el grupo socialista present\u00f3 una moci\u00f3n en la que se ped\u00eda al pleno \u201ccrear una partida de 28.000 euros en el presupuesto prorrogado para ofrecer trabajo a los vecinos\u201d se\u00f1al\u00f3 en su intervenci\u00f3n la portavoz Marta Ortiz.<br \/>\nEl texto destaca que la ejecuci\u00f3n de este plan \u201cse ha de llevar a cabo durante el primer semestre de 2014\u201d.<br \/>\nEl Ayuntamiento de Benifai\u00f3 se encuentra actualmente en un plan de ajuste por lo que para poder llevar a cabo este tipo de plan ha de estar justificada la necesidad del mismo por parte de la corporaci\u00f3n municipal. Todos los grupos pol\u00edticos respaldaron la moci\u00f3n presentada.<br \/>\nCabe recordar que con el Plan de Ocupaci\u00f3n de 2013 que ten\u00eda asignada una partida de 25.000 euros el consistorio llevo a cabo la pintura general del CEIP Santa B\u00e1rbara as\u00ed como la reparaci\u00f3n de algunas zonas del centro educativo. Con esta nueva partida para 2014 se pretende \u201cpintar i adecuar el CEIP Trull\u00e1s\u201d seg\u00fan se\u00f1ala el texto de la moci\u00f3n.<\/p>\n","protected":false},"excerpt":{"rendered":"<div class=\"mh-excerpt\">El Ayuntamiento de Benifai\u00f3 continua trabajando con el presupuesto prorrogado de 2013 a la espera de llevar en un pr\u00f3ximo pleno la aprobaci\u00f3n del presupuesto de 2014. En la sesi\u00f3n plenaria del pasado martes el <a class=\"mh-excerpt-more\" href=\"https:\/\/www.tucomarca.com\/wordpress\/segunda\/el-ayuntamiento-de-benifaio-creara-una-partida-de-28-000-euros-en-su-presupuesto-prorrogado-para-ejecutar-un-plan-de-ocupacion\/\" title=\"El Ayuntamiento de Benifai\u00f3 crear\u00e1 una partida de 28.000 euros en su presupuesto prorrogado para ejecutar un plan de ocupaci\u00f3n\">[+] <\/a><\/div>\n","protected":false},"author":2,"featured_media":0,"comment_status":"open","ping_status":"open","sticky":false,"template":"","format":"standard","meta":{"footnotes":""},"categories":[267,8,42,3],"tags":[10460,3474,265,3473],"class_list":{"0":"post-23667","1":"post","2":"type-post","3":"status-publish","4":"format-standard","6":"category-benifaio","7":"category-la-comarca","8":"category-la-ribera","9":"category-seccion","10":"tag-benifaio","11":"tag-plan-de-ocupacion","12":"tag-presupuesto","13":"tag-prorrogado"},"_links":{"self":[{"href":"https:\/\/www.tucomarca.com\/wordpress\/segunda\/wp-json\/wp\/v2\/posts\/23667","targetHints":{"allow":["GET"]}}],"collection":[{"href":"https:\/\/www.tucomarca.com\/wordpress\/segunda\/wp-json\/wp\/v2\/posts"}],"about":[{"href":"https:\/\/www.tucomarca.com\/wordpress\/segunda\/wp-json\/wp\/v2\/types\/post"}],"author":[{"embeddable":true,"href":"https:\/\/www.tucomarca.com\/wordpress\/segunda\/wp-json\/wp\/v2\/users\/2"}],"replies":[{"embeddable":true,"href":"https:\/\/www.tucomarca.com\/wordpress\/segunda\/wp-json\/wp\/v2\/comments?post=23667"}],"version-history":[{"count":0,"href":"https:\/\/www.tucomarca.com\/wordpress\/segunda\/wp-json\/wp\/v2\/posts\/23667\/revisions"}],"wp:attachment":[{"href":"https:\/\/www.tucomarca.com\/wordpress\/segunda\/wp-json\/wp\/v2\/media?parent=23667"}],"wp:term":[{"taxonomy":"category","embeddable":true,"href":"https:\/\/www.tucomarca.com\/wordpress\/segunda\/wp-json\/wp\/v2\/categories?post=23667"},{"taxonomy":"post_tag","embeddable":true,"href":"https:\/\/www.tucomarca.com\/wordpress\/segunda\/wp-json\/wp\/v2\/tags?post=23667"}],"curies":[{"name":"wp","href":"https:\/\/api.w.org\/{rel}","templated":true}]}}