{"id":23678,"date":"2014-02-27T21:17:05","date_gmt":"2014-02-27T18:17:05","guid":{"rendered":"http:\/\/www.tucomarca.com\/wordpress\/segunda\/?p=23678"},"modified":"2014-02-27T21:17:50","modified_gmt":"2014-02-27T18:17:50","slug":"jose-manuel-benito-se-hace-con-la-victoria-en-la-vi-marxa-btt-vila-de-turis","status":"publish","type":"post","link":"https:\/\/www.tucomarca.com\/wordpress\/segunda\/jose-manuel-benito-se-hace-con-la-victoria-en-la-vi-marxa-btt-vila-de-turis\/","title":{"rendered":"Jos\u00e9 Manuel Benito se hace con la victoria en la VI Marxa BTT Vila de Tur\u00eds"},"content":{"rendered":"<figure id=\"attachment_23679\" aria-describedby=\"caption-attachment-23679\" style=\"width: 300px\" class=\"wp-caption alignleft\"><a rel=\"attachment wp-att-23679\" href=\"https:\/\/www.tucomarca.com\/wordpress\/segunda\/?attachment_id=23679\"><img loading=\"lazy\" decoding=\"async\" class=\"size-medium wp-image-23679\" title=\"Turis\" src=\"https:\/\/www.tucomarca.com\/wordpress\/segunda\/wp-content\/uploads\/2014\/02\/Turis-300x225.jpg\" alt=\"\" width=\"300\" height=\"225\" srcset=\"https:\/\/www.tucomarca.com\/wordpress\/segunda\/wp-content\/uploads\/2014\/02\/Turis-300x225.jpg 300w, https:\/\/www.tucomarca.com\/wordpress\/segunda\/wp-content\/uploads\/2014\/02\/Turis-1024x768.jpg 1024w\" sizes=\"auto, (max-width: 300px) 100vw, 300px\" \/><\/a><figcaption id=\"caption-attachment-23679\" class=\"wp-caption-text\">Vencedores locales con la Alcaldesa, el concejal de Deportes y el presidente de Caixa Tur\u00eds<\/figcaption><\/figure>\n<p>Con un clima inmejorable los trescientos corredores que participaron en la VI Marxa BTT Vila de Tur\u00eds pudieron disfrutar de una estupenda jornada merced a un atractivo recorrido de cuarenta quil\u00f3metros por el t\u00e9rmino municipal que tambi\u00e9n discurri\u00f3 por Alborache y Godelleta. La Pe\u00f1a Ciclista de Tur\u00eds, con el apoyo del Ayuntamiento y la impagable labor de los voluntarios ha organizado un a\u00f1o m\u00e1s esta cita ineludible para los amantes de la bicicleta de monta\u00f1a.<br \/>\nJos\u00e9 Manuel Benito Cardo, del Calderona Bike, gan\u00f3 la prueba con un tiempo de 1:39:12. Con cuarenta segundos m\u00e1s lleg\u00f3 el turisano Fernando Gimeno Tatay, del Bikesport Chiva, convirti\u00e9ndose en el primer local. El tercero en finalizar la prueba fue Miguel Dom\u00e9nech Gil, tambi\u00e9n del Bikesport Chiva, con un tiempo de 1:40:05.<br \/>\nEl p\u00f3dium local se complet\u00f3 con Santi Nogueroles (2:02:46 ) y Jos\u00e9 Ignacio Oribe (2:05:04) mientras que el femenino estuvo protagonizado por Laura Garc\u00eda C\u00e1ceres, del Cult Bikes Specialized, con un tiempo de 2:15:18; su compa\u00f1era Ana Soler Calvo con un tiempo de 2:19:23; y Ana Aranda Ca\u00f1igueral, del Chela Bike Racin-Cultbikes, con un tiempo de 2:24:57.<br \/>\nLa clasificaci\u00f3n por categor\u00edas, que puede consultarse m\u00e1s detalladamente en la web cronok30.com, qued\u00f3 de la siguiente manera:<\/p>\n<p>&nbsp;<\/p>\n<p>M\u00e1ster 30<br \/>\nJos\u00e9 Manuel Benito<br \/>\nMiguel Dom\u00e9nech<br \/>\n\u00c1lvaro Garc\u00eda<\/p>\n<p>M\u00e1ster 40<br \/>\nFernando Gimeno<br \/>\nJos\u00e9 Antonio Ruiz<br \/>\nJuan jos\u00e9 Das\u00ed<\/p>\n<p>M\u00e1ster 50<br \/>\nPaolo Fiarni<br \/>\nLeandro Guerrero<br \/>\nVicent Bonaf\u00e9<\/p>\n<p>Veteranos<br \/>\nSamuel Igualada<\/p>\n<p>Promesa<br \/>\nC\u00e9sar Belenguer<br \/>\n\u00d3scar Fabregat<br \/>\nVicente Javier Vera<\/p>\n<p>\u00c9lite<br \/>\nPaco Ricart<br \/>\nFrancisco Alacreu<br \/>\nJavier Alacreu<\/p>\n<p>Cadete<br \/>\nJavi Bou<br \/>\nCarlos Garc\u00eda<br \/>\nRub\u00e9n Aparicio<\/p>\n","protected":false},"excerpt":{"rendered":"<div class=\"mh-excerpt\">Con un clima inmejorable los trescientos corredores que participaron en la VI Marxa BTT Vila de Tur\u00eds pudieron disfrutar de una estupenda jornada merced a un atractivo recorrido de cuarenta quil\u00f3metros por el t\u00e9rmino municipal <a class=\"mh-excerpt-more\" href=\"https:\/\/www.tucomarca.com\/wordpress\/segunda\/jose-manuel-benito-se-hace-con-la-victoria-en-la-vi-marxa-btt-vila-de-turis\/\" title=\"Jos\u00e9 Manuel Benito se hace con la victoria en la VI Marxa BTT Vila de Tur\u00eds\">[+] <\/a><\/div>\n","protected":false},"author":2,"featured_media":23679,"comment_status":"open","ping_status":"open","sticky":false,"template":"","format":"standard","meta":{"footnotes":""},"categories":[173,6,42,3,43,45],"tags":[3482,3481,3480,3272,10394],"class_list":{"0":"post-23678","1":"post","2":"type-post","3":"status-publish","4":"format-standard","5":"has-post-thumbnail","7":"category-ciclismo","8":"category-deportes","9":"category-la-ribera","10":"category-seccion","11":"category-turis","12":"category-ventana","13":"tag-350-bikers","14":"tag-exito-de-participacion","15":"tag-marxa-btt","16":"tag-organizacion","17":"tag-turis"},"_links":{"self":[{"href":"https:\/\/www.tucomarca.com\/wordpress\/segunda\/wp-json\/wp\/v2\/posts\/23678","targetHints":{"allow":["GET"]}}],"collection":[{"href":"https:\/\/www.tucomarca.com\/wordpress\/segunda\/wp-json\/wp\/v2\/posts"}],"about":[{"href":"https:\/\/www.tucomarca.com\/wordpress\/segunda\/wp-json\/wp\/v2\/types\/post"}],"author":[{"embeddable":true,"href":"https:\/\/www.tucomarca.com\/wordpress\/segunda\/wp-json\/wp\/v2\/users\/2"}],"replies":[{"embeddable":true,"href":"https:\/\/www.tucomarca.com\/wordpress\/segunda\/wp-json\/wp\/v2\/comments?post=23678"}],"version-history":[{"count":0,"href":"https:\/\/www.tucomarca.com\/wordpress\/segunda\/wp-json\/wp\/v2\/posts\/23678\/revisions"}],"wp:featuredmedia":[{"embeddable":true,"href":"https:\/\/www.tucomarca.com\/wordpress\/segunda\/wp-json\/wp\/v2\/media\/23679"}],"wp:attachment":[{"href":"https:\/\/www.tucomarca.com\/wordpress\/segunda\/wp-json\/wp\/v2\/media?parent=23678"}],"wp:term":[{"taxonomy":"category","embeddable":true,"href":"https:\/\/www.tucomarca.com\/wordpress\/segunda\/wp-json\/wp\/v2\/categories?post=23678"},{"taxonomy":"post_tag","embeddable":true,"href":"https:\/\/www.tucomarca.com\/wordpress\/segunda\/wp-json\/wp\/v2\/tags?post=23678"}],"curies":[{"name":"wp","href":"https:\/\/api.w.org\/{rel}","templated":true}]}}